{"id":1142,"date":"2020-09-18T10:49:59","date_gmt":"2020-09-18T10:49:59","guid":{"rendered":"http:\/\/botschafter-menschenrechte.de\/?p=1142"},"modified":"2020-09-18T10:49:59","modified_gmt":"2020-09-18T10:49:59","slug":"kinderrechte-ernst-nehmen","status":"publish","type":"post","link":"https:\/\/botschafter-menschenrechte.de\/?p=1142","title":{"rendered":"\u201eKinderrechte ernst nehmen\u201c"},"content":{"rendered":"\n<h2 class=\"wp-block-heading\">\u201eKinderrechte ernst nehmen\u201c<\/h2>\n\n\n\n<h4 class=\"wp-block-heading\">Kinderkommission zum Weltkindertag am 20. September 2020<\/h4>\n\n\n\n<p>Die Kinderkommission des Deutschen Bundestages teilt mit:<\/p>\n\n\n\n<p>Im Jahr 1954 empfahlen die Vereinten Nationen in der 9. Vollversammlung ihren Mitgliedsstaaten, einen weltweiten Tag f\u00fcr Kinder einzurichten. In Deutschland wurde daraufhin der 20. September als offizielles Datum f\u00fcr den Weltkindertag bestimmt.<\/p>\n\n\n\n<p>In diesem Jahr steht der Weltkindertag unter dem Motto \u201eKinderrechte schaffen Zukunft\u201c. Damit wollen das Deutsche Kinderhilfswerk und UNICEF Deutschland in den Fokus r\u00fccken, dass die Verwirklichung der Kinderrechte einen entscheidenden Beitrag f\u00fcr nachhaltige Entwicklung leistet.<\/p>\n\n\n\n<p>Die Kinderkommission des Deutschen Bundestages setzt sich seit mehr als 30 Jahren f\u00fcr die St\u00e4rkung der Kinderrechte ein. Der Vorsitzende der Kinderkommission, Norbert M\u00fcller, erkl\u00e4rt anl\u00e4sslich des Weltkindertags im Namen des Gremiums: \u201eWir m\u00fcssen Kinderrechte ernst nehmen und in unserem Land aber auch weltweit zur Verwirklichung der Kinderrechte bei-tragen. Denn Kinderrechte schaffen Zukunftsperspektiven. Wenn Kinder sich entfalten k\u00f6nnen, gute Lebensbedingungen haben, Zugang zu guter medizinischer Versorgung und zu Bildung genie\u00dfen, er\u00f6ffnet das nicht nur Chancen f\u00fcr die Kinder, sondern f\u00fcr eine Gesellschaft insgesamt. Wo Kinder von politischen und gesellschaftlichen Entscheidungen betroffen sind, muss ihr Wohl besondere Ber\u00fccksichtigung finden. Deshalb ist es eine gesamtgesellschaftliche Aufgabe, Kinderrechte nicht nur am Weltkindertag, sondern im Alltag ins Zentrum zu stellen.\u201c<br>&nbsp;<\/p>\n","protected":false},"excerpt":{"rendered":"<p>\u201eKinderrechte ernst nehmen\u201c Kinderkommission zum Weltkindertag am 20. September 2020 Die Kinderkommission des Deutschen Bundestages teilt mit: Im Jahr 1954 empfahlen die Vereinten Nationen in der 9. Vollversammlung ihren Mitgliedsstaaten, einen weltweiten Tag f\u00fcr Kinder einzurichten. In Deutschland wurde daraufhin der 20. September als offizielles Datum f\u00fcr den Weltkindertag bestimmt. In diesem Jahr steht der [&hellip;]<\/p>\n","protected":false},"author":1,"featured_media":0,"comment_status":"open","ping_status":"open","sticky":false,"template":"","format":"standard","meta":{"footnotes":""},"categories":[21],"tags":[],"class_list":["post-1142","post","type-post","status-publish","format-standard","hentry","category-menschenrechte"],"_links":{"self":[{"href":"https:\/\/botschafter-menschenrechte.de\/index.php?rest_route=\/wp\/v2\/posts\/1142","targetHints":{"allow":["GET"]}}],"collection":[{"href":"https:\/\/botschafter-menschenrechte.de\/index.php?rest_route=\/wp\/v2\/posts"}],"about":[{"href":"https:\/\/botschafter-menschenrechte.de\/index.php?rest_route=\/wp\/v2\/types\/post"}],"author":[{"embeddable":true,"href":"https:\/\/botschafter-menschenrechte.de\/index.php?rest_route=\/wp\/v2\/users\/1"}],"replies":[{"embeddable":true,"href":"https:\/\/botschafter-menschenrechte.de\/index.php?rest_route=%2Fwp%2Fv2%2Fcomments&post=1142"}],"version-history":[{"count":1,"href":"https:\/\/botschafter-menschenrechte.de\/index.php?rest_route=\/wp\/v2\/posts\/1142\/revisions"}],"predecessor-version":[{"id":1143,"href":"https:\/\/botschafter-menschenrechte.de\/index.php?rest_route=\/wp\/v2\/posts\/1142\/revisions\/1143"}],"wp:attachment":[{"href":"https:\/\/botschafter-menschenrechte.de\/index.php?rest_route=%2Fwp%2Fv2%2Fmedia&parent=1142"}],"wp:term":[{"taxonomy":"category","embeddable":true,"href":"https:\/\/botschafter-menschenrechte.de\/index.php?rest_route=%2Fwp%2Fv2%2Fcategories&post=1142"},{"taxonomy":"post_tag","embeddable":true,"href":"https:\/\/botschafter-menschenrechte.de\/index.php?rest_route=%2Fwp%2Fv2%2Ftags&post=1142"}],"curies":[{"name":"wp","href":"https:\/\/api.w.org\/{rel}","templated":true}]}}