{"id":1191,"date":"2020-11-15T10:14:52","date_gmt":"2020-11-15T10:14:52","guid":{"rendered":"http:\/\/botschafter-menschenrechte.de\/?p=1191"},"modified":"2020-11-15T10:16:49","modified_gmt":"2020-11-15T10:16:49","slug":"lateinamerika-erneut-journalist-in-mexiko-getoetet","status":"publish","type":"post","link":"https:\/\/botschafter-menschenrechte.de\/?p=1191","title":{"rendered":"Lateinamerika: Erneut Journalist in Mexiko get\u00f6tet"},"content":{"rendered":"\n<h2 class=\"wp-block-heading\"><strong>Lateinamerika: Erneut Journalist in Mexiko get\u00f6tet<\/strong><\/h2>\n\n\n\n<p>Zum Original-Artikel der <a href=\"https:\/\/latina-press.com\/news\/282288-lateinamerika-erneut-journalist-in-mexiko-getoetet\/\" target=\"_blank\" rel=\"noreferrer noopener\">latinapress<\/a> <\/p>\n\n\n\n<p><br class=\"Apple-interchange-newline\" \/>In Mexiko ist erneut ein Journalist get\u00f6tet worden. Der 31-j\u00e4hrige Israel V\u00e1zquez Rangel, der f\u00fcr die Nachrichten-Website \u201eEl Salmantino\u201c arbeitet, wurde am Montag (9.) im Zentralstaat Guanajuato erschossen. Er berichtete laut Angaben der Generalstaatsanwaltschaft \u00fcber die Entdeckung menschlicher \u00dcberreste, die auf einer Stra\u00dfe in der Stadt Salamanca deponiert wurden. Er war offensichtlich vor den Sicherheitskr\u00e4ften am Fundort angekommen. Als die Polizei eintraf, fanden sie V\u00e1zquez mit mehreren Schusswunden schwer verletzt vor. Er starb Stunden sp\u00e4ter im Krankenhaus. Die Website \u201eEl Salmantino\u201c bezeichnete den Mord als \u201efeigen und grausamen Angriff\u201c, w\u00e4hrend er seine \u201eehrenvolle Arbeit als Journalist verrichtete\u201c.<\/p>\n\n\n\n<p class=\"aBigClassNameToAvoidCollisionInText\">Mexiko geh\u00f6rt zu den gef\u00e4hrlichsten L\u00e4ndern f\u00fcr Journalisten. Seit 2000 wurden mehr als einhundert Journalisten get\u00f6tet. Viele von ihnen berichteten \u00fcber Korruption oder die m\u00e4chtigen Drogenkartelle des Landes. Die Entdeckung menschlicher \u00dcberreste und Massengr\u00e4ber ist in Guanajuato keine Seltenheit. Vor weniger als zwei Wochen wurden die \u00dcberreste von 59 Leichen \u2013 haupts\u00e4chlich jungen Menschen \u2013 in nicht gekennzeichneten Gr\u00e4bern in Salvatierra gefunden (etwas mehr als eine Autostunde von Salamanca entfernt).Advertisementabout:blank<\/p>\n\n\n\n<div class=\"wp-block-image\"><figure class=\"aligncenter\"><img decoding=\"async\" src=\"https:\/\/latina-press.com\/media\/2020\/11\/mord.jpg\" alt=\"\" class=\"wp-image-282291\"\/><\/figure><\/div>\n\n\n\n<p>In Guanajuato hat die Gewalt zugenommen, zwei rivalisierende kriminelle Banden (das Santa Rosa de Lima Cartel und das m\u00e4chtige Jalisco New Generation Cartel) sind in einen gewaltt\u00e4tigen Bandenkrieg verwickelt. Die Kartelle befassen sich haupts\u00e4chlich mit Kraftstoffdiebstahl aus gro\u00dfen \u00d6lpipelines im Bundesstaat sowie mit dem Verkauf von Drogen an Einheimische und der Erpressung von Unternehmen.<\/p>\n","protected":false},"excerpt":{"rendered":"<p>Lateinamerika: Erneut Journalist in Mexiko get\u00f6tet Zum Original-Artikel der latinapress In Mexiko ist erneut ein Journalist get\u00f6tet worden. Der 31-j\u00e4hrige Israel V\u00e1zquez Rangel, der f\u00fcr die Nachrichten-Website \u201eEl Salmantino\u201c arbeitet, wurde am Montag (9.) im Zentralstaat Guanajuato erschossen. Er berichtete laut Angaben der Generalstaatsanwaltschaft \u00fcber die Entdeckung menschlicher \u00dcberreste, die auf einer Stra\u00dfe in der [&hellip;]<\/p>\n","protected":false},"author":1,"featured_media":1190,"comment_status":"open","ping_status":"open","sticky":false,"template":"","format":"standard","meta":{"footnotes":""},"categories":[26],"tags":[],"class_list":["post-1191","post","type-post","status-publish","format-standard","has-post-thumbnail","hentry","category-pressefreiheit"],"_links":{"self":[{"href":"https:\/\/botschafter-menschenrechte.de\/index.php?rest_route=\/wp\/v2\/posts\/1191","targetHints":{"allow":["GET"]}}],"collection":[{"href":"https:\/\/botschafter-menschenrechte.de\/index.php?rest_route=\/wp\/v2\/posts"}],"about":[{"href":"https:\/\/botschafter-menschenrechte.de\/index.php?rest_route=\/wp\/v2\/types\/post"}],"author":[{"embeddable":true,"href":"https:\/\/botschafter-menschenrechte.de\/index.php?rest_route=\/wp\/v2\/users\/1"}],"replies":[{"embeddable":true,"href":"https:\/\/botschafter-menschenrechte.de\/index.php?rest_route=%2Fwp%2Fv2%2Fcomments&post=1191"}],"version-history":[{"count":2,"href":"https:\/\/botschafter-menschenrechte.de\/index.php?rest_route=\/wp\/v2\/posts\/1191\/revisions"}],"predecessor-version":[{"id":1193,"href":"https:\/\/botschafter-menschenrechte.de\/index.php?rest_route=\/wp\/v2\/posts\/1191\/revisions\/1193"}],"wp:featuredmedia":[{"embeddable":true,"href":"https:\/\/botschafter-menschenrechte.de\/index.php?rest_route=\/wp\/v2\/media\/1190"}],"wp:attachment":[{"href":"https:\/\/botschafter-menschenrechte.de\/index.php?rest_route=%2Fwp%2Fv2%2Fmedia&parent=1191"}],"wp:term":[{"taxonomy":"category","embeddable":true,"href":"https:\/\/botschafter-menschenrechte.de\/index.php?rest_route=%2Fwp%2Fv2%2Fcategories&post=1191"},{"taxonomy":"post_tag","embeddable":true,"href":"https:\/\/botschafter-menschenrechte.de\/index.php?rest_route=%2Fwp%2Fv2%2Ftags&post=1191"}],"curies":[{"name":"wp","href":"https:\/\/api.w.org\/{rel}","templated":true}]}}