{"id":1203,"date":"2020-11-20T14:28:59","date_gmt":"2020-11-20T14:28:59","guid":{"rendered":"http:\/\/botschafter-menschenrechte.de\/?p=1203"},"modified":"2020-11-20T14:28:59","modified_gmt":"2020-11-20T14:28:59","slug":"vereinte-nationen-verabschieden-resolution-zur-verurteilung-der-menschenrechtsverletzungen-im-iran","status":"publish","type":"post","link":"https:\/\/botschafter-menschenrechte.de\/?p=1203","title":{"rendered":"Vereinte Nationen verabschieden Resolution zur Verurteilung der Menschenrechtsverletzungen im Iran"},"content":{"rendered":"\n<h2 class=\"wp-block-heading\">Vereinte Nationen verabschieden Resolution zur Verurteilung der Menschenrechtsverletzungen im Iran<\/h2>\n\n\n\n<p>zum <a href=\"https:\/\/iran.bahai.de\/2020\/11\/vereinte-nationen-verabschieden-resolution-zur-verurteilung-der-menschenrechtsverletzungen-im-iran\/\" target=\"_blank\" rel=\"noreferrer noopener\">Original-Artikel <\/a>auf <a href=\"https:\/\/iran.bahai.de\/\" target=\"_blank\" rel=\"noreferrer noopener\">https:\/\/iran.bahai.de\/<\/a><\/p>\n\n\n\n<figure class=\"wp-block-image size-large\"><img loading=\"lazy\" decoding=\"async\" width=\"768\" height=\"480\" src=\"http:\/\/botschafter-menschenrechte.de\/wp-content\/uploads\/2020\/11\/2020-11-18_12-12-22_0-768x480-1.jpg\" alt=\"\" class=\"wp-image-1204\" srcset=\"https:\/\/botschafter-menschenrechte.de\/wp-content\/uploads\/2020\/11\/2020-11-18_12-12-22_0-768x480-1.jpg 768w, https:\/\/botschafter-menschenrechte.de\/wp-content\/uploads\/2020\/11\/2020-11-18_12-12-22_0-768x480-1-300x188.jpg 300w\" sizes=\"auto, (max-width: 768px) 100vw, 768px\" \/><figcaption>Sitzungssaal der Generalversammlung der Vereinten Nationen. Photo credit: nato.int<\/figcaption><\/figure>\n\n\n\n<p>Berlin, 19. November 2020 \u2013 Trotz der andauernden Pandemie pr\u00fcfte und verabschiedete ein Ausschuss der Generalversammlung der Vereinten Nationen gestern eine Resolution, in der der Iran aufgefordert wird, die Menschenrechte aller seiner B\u00fcrger, einschlie\u00dflich der Angeh\u00f6rigen der Bah\u00e1\u2019\u00ed-Religion, zu achten und zu gew\u00e4hrleisten.<\/p>\n\n\n\n<p>Der Dritte Ausschuss der Generalversammlung verabschiedete die Resolution mit 79 zu 32 Stimmen, wobei sich 64 Mitgliedstaaten der Stimme enthielten. Auch die Bundesregierung stimmte daf\u00fcr.<\/p>\n\n\n\n<p>Die&nbsp;<a href=\"https:\/\/undocs.org\/Home\/Mobile?FinalSymbol=A%2FC.3%2F75%2FL.31&amp;Language=E&amp;DeviceType=Desktop\">Resolution<\/a>&nbsp;fordert die Islamische Republik auf, \u201erechtlich und tats\u00e4chlich [\u2026] alle Formen der Diskriminierung aufgrund von Gesinnung, Gewissen, Religion oder Glauben, einschlie\u00dflich wirtschaftlicher Beschr\u00e4nkungen,&nbsp;[\u2026] Verweigerung und Einschr\u00e4nkung des Zugangs zu Bildung, auch f\u00fcr Mitglieder der Baha\u2019i-Religion, [\u2026] zu beseitigen\u201c. Die Resolution dr\u00e4ngt auch auf ein Ende \u201eanderer Menschenrechtsverletzungen gegen Personen, die anerkannten und nicht anerkannten religi\u00f6sen Minderheiten angeh\u00f6ren\u201c.<\/p>\n\n\n\n<p>Seit \u00fcber 40 Jahren und bis zum heutigen Tag ist die gesamte Bah\u00e1\u2019\u00ed-Gemeinde im Iran kontinuierlicher, mehrdimensionaler und staatlich gef\u00f6rderter Verfolgung ausgesetzt, die jedes ihrer Mitglieder \u00fcber Generationen hinweg, in jeder Lebensphase und sogar nach dem Tod beeintr\u00e4chtigt. W\u00e4hrend sich die spezifischen Taktiken der iranischen Beh\u00f6rden bisweilen ge\u00e4ndert haben, bleibt ihr Ziel, die Bah\u00e1\u2019\u00ed-Gemeinde als lebensf\u00e4hige Einheit im Iran zu zerst\u00f6ren, weiterhin in vollem Umfang in Kraft.<\/p>\n\n\n\n<blockquote class=\"wp-block-quote is-style-default is-layout-flow wp-block-quote-is-layout-flow\"><p><strong><em>\u201eDurch vielf\u00e4ltige Ma\u00dfnahmen verfolgen die Beh\u00f6rden weiterhin ihr Ziel, die Bah\u00e1\u2019\u00ed aus dem \u00f6ffentlichen Leben auszuschliessen, sie daran zu hindern, ihren Glauben zu bekunden, sie wirtschaftlich zu verarmen, ihren intellektuellen Fortschritt zu untergraben, Spuren ihrer Geschichte und Kultur zu verwischen sowie Desinformationen \u00fcber sie zu verbreiten und die \u00d6ffentlichkeit anzustacheln, um ein Umfeld des Hasses gegen sie zu schaffen\u201c, sagt Jascha Noltenius, Beauftragter f\u00fcr Menschenrechtsfragen der Bah\u00e1\u2019\u00ed-Gemeinde in Deutschland.<\/em><\/strong><\/p><p><strong><em>\u201eHoffen wir, dass der Iran endlich den Mahnungen dieser Resolution und der Aufforderung der internationalen Gemeinschaft, die Menschenrechte seiner B\u00fcrger zu wahren, Beachtung schenkt.\u201c<\/em><\/strong><\/p><\/blockquote>\n\n\n\n<p>\u00dcber die Annehme der Resolution wird im Dezember im Plenum der Generalversammlung abgestimmt werden.<\/p>\n","protected":false},"excerpt":{"rendered":"<p>Vereinte Nationen verabschieden Resolution zur Verurteilung der Menschenrechtsverletzungen im Iran zum Original-Artikel auf https:\/\/iran.bahai.de\/ Berlin, 19. November 2020 \u2013 Trotz der andauernden Pandemie pr\u00fcfte und verabschiedete ein Ausschuss der Generalversammlung der Vereinten Nationen gestern eine Resolution, in der der Iran aufgefordert wird, die Menschenrechte aller seiner B\u00fcrger, einschlie\u00dflich der Angeh\u00f6rigen der Bah\u00e1\u2019\u00ed-Religion, zu achten und [&hellip;]<\/p>\n","protected":false},"author":1,"featured_media":1204,"comment_status":"open","ping_status":"open","sticky":false,"template":"","format":"standard","meta":{"footnotes":""},"categories":[16],"tags":[],"class_list":["post-1203","post","type-post","status-publish","format-standard","has-post-thumbnail","hentry","category-iran"],"_links":{"self":[{"href":"https:\/\/botschafter-menschenrechte.de\/index.php?rest_route=\/wp\/v2\/posts\/1203","targetHints":{"allow":["GET"]}}],"collection":[{"href":"https:\/\/botschafter-menschenrechte.de\/index.php?rest_route=\/wp\/v2\/posts"}],"about":[{"href":"https:\/\/botschafter-menschenrechte.de\/index.php?rest_route=\/wp\/v2\/types\/post"}],"author":[{"embeddable":true,"href":"https:\/\/botschafter-menschenrechte.de\/index.php?rest_route=\/wp\/v2\/users\/1"}],"replies":[{"embeddable":true,"href":"https:\/\/botschafter-menschenrechte.de\/index.php?rest_route=%2Fwp%2Fv2%2Fcomments&post=1203"}],"version-history":[{"count":3,"href":"https:\/\/botschafter-menschenrechte.de\/index.php?rest_route=\/wp\/v2\/posts\/1203\/revisions"}],"predecessor-version":[{"id":1207,"href":"https:\/\/botschafter-menschenrechte.de\/index.php?rest_route=\/wp\/v2\/posts\/1203\/revisions\/1207"}],"wp:featuredmedia":[{"embeddable":true,"href":"https:\/\/botschafter-menschenrechte.de\/index.php?rest_route=\/wp\/v2\/media\/1204"}],"wp:attachment":[{"href":"https:\/\/botschafter-menschenrechte.de\/index.php?rest_route=%2Fwp%2Fv2%2Fmedia&parent=1203"}],"wp:term":[{"taxonomy":"category","embeddable":true,"href":"https:\/\/botschafter-menschenrechte.de\/index.php?rest_route=%2Fwp%2Fv2%2Fcategories&post=1203"},{"taxonomy":"post_tag","embeddable":true,"href":"https:\/\/botschafter-menschenrechte.de\/index.php?rest_route=%2Fwp%2Fv2%2Ftags&post=1203"}],"curies":[{"name":"wp","href":"https:\/\/api.w.org\/{rel}","templated":true}]}}