{"id":1214,"date":"2020-11-24T16:57:02","date_gmt":"2020-11-24T16:57:02","guid":{"rendered":"http:\/\/botschafter-menschenrechte.de\/?p=1214"},"modified":"2020-12-01T17:03:45","modified_gmt":"2020-12-01T17:03:45","slug":"appell-der-einhundert-botschafter-fuer-menschenrechte","status":"publish","type":"post","link":"https:\/\/botschafter-menschenrechte.de\/?p=1214","title":{"rendered":"Appell der Zweihundert  &#8211; Botschafter f\u00fcr Menschenrechte"},"content":{"rendered":"\n<h2 class=\"wp-block-heading\">Appell der Zweihundert  &#8211; Botschafter f\u00fcr Menschenrechte<\/h2>\n\n\n\n<figure class=\"wp-block-image size-large\"><img loading=\"lazy\" decoding=\"async\" width=\"1021\" height=\"1024\" src=\"http:\/\/botschafter-menschenrechte.de\/wp-content\/uploads\/2020\/11\/EnY9XTPWEAEsDtq-1021x1024.jpg\" alt=\"\" class=\"wp-image-1217\" srcset=\"https:\/\/botschafter-menschenrechte.de\/wp-content\/uploads\/2020\/11\/EnY9XTPWEAEsDtq-1021x1024.jpg 1021w, https:\/\/botschafter-menschenrechte.de\/wp-content\/uploads\/2020\/11\/EnY9XTPWEAEsDtq-300x300.jpg 300w, https:\/\/botschafter-menschenrechte.de\/wp-content\/uploads\/2020\/11\/EnY9XTPWEAEsDtq-150x150.jpg 150w, https:\/\/botschafter-menschenrechte.de\/wp-content\/uploads\/2020\/11\/EnY9XTPWEAEsDtq-768x770.jpg 768w, https:\/\/botschafter-menschenrechte.de\/wp-content\/uploads\/2020\/11\/EnY9XTPWEAEsDtq.jpg 1197w\" sizes=\"auto, (max-width: 1021px) 100vw, 1021px\" \/><figcaption>Quelle: <a href=\"http:\/\/twitter.com\/mariam_claren\">tw<\/a><a href=\"http:\/\/twitter.com\/mariam_claren\" target=\"_blank\" rel=\"noreferrer noopener\">itter.com\/mariam_claren<\/a><\/figcaption><\/figure>\n\n\n\n<p>Sehr geehrter Herr Maas,<\/p>\n\n\n\n<p>der Iran hat eine unschuldige deutsche Staatsb\u00fcrgerin im ber\u00fcchtigten Evin-Gef\u00e4ngnis eingesperrt. Sie wird als Geisel gegen Deutschland missbraucht.&nbsp; Nahid Taghavi wird schlechter behandelt als kriminelle Gefangene. <\/p>\n\n\n\n<p>Seit bereits vier Wochen wird die 66j\u00e4hrige kranke K\u00f6lnerin durch Isolationshaft gefoltert. <br>Weder ihr Anwalt noch ihre Familien Angeh\u00f6rigen werden zu ihr vor gelassen. <\/p>\n\n\n\n<p>Bitte setzen sich daf\u00fcr ein, dass Nahid Taghavi  umgehend frei gelassen wird. Zeigen Sie, dass Ihnen das Schicksal einer unbescholtenen deutschen Staatsb\u00fcrgerin nicht gleichg\u00fcltig ist!<\/p>\n\n\n\n<div style=\"height:42px\" aria-hidden=\"true\" class=\"wp-block-spacer\"><\/div>\n\n\n\n<h5 class=\"wp-block-heading\">Liste der 200 Unterzeichner<\/h5>\n\n\n\n<figure class=\"wp-block-table\"><table><tbody><tr><td><strong>1<\/strong><\/td><td>Mariam Claren<\/td><td>K\u00f6ln<\/td><\/tr><tr><td><strong>2<\/strong><\/td><td>Andre Tr\u00f6ster<\/td><td>K\u00f6ln<\/td><\/tr><tr><td><strong>3<\/strong><\/td><td>Wolfang Tr\u00f6ster<\/td><td>Solingen<\/td><\/tr><tr><td><strong>4<\/strong><\/td><td>Christa Tr\u00f6ster<\/td><td>Solingen<\/td><\/tr><tr><td><strong>5<\/strong><\/td><td>Christian Tr\u00f6ster<\/td><td>Solingen<\/td><\/tr><tr><td><strong>6<\/strong><\/td><td>Neli Tr\u00f6ster<\/td><td>Solingen<\/td><\/tr><tr><td><strong>7<\/strong><\/td><td>Annika Schulz<\/td><td>K\u00f6ln<\/td><\/tr><tr><td><strong>8<\/strong><\/td><td>Melanie Lo Bartolo-Stock<\/td><td>H\u00fcrth<\/td><\/tr><tr><td><strong>9<\/strong><\/td><td>Sascha Stock<\/td><td>H\u00fcrth<\/td><\/tr><tr><td><strong>10<\/strong><\/td><td>Christel Claren<\/td><td>K\u00f6ln<\/td><\/tr><tr><td><strong>11<\/strong><\/td><td>Tamara Ergiden<\/td><td>K\u00f6ln<\/td><\/tr><tr><td><strong>12<\/strong><\/td><td>Milica Str\u00f6belt<\/td><td>K\u00f6ln<\/td><\/tr><tr><td><strong>13<\/strong><\/td><td>Katharina Dupp<\/td><td>K\u00f6ln<\/td><\/tr><tr><td><strong>14<\/strong><\/td><td>Dr. David Zopes<\/td><td>K\u00f6ln<\/td><\/tr><tr><td><strong>15<\/strong><\/td><td>Stephan Heller<\/td><td>D\u00fcsseldorf<\/td><\/tr><tr><td><strong>16<\/strong><\/td><td>Silvia Todorovic<\/td><td>K\u00f6ln<\/td><\/tr><tr><td><strong>17<\/strong><\/td><td>Miodrag Todorovic<\/td><td>K\u00f6ln<\/td><\/tr><tr><td><strong>18<\/strong><\/td><td>Andr\u00e9 Todorovic<\/td><td>K\u00f6ln<\/td><\/tr><tr><td><strong>19<\/strong><\/td><td>Lino de Donno<\/td><td>K\u00f6ln<\/td><\/tr><tr><td><strong>20<\/strong><\/td><td>Anita de Donno<\/td><td>K\u00f6ln<\/td><\/tr><tr><td><strong>21<\/strong><\/td><td>Katja Alibas<\/td><td>K\u00f6ln<\/td><\/tr><tr><td><strong>22<\/strong><\/td><td>Birgit Meuser<\/td><td>D\u00fcsseldorf<\/td><\/tr><tr><td><strong>23<\/strong><\/td><td>R\u00fcdiger Harms<\/td><td>K\u00f6ln<\/td><\/tr><tr><td><strong>24<\/strong><\/td><td>Alexandra Klees<\/td><td>K\u00f6ln<\/td><\/tr><tr><td><strong>25<\/strong><\/td><td>Annika Flesner<\/td><td>H\u00fcrth<\/td><\/tr><tr><td><strong>26<\/strong><\/td><td>Martina Gesenberg&nbsp;<\/td><td>Z\u00fclpich<\/td><\/tr><tr><td><strong>27<\/strong><\/td><td>Michael Gesenberg<\/td><td>Z\u00fclpich<\/td><\/tr><tr><td><strong>28<\/strong><\/td><td>Katja Lehmann<\/td><td>H\u00fcrth<\/td><\/tr><tr><td><strong>29<\/strong><\/td><td>Edeltraud Biermann<\/td><td>H\u00fcrth<\/td><\/tr><tr><td><strong>30<\/strong><\/td><td>Lena Retschkemann<\/td><td>K\u00f6ln<\/td><\/tr><tr><td><strong>31<\/strong><\/td><td>Svenja Maus<\/td><td>H\u00fcrth<\/td><\/tr><tr><td><strong>32<\/strong><\/td><td>Silvia Servos<\/td><td>Bergisch-Gladbach<\/td><\/tr><tr><td><strong>33<\/strong><\/td><td>Christian Servos<\/td><td>Bergisch-Gladbach<\/td><\/tr><tr><td><strong>34<\/strong><\/td><td>Susanne Paganini<\/td><td>H\u00fcrth<\/td><\/tr><tr><td><strong>35<\/strong><\/td><td>Herbert Claren<\/td><td>H\u00fcrth<\/td><\/tr><tr><td><strong>36<\/strong><\/td><td>Simone J\u00fcnger<\/td><td>K\u00f6ln<\/td><\/tr><tr><td><strong>37<\/strong><\/td><td>Rebecca Gazzillo&nbsp;<\/td><td>Siegburg<\/td><\/tr><tr><td><strong>38<\/strong><\/td><td>Maurizius Gazzillo<\/td><td>Siegburg<\/td><\/tr><tr><td><strong>39<\/strong><\/td><td>Mahsa Sadeghpour<\/td><td>K\u00f6ln<\/td><\/tr><tr><td><strong>40<\/strong><\/td><td>Shahin Sadeghpour&nbsp;<\/td><td>K\u00f6ln<\/td><\/tr><tr><td><strong>41<\/strong><\/td><td>Katrin Paganini<\/td><td>H\u00fcrth<\/td><\/tr><tr><td><strong>42<\/strong><\/td><td>Alexander Paganini<\/td><td>H\u00fcrth<\/td><\/tr><tr><td><strong>43<\/strong><\/td><td>Nadja Heinzmann<\/td><td>K\u00f6ln<\/td><\/tr><tr><td><strong>44<\/strong><\/td><td>Dirk Heinzmann<\/td><td>K\u00f6ln<\/td><\/tr><tr><td><strong>45<\/strong><\/td><td>Astrid Schenk<\/td><td>K\u00f6ln<\/td><\/tr><tr><td><strong>46<\/strong><\/td><td>Tuba Ercan<\/td><td>Berlin<\/td><\/tr><tr><td><strong>47<\/strong><\/td><td>Ibrahim Yilderim<\/td><td>Berlin<\/td><\/tr><tr><td><strong>48<\/strong><\/td><td>Karin Tsialkidis<\/td><td>K\u00f6ln<\/td><\/tr><tr><td><strong>49<\/strong><\/td><td>Niko Tsialkidis&nbsp;<\/td><td>K\u00f6ln<\/td><\/tr><tr><td><strong>50<\/strong><\/td><td>Julien Bam<\/td><td>Aachen<\/td><\/tr><tr><td><strong>51<\/strong><\/td><td>Kelly Svirakova aka missesvlog<\/td><td>K\u00f6ln<\/td><\/tr><tr><td><strong>52<\/strong><\/td><td>Beian Shiany<\/td><td>Frankfurt<\/td><\/tr><tr><td><strong>53<\/strong><\/td><td>Ahmad Shiany<\/td><td>Frankfurt<\/td><\/tr><tr><td><strong>54<\/strong><\/td><td>Avan Sedighi<\/td><td>Frankfurt<\/td><\/tr><tr><td><strong>55<\/strong><\/td><td>Shkova Shiany<\/td><td>Frankfurt<\/td><\/tr><tr><td><strong>56<\/strong><\/td><td>Nina Lehnen<\/td><td>K\u00f6ln<\/td><\/tr><tr><td><strong>57<\/strong><\/td><td>Nina Gardemeier<\/td><td>K\u00f6ln<\/td><\/tr><tr><td><strong>58<\/strong><\/td><td>Martia Schupp<\/td><td>K\u00f6ln<\/td><\/tr><tr><td><strong>59<\/strong><\/td><td>Mahmoud Sedighi<\/td><td>Frankfurt<\/td><\/tr><tr><td><strong>60<\/strong><\/td><td>Qadri Rezaiehe<\/td><td>Frankfurt<\/td><\/tr><tr><td><strong>61<\/strong><\/td><td>Heidi Hecht<\/td><td>K\u00f6ln<\/td><\/tr><tr><td><strong>62<\/strong><\/td><td>Christopher Storms-Wolf<\/td><td>K\u00f6ln<\/td><\/tr><tr><td><strong>63<\/strong><\/td><td>Prisca Bomholt<\/td><td>K\u00f6ln<\/td><\/tr><tr><td><strong>64<\/strong><\/td><td>Deborah Lilliu<\/td><td>K\u00f6ln<\/td><\/tr><tr><td><strong>65<\/strong><\/td><td>Lea Neuenfeldt<\/td><td>K\u00f6ln<\/td><\/tr><tr><td><strong>66<\/strong><\/td><td>Claudia Casper<\/td><td>Bergisch-Gladbach<\/td><\/tr><tr><td><strong>67<\/strong><\/td><td>Micaela Georgescu<\/td><td>Berlin<\/td><\/tr><tr><td><strong>68<\/strong><\/td><td>Francesca de Donno<\/td><td>K\u00f6ln<\/td><\/tr><tr><td><strong>69<\/strong><\/td><td>Georg Edel<\/td><td>K\u00f6ln<\/td><\/tr><tr><td><strong>70<\/strong><\/td><td>Daniela Schnee<\/td><td>Leverkusen<\/td><\/tr><tr><td><strong>71<\/strong><\/td><td>Alexander Szuecs<\/td><td>Leverkusen<\/td><\/tr><tr><td><strong>72<\/strong><\/td><td>Birsen Kasapoglu<\/td><td>K\u00f6ln<\/td><\/tr><tr><td><strong>73<\/strong><\/td><td>Meryem Kasapoglu<\/td><td>K\u00f6ln<\/td><\/tr><tr><td><strong>74<\/strong><\/td><td>Berna Ciftcioglu<\/td><td>Roermond-NL<\/td><\/tr><tr><td><strong>75<\/strong><\/td><td>Vanessa Marcone<\/td><td>K\u00f6ln<\/td><\/tr><tr><td><strong>76<\/strong><\/td><td>Edgar Ciftcioglu<\/td><td>Roermond-NL<\/td><\/tr><tr><td><strong>77<\/strong><\/td><td>Edip Kasapoglu<\/td><td>K\u00f6ln<\/td><\/tr><tr><td><strong>78<\/strong><\/td><td>Birsen T\u00fcreci<\/td><td>D\u00fcsseldorf<\/td><\/tr><tr><td><strong>79<\/strong><\/td><td>Manuela Fuchs<\/td><td>Bergisch-Gladbach<\/td><\/tr><tr><td><strong>80<\/strong><\/td><td>Erich Fuchs<\/td><td>Bergisch-Gladbach<\/td><\/tr><tr><td><strong>81<\/strong><\/td><td>Asadeh Hamacher&nbsp;<\/td><td>D\u00fcsseldorf<\/td><\/tr><tr><td><strong>82<\/strong><\/td><td>Orhan Agirbas<\/td><td>K\u00f6ln<\/td><\/tr><tr><td><strong>83<\/strong><\/td><td>Umut Agirbas<\/td><td>K\u00f6ln<\/td><\/tr><tr><td><strong>84<\/strong><\/td><td>Miran Agirbas<\/td><td>K\u00f6ln<\/td><\/tr><tr><td><strong>85<\/strong><\/td><td>Bino Chakraverty<\/td><td>K\u00f6ln<\/td><\/tr><tr><td><strong>86<\/strong><\/td><td>Petra Santanius<\/td><td>K\u00f6ln<\/td><\/tr><tr><td><strong>87<\/strong><\/td><td>Sandra Enck<\/td><td>K\u00f6ln<\/td><\/tr><tr><td><strong>88<\/strong><\/td><td>Jaqueline Haupt<\/td><td>K\u00f6ln<\/td><\/tr><tr><td><strong>89<\/strong><\/td><td>Conner Haupt<\/td><td>K\u00f6ln<\/td><\/tr><tr><td><strong>90<\/strong><\/td><td>Christina Lenz<\/td><td>Siegburg<\/td><\/tr><tr><td><strong>91<\/strong><\/td><td>Agnes Kulij<\/td><td>K\u00f6ln<\/td><\/tr><tr><td><strong>92<\/strong><\/td><td>Andreas Kulij<\/td><td>K\u00f6ln<\/td><\/tr><tr><td><strong>93<\/strong><\/td><td>Katharina Ventola<\/td><td>Geislingen<\/td><\/tr><tr><td><strong>94<\/strong><\/td><td>Sandro Ventola<\/td><td>Geislingen<\/td><\/tr><tr><td><strong>95<\/strong><\/td><td>Fatma Aksu Scott<\/td><td>Hilden<\/td><\/tr><tr><td><strong>96<\/strong><\/td><td>Julian Scott<\/td><td>Hilden<\/td><\/tr><tr><td><strong>97<\/strong><\/td><td>Hatice Elbasan<\/td><td>K\u00f6ln<\/td><\/tr><tr><td><strong>98<\/strong><\/td><td>Deniz Elbasan<\/td><td>K\u00f6ln<\/td><\/tr><tr><td><strong>99<\/strong><\/td><td>Claudia Riehle<\/td><td>K\u00f6ln<\/td><\/tr><tr><td><strong>100<\/strong><\/td><td>Thomas Riehle<\/td><td>K\u00f6ln<\/td><\/tr><tr><td><strong>101<\/strong><\/td><td>Ester Bifulco<\/td><td>K\u00f6ln<\/td><\/tr><tr><td><strong>102<\/strong><\/td><td>Stefanie Green<\/td><td>K\u00f6ln<\/td><\/tr><tr><td><strong>103<\/strong><\/td><td>Sabine Deistler<\/td><td>R\u00f6srath<\/td><\/tr><tr><td><strong>104<\/strong><\/td><td>Gertrud Heller<\/td><td>Ratingen<\/td><\/tr><tr><td><strong>105<\/strong><\/td><td>Hans Heller<\/td><td>Ratingen<\/td><\/tr><tr><td><strong>106<\/strong><\/td><td>Natalie Vieting<\/td><td>K\u00f6ln<\/td><\/tr><tr><td><strong>107<\/strong><\/td><td>Silke Gradlowski<\/td><td>K\u00f6ln<\/td><\/tr><tr><td><strong>108<\/strong><\/td><td>Peter Ladach&nbsp;<\/td><td>K\u00f6ln<\/td><\/tr><tr><td><strong>109<\/strong><\/td><td>Cheryl Juhasz<\/td><td>K\u00f6ln<\/td><\/tr><tr><td><strong>110<\/strong><\/td><td>Simon Grabe<\/td><td>K\u00f6ln<\/td><\/tr><tr><td><strong>111<\/strong><\/td><td>Raphaela Ayriss<\/td><td>K\u00f6ln<\/td><\/tr><tr><td><strong>112<\/strong><\/td><td>Simon Ayriss<\/td><td>K\u00f6ln<\/td><\/tr><tr><td><strong>113<\/strong><\/td><td>Bianca&nbsp;<\/td><td>Hof<\/td><\/tr><tr><td><strong>114<\/strong><\/td><td>Anna Adrych<\/td><td>K\u00f6ln<\/td><\/tr><tr><td><strong>115<\/strong><\/td><td>Salvatore Tortorici<\/td><td>K\u00f6ln<\/td><\/tr><tr><td><strong>116<\/strong><\/td><td>Janet Schlickum<\/td><td>K\u00f6ln<\/td><\/tr><tr><td><strong>117<\/strong><\/td><td>Franz Schlickum<\/td><td>K\u00f6ln<\/td><\/tr><tr><td><strong>118<\/strong><\/td><td>Theresa Katongole<\/td><td>Bergheim<\/td><\/tr><tr><td><strong>119<\/strong><\/td><td>Achmed Katongole&nbsp;<\/td><td>Bergheim<\/td><\/tr><tr><td><strong>120<\/strong><\/td><td>Britta Kasper<\/td><td>Bergisch-Gladbach<\/td><\/tr><tr><td><strong>121<\/strong><\/td><td>Sebastian Palmer<\/td><td>Bergisch-Gladbach<\/td><\/tr><tr><td><strong>122<\/strong><\/td><td>Sherrie-Ann de Sagun-Fischer<\/td><td>R\u00f6srath<\/td><\/tr><tr><td><strong>123<\/strong><\/td><td>Kevin Fischer<\/td><td>R\u00f6srath<\/td><\/tr><tr><td><strong>124<\/strong><\/td><td>Andrea Krings<\/td><td>K\u00f6ln<\/td><\/tr><tr><td><strong>125<\/strong><\/td><td>Gabriele Casper<\/td><td>Bergisch-Gladbach<\/td><\/tr><tr><td><strong>126<\/strong><\/td><td>Alexander Casper&nbsp;<\/td><td>Bergisch-Gladbach<\/td><\/tr><tr><td><strong>127<\/strong><\/td><td>Lisa Guggemos&nbsp;<\/td><td>Berlin<\/td><\/tr><tr><td><strong>128<\/strong><\/td><td>Silvia Pax<\/td><td>Berlin<\/td><\/tr><tr><td><strong>129<\/strong><\/td><td>Christina Pocklington<\/td><td>Berlin<\/td><\/tr><tr><td><strong>130<\/strong><\/td><td>Diana Reinecke<\/td><td>Hagen<\/td><\/tr><tr><td><strong>131<\/strong><\/td><td>Manfred Krings<\/td><td>Frechen<\/td><\/tr><tr><td><strong>132<\/strong><\/td><td>Karin Kabstein<\/td><td>K\u00f6ln<\/td><\/tr><tr><td><strong>133<\/strong><\/td><td>Marc Hildebrand<\/td><td>Hamburg<\/td><\/tr><tr><td><strong>134<\/strong><\/td><td>Nathalie Braun<\/td><td>K\u00f6ln<\/td><\/tr><tr><td><strong>135<\/strong><\/td><td>Tina Teuber<\/td><td>Stuttgart<\/td><\/tr><tr><td><strong>136<\/strong><\/td><td>Stefan Biegler<\/td><td>Frankfurt<\/td><\/tr><tr><td><strong>137<\/strong><\/td><td>Erika Biegler<\/td><td>Frankfurt<\/td><\/tr><tr><td><strong>138<\/strong><\/td><td>Eveline Biegler<\/td><td>Frankfurt<\/td><\/tr><tr><td><strong>139<\/strong><\/td><td>Fatma El Abdi<\/td><td>Frankfurt<\/td><\/tr><tr><td><strong>140<\/strong><\/td><td>Juliet G\u00f6tz<\/td><td>Frankfurt<\/td><\/tr><tr><td><strong>141<\/strong><\/td><td>Allan Sedighi<\/td><td>Frankfurt<\/td><\/tr><tr><td><strong>142<\/strong><\/td><td>Nikoletta Tsialdikis<\/td><td>K\u00f6ln<\/td><\/tr><tr><td><strong>143<\/strong><\/td><td>Cordula M\u00fcller<\/td><td>K\u00f6ln<\/td><\/tr><tr><td><strong>144<\/strong><\/td><td>Nathalie Mikailoff<\/td><td>K\u00f6ln<\/td><\/tr><tr><td><strong>145<\/strong><\/td><td>Alwina Rosner<\/td><td>Siegburg<\/td><\/tr><tr><td><strong>146<\/strong><\/td><td>Nicholas McKenna-Klein<\/td><td>Berlin<\/td><\/tr><tr><td><strong>147<\/strong><\/td><td>Derya \u00d6lmez<\/td><td>K\u00f6ln<\/td><\/tr><tr><td><strong>148<\/strong><\/td><td>Baris \u00d6lmez<\/td><td>K\u00f6ln<\/td><\/tr><tr><td><strong>149<\/strong><\/td><td>Anna Schneider<\/td><td>Wermelskirchen<\/td><\/tr><tr><td><strong>150<\/strong><\/td><td>Victor Schneider<\/td><td>Wermelskirchen<\/td><\/tr><tr><td><strong>151<\/strong><\/td><td>Venda Top<\/td><td>K\u00f6ln<\/td><\/tr><tr><td><strong>152<\/strong><\/td><td>Siegfried Wendt<\/td><td>Bergisch-Gladbach<\/td><\/tr><tr><td><strong>153<\/strong><\/td><td>Claudia Wendt<\/td><td>Bergisch-Gladbach<\/td><\/tr><tr><td><strong>154<\/strong><\/td><td>Wilfried Pl\u00fccker<\/td><td>K\u00f6ln<\/td><\/tr><tr><td><strong>155<\/strong><\/td><td>Marion Hensen<\/td><td>K\u00f6ln<\/td><\/tr><tr><td><strong>156<\/strong><\/td><td>Lena Renell&nbsp;<\/td><td>K\u00f6ln<\/td><\/tr><tr><td><strong>157<\/strong><\/td><td>Jessica Baumgart<\/td><td>Bergisch-Gladbach<\/td><\/tr><tr><td><strong>158<\/strong><\/td><td>Dieter Weyrich<\/td><td>H\u00fcrth<\/td><\/tr><tr><td><strong>159<\/strong><\/td><td>Corinna Sulk<\/td><td>K\u00f6ln<\/td><\/tr><tr><td><strong>160<\/strong><\/td><td>Jan Sulk<\/td><td>K\u00f6ln<\/td><\/tr><tr><td><strong>161<\/strong><\/td><td>Lakeisha Schlickum<\/td><td>K\u00f6ln<\/td><\/tr><tr><td><strong>162<\/strong><\/td><td>Mariam Katongole<\/td><td>K\u00f6ln<\/td><\/tr><tr><td><strong>163<\/strong><\/td><td>Nadja Bade<\/td><td>K\u00f6ln<\/td><\/tr><tr><td><strong>164<\/strong><\/td><td>Pia Rummler<\/td><td>K\u00f6ln<\/td><\/tr><tr><td><strong>165<\/strong><\/td><td>Nicole Bender&nbsp;<\/td><td>K\u00f6ln<\/td><\/tr><tr><td><strong>166<\/strong><\/td><td>Dana Unger<\/td><td>K\u00f6ln<\/td><\/tr><tr><td><strong>167<\/strong><\/td><td>Torsten Koch<\/td><td>K\u00f6ln<\/td><\/tr><tr><td><strong>168<\/strong><\/td><td>Elisabeth Bochmann<\/td><td>St. Augustin<\/td><\/tr><tr><td><strong>169<\/strong><\/td><td>Siham Zaaj<\/td><td>St. Augustin<\/td><\/tr><tr><td><strong>170<\/strong><\/td><td>Anne Graefen<\/td><td>Berlin<\/td><\/tr><tr><td><strong>171<\/strong><\/td><td>Liviu Lonescu<\/td><td>Berlin<\/td><\/tr><tr><td><strong>172<\/strong><\/td><td>Mirko Lenz<\/td><td>K\u00f6ln<\/td><\/tr><tr><td><strong>173<\/strong><\/td><td>Manuela Amode<\/td><td>M\u00fcnchen<\/td><\/tr><tr><td><strong>174<\/strong><\/td><td>Thomas Enck<\/td><td>H\u00fcrth<\/td><\/tr><tr><td><strong>175<\/strong><\/td><td>Tino Schenk<\/td><td>K\u00f6ln<\/td><\/tr><tr><td><strong>176<\/strong><\/td><td>Henriette Ganter<\/td><td>Eching-Dietersheim<\/td><\/tr><tr><td><strong>177<\/strong><\/td><td>Bernhard Ganter<\/td><td>Eching-Dietersheim<\/td><\/tr><tr><td><strong>178<\/strong><\/td><td>Natasa Christ<\/td><td>K\u00f6ln<\/td><\/tr><tr><td><strong>179<\/strong><\/td><td>Jeff Kwasi-Klein<\/td><td>Berlin<\/td><\/tr><tr><td><strong>180<\/strong><\/td><td>Claudia Siegburg<\/td><td>Kerpen<\/td><\/tr><tr><td><strong>181<\/strong><\/td><td>Markus Siegburg<\/td><td>Kerpen<\/td><\/tr><tr><td><strong>182<\/strong><\/td><td>Monika Heinzmann<\/td><td>Velbert<\/td><\/tr><tr><td><strong>183<\/strong><\/td><td>Maryam Nazem-Orfanidis<\/td><td>K\u00f6ln<\/td><\/tr><tr><td><strong>184<\/strong><\/td><td>Jessica Nilles<\/td><td>K\u00f6ln<\/td><\/tr><tr><td><strong>185<\/strong><\/td><td>Michael Nilles<\/td><td>K\u00f6ln<\/td><\/tr><tr><td><strong>186<\/strong><\/td><td>Janine M\u00fcller<\/td><td>K\u00f6ln<\/td><\/tr><tr><td><strong>187<\/strong><\/td><td>Arne B\u00fcdts<\/td><td>K\u00f6ln<\/td><\/tr><tr><td><strong>188<\/strong><\/td><td>Uta Kaiser<\/td><td>K\u00f6ln<\/td><\/tr><tr><td><strong>189<\/strong><\/td><td>Alexandra Kaiser<\/td><td>K\u00f6ln<\/td><\/tr><tr><td><strong>190<\/strong><\/td><td>Sarah Jovic<\/td><td>K\u00f6ln<\/td><\/tr><tr><td><strong>191<\/strong><\/td><td>Katharina Cam<\/td><td>Berlin<\/td><\/tr><tr><td><strong>192<\/strong><\/td><td>Alisha Cam<\/td><td>Berlin<\/td><\/tr><tr><td><strong>193<\/strong><\/td><td>Rosi Graefen<\/td><td>Koblenz<\/td><\/tr><tr><td><strong>194<\/strong><\/td><td>Hans-Josef Graefen<\/td><td>Koblenz<\/td><\/tr><tr><td><strong>195<\/strong><\/td><td>Kathrin Braun<\/td><td>K\u00f6ln<\/td><\/tr><tr><td><strong>196<\/strong><\/td><td>Andreas Braun<\/td><td>K\u00f6ln<\/td><\/tr><tr><td><strong>197<\/strong><\/td><td>Manuela Hinrichs<\/td><td>K\u00f6ln<\/td><\/tr><tr><td><strong>198<\/strong><\/td><td>Ilka Harms<\/td><td>K\u00f6ln<\/td><\/tr><tr><td><strong>199<\/strong><\/td><td>Horst Harms<\/td><td>K\u00f6ln<\/td><\/tr><tr><td><strong>200<\/strong><\/td><td>Rebecca Reichmann<\/td><td>K\u00f6ln<\/td><\/tr><tr><td><strong>201<\/strong><\/td><td>Sascha Burghart&nbsp;<\/td><td>K\u00f6ln<\/td><\/tr><tr><td><strong>202<\/strong><\/td><td>Maria Scafidi<\/td><td>K\u00f6ln<\/td><\/tr><tr><td><strong>203<\/strong><\/td><td>Ulla Felde<\/td><td>Frechen<\/td><\/tr><tr><td><strong>204<\/strong><\/td><td>Klaus Felde<\/td><td>Frechen<\/td><\/tr><tr><td><strong>205<\/strong><\/td><td>Andreas Imme<\/td><td>Frechen<\/td><\/tr><tr><td><strong>206<\/strong><\/td><td>Judith Imme<\/td><td>Frechen<\/td><\/tr><tr><td><strong>207<\/strong><\/td><td>Annika Imme<\/td><td>Frechen<\/td><\/tr><tr><td><strong>208<\/strong><\/td><td>Simon W\u00fcrth<\/td><td>Frechen<\/td><\/tr><tr><td><strong>209<\/strong><\/td><td>Annette Leberl<\/td><td>K\u00f6ln<\/td><\/tr><tr><td><strong>210<\/strong><\/td><td>Wolfgang Zahn<\/td><td>K\u00f6ln<\/td><\/tr><tr><td><strong>211<\/strong><\/td><td>Mavis Zahn<\/td><td>Bergisch-Gladbach<\/td><\/tr><tr><td><strong>212<\/strong><\/td><td>Maike Lissy<\/td><td>H\u00fcrth<\/td><\/tr><tr><td><strong>213<\/strong><\/td><td>Ulrike Rehbein<\/td><td>Pulheim<\/td><\/tr><tr><td><strong>214<\/strong><\/td><td>Carsten Mertsch<\/td><td>Pulheim<\/td><\/tr><tr><td><strong>215<\/strong><\/td><td>Elisabeth Rehbein<\/td><td>Herten<\/td><\/tr><tr><td><strong>216<\/strong><\/td><td>Elisabeth Alves<\/td><td>K\u00f6ln<\/td><\/tr><tr><td><strong>217<\/strong><\/td><td>Uta Maria Sistermich<\/td><td>K\u00f6ln<\/td><\/tr><tr><td><strong>218<\/strong><\/td><td>Alexandra Gerard<\/td><td>Berlin<\/td><\/tr><tr><td><strong>219<\/strong><\/td><td>Danny Heinze<\/td><td>K\u00f6ln<\/td><\/tr><tr><td><strong>220<\/strong><\/td><td>Nadina Woditschka<\/td><td>K\u00f6ln<\/td><\/tr><tr><td><strong>221<\/strong><\/td><td>Silja Kluth<\/td><td>Berlin<\/td><\/tr><tr><td><strong>222<\/strong><\/td><td>Ulrike Lessenthin<\/td><td>Waldsolms<\/td><\/tr><tr><td><strong>223<\/strong><\/td><td>Kati Hofmann<\/td><td>K\u00f6ln<\/td><\/tr><tr><td><strong>224<\/strong><\/td><td>Kim Kasper<\/td><td>K\u00f6ln<\/td><\/tr><tr><td><strong>225<\/strong><\/td><td>Sarah Br\u00fcmmer<\/td><td>M\u00f6nchengladbach<\/td><\/tr><tr><td><strong>226<\/strong><\/td><td>Charlotte Decker<\/td><td>K\u00f6ln<\/td><\/tr><tr><td><strong>227<\/strong><\/td><td>Tufan Yurtsefer<\/td><td>K\u00f6ln<\/td><\/tr><tr><td><strong>228<\/strong><\/td><td>Lukas L\u00f6tscher<\/td><td>K\u00f6ln<\/td><\/tr><tr><td><strong>229<\/strong><\/td><td>Mujan Mansouri<\/td><td>K\u00f6ln<\/td><\/tr><tr><td><strong>230<\/strong><\/td><td>Lucas Schumacher<\/td><td>K\u00f6ln<\/td><\/tr><tr><td><strong>231<\/strong><\/td><td>Julia Leinweber<\/td><td>K\u00f6ln<\/td><\/tr><tr><td><strong>232<\/strong><\/td><td>Fabienne Carrera<\/td><td>Neuss<\/td><\/tr><tr><td><strong>233<\/strong><\/td><td>Rebecca Hillmanns<\/td><td>D\u00fcsseldorf<\/td><\/tr><tr><td><strong>234<\/strong><\/td><td>Michelle von Babka<\/td><td>K\u00f6ln<\/td><\/tr><tr><td><strong>235<\/strong><\/td><td>Laura K\u00f6tting<\/td><td>D\u00fcsseldorf<\/td><\/tr><tr><td><strong>236<\/strong><\/td><td>Schirin Memarpuri<\/td><td>K\u00f6ln<\/td><\/tr><tr><td><strong>237<\/strong><\/td><td>Andrea Stroux<\/td><td>K\u00f6ln<\/td><\/tr><tr><td><strong>238<\/strong><\/td><td>Dilan Tatar<\/td><td>K\u00f6ln<\/td><\/tr><tr><td><strong>239<\/strong><\/td><td>Sarah Dahl<\/td><td>K\u00f6ln<\/td><\/tr><tr><td><strong>240<\/strong><\/td><td>Julia Kaltner<\/td><td>K\u00f6ln<\/td><\/tr><tr><td><strong>241<\/strong><\/td><td>Azem Jasha<\/td><td>K\u00f6ln<\/td><\/tr><tr><td><strong>242<\/strong><\/td><td>Manuela Mayer&nbsp;<\/td><td>K\u00f6ln<\/td><\/tr><tr><td><strong>243<\/strong><\/td><td>Maria R.<\/td><td>K\u00f6ln<\/td><\/tr><tr><td><strong>244<\/strong><\/td><td>Maria Azzarito<\/td><td>H\u00fcrth<\/td><\/tr><tr><td><strong>245<\/strong><\/td><td>Thomas Lacmann<\/td><td>K\u00f6ln<\/td><\/tr><tr><td><strong>246<\/strong><\/td><td>Katharina Lacmann<\/td><td>K\u00f6ln<\/td><\/tr><tr><td><strong>247<\/strong><\/td><td>Azzim Calm<\/td><td>K\u00f6ln<\/td><\/tr><tr><td><strong>248<\/strong><\/td><td>Iris Thelen<\/td><td>K\u00f6ln<\/td><\/tr><tr><td><strong>249<\/strong><\/td><td>Lida&nbsp;<\/td><td>K\u00f6ln<\/td><\/tr><tr><td><strong>250<\/strong><\/td><td>Lena Zilker<\/td><td>K\u00f6ln<\/td><\/tr><tr><td><strong>251<\/strong><\/td><td>Ananda Rethschulte<\/td><td>K\u00f6ln<\/td><\/tr><tr><td><strong>252<\/strong><\/td><td>Andrea Kehrbaum<\/td><td>K\u00f6ln<\/td><\/tr><tr><td><strong>253<\/strong><\/td><td>Saskia Feile<\/td><td>K\u00f6ln<\/td><\/tr><tr><td><strong>254<\/strong><\/td><td>Mareen<\/td><td>K\u00f6ln<\/td><\/tr><tr><td><strong>255<\/strong><\/td><td>Lisa Ziebert<\/td><td>K\u00f6ln<\/td><\/tr><tr><td><strong>256<\/strong><\/td><td>Zoe Wunder<\/td><td>K\u00f6ln<\/td><\/tr><tr><td><strong>257<\/strong><\/td><td>L. Angermann<\/td><td>K\u00f6ln<\/td><\/tr><tr><td><strong>258<\/strong><\/td><td>Robert Bauermeister<\/td><td>K\u00f6ln<\/td><\/tr><tr><td><strong>259<\/strong><\/td><td>Juliane Holl<\/td><td>K\u00f6ln<\/td><\/tr><tr><td><strong>260<\/strong><\/td><td>Jema K.<\/td><td>K\u00f6ln<\/td><\/tr><tr><td><strong>261<\/strong><\/td><td>Rebecca Sehy<\/td><td>Leverkusen<\/td><\/tr><tr><td><strong>262<\/strong><\/td><td>Kieu Thuong Cao<\/td><td>K\u00f6ln<\/td><\/tr><tr><td><strong>263<\/strong><\/td><td>Anne S\u00f6ntgerath<\/td><td>Much<\/td><\/tr><tr><td><strong>264<\/strong><\/td><td>Larissa Arpogaus<\/td><td>K\u00f6ln<\/td><\/tr><tr><td><strong>265<\/strong><\/td><td>Amelie Janssen<\/td><td>K\u00f6ln<\/td><\/tr><tr><td><strong>266<\/strong><\/td><td>Leslie Oppatja<\/td><td>Manacor Mallorca<\/td><\/tr><tr><td><strong>267<\/strong><\/td><td>Verena&nbsp;<\/td><td>K\u00f6ln<\/td><\/tr><tr><td><strong>268<\/strong><\/td><td>Victoria&nbsp;<\/td><td>K\u00f6ln<\/td><\/tr><tr><td><strong>269<\/strong><\/td><td>P. Mahdavifar<\/td><td>K\u00f6ln<\/td><\/tr><tr><td><strong>270<\/strong><\/td><td>Sinje Alvermann<\/td><td>D\u00fcsseldorf<\/td><\/tr><tr><td><strong>271<\/strong><\/td><td>Emel M\u00fcller<\/td><td>K\u00f6ln<\/td><\/tr><tr><td><strong>272<\/strong><\/td><td>Aleyna B\u00fcsra Kaya<\/td><td>K\u00f6ln<\/td><\/tr><tr><td><strong>273<\/strong><\/td><td>Svenja&nbsp;<\/td><td>K\u00f6ln<\/td><\/tr><tr><td><strong>274<\/strong><\/td><td>Florentina Abazi<\/td><td>K\u00f6ln<\/td><\/tr><tr><td><strong>275<\/strong><\/td><td>Ozan Ergiden<\/td><td>K\u00f6ln<\/td><\/tr><tr><td><strong>276<\/strong><\/td><td>Nihal Bektas&nbsp;<\/td><td>K\u00f6ln<\/td><\/tr><tr><td><strong>277<\/strong><\/td><td>Emrah Tekin<\/td><td>K\u00f6ln<\/td><\/tr><tr><td><strong>278<\/strong><\/td><td>Saskia Reichert<\/td><td>Bornheim<\/td><\/tr><tr><td><strong>279<\/strong><\/td><td>Emilia Wieding<\/td><td>K\u00f6ln<\/td><\/tr><tr><td><strong>280<\/strong><\/td><td>Brent Butler<\/td><td>K\u00f6ln<\/td><\/tr><tr><td><strong>281<\/strong><\/td><td>Christine Seim<\/td><td>M\u00fcnchen<\/td><\/tr><\/tbody><\/table><\/figure>\n","protected":false},"excerpt":{"rendered":"<p>Appell der Zweihundert &#8211; Botschafter f\u00fcr Menschenrechte Sehr geehrter Herr Maas, der Iran hat eine unschuldige deutsche Staatsb\u00fcrgerin im ber\u00fcchtigten Evin-Gef\u00e4ngnis eingesperrt. Sie wird als Geisel gegen Deutschland missbraucht.&nbsp; Nahid Taghavi wird schlechter behandelt als kriminelle Gefangene. Seit bereits vier Wochen wird die 66j\u00e4hrige kranke K\u00f6lnerin durch Isolationshaft gefoltert. Weder ihr Anwalt noch ihre Familien [&hellip;]<\/p>\n","protected":false},"author":1,"featured_media":1216,"comment_status":"open","ping_status":"open","sticky":false,"template":"","format":"standard","meta":{"footnotes":""},"categories":[16],"tags":[],"class_list":["post-1214","post","type-post","status-publish","format-standard","has-post-thumbnail","hentry","category-iran"],"_links":{"self":[{"href":"https:\/\/botschafter-menschenrechte.de\/index.php?rest_route=\/wp\/v2\/posts\/1214","targetHints":{"allow":["GET"]}}],"collection":[{"href":"https:\/\/botschafter-menschenrechte.de\/index.php?rest_route=\/wp\/v2\/posts"}],"about":[{"href":"https:\/\/botschafter-menschenrechte.de\/index.php?rest_route=\/wp\/v2\/types\/post"}],"author":[{"embeddable":true,"href":"https:\/\/botschafter-menschenrechte.de\/index.php?rest_route=\/wp\/v2\/users\/1"}],"replies":[{"embeddable":true,"href":"https:\/\/botschafter-menschenrechte.de\/index.php?rest_route=%2Fwp%2Fv2%2Fcomments&post=1214"}],"version-history":[{"count":7,"href":"https:\/\/botschafter-menschenrechte.de\/index.php?rest_route=\/wp\/v2\/posts\/1214\/revisions"}],"predecessor-version":[{"id":1281,"href":"https:\/\/botschafter-menschenrechte.de\/index.php?rest_route=\/wp\/v2\/posts\/1214\/revisions\/1281"}],"wp:featuredmedia":[{"embeddable":true,"href":"https:\/\/botschafter-menschenrechte.de\/index.php?rest_route=\/wp\/v2\/media\/1216"}],"wp:attachment":[{"href":"https:\/\/botschafter-menschenrechte.de\/index.php?rest_route=%2Fwp%2Fv2%2Fmedia&parent=1214"}],"wp:term":[{"taxonomy":"category","embeddable":true,"href":"https:\/\/botschafter-menschenrechte.de\/index.php?rest_route=%2Fwp%2Fv2%2Fcategories&post=1214"},{"taxonomy":"post_tag","embeddable":true,"href":"https:\/\/botschafter-menschenrechte.de\/index.php?rest_route=%2Fwp%2Fv2%2Ftags&post=1214"}],"curies":[{"name":"wp","href":"https:\/\/api.w.org\/{rel}","templated":true}]}}