{"id":1246,"date":"2020-11-30T15:05:46","date_gmt":"2020-11-30T15:05:46","guid":{"rendered":"http:\/\/botschafter-menschenrechte.de\/?p=1246"},"modified":"2020-11-30T15:05:46","modified_gmt":"2020-11-30T15:05:46","slug":"statement-von-iliena-hernandez-beim-kongress-von-transparency-international","status":"publish","type":"post","link":"https:\/\/botschafter-menschenrechte.de\/?p=1246","title":{"rendered":"Statement von Iliena Hernandez beim Kongress von Transparency International"},"content":{"rendered":"\n<h2 class=\"wp-block-heading\"><strong>Statement von Iliena Hernandez beim Kongress von Transparency International<\/strong><\/h2>\n\n\n\n<div class=\"wp-block-image\"><figure class=\"aligncenter size-large\"><img loading=\"lazy\" decoding=\"async\" width=\"400\" height=\"400\" src=\"http:\/\/botschafter-menschenrechte.de\/wp-content\/uploads\/2020\/11\/PHOTO-2020-11-30-15-44-36.jpg\" alt=\"\" class=\"wp-image-1248\" srcset=\"https:\/\/botschafter-menschenrechte.de\/wp-content\/uploads\/2020\/11\/PHOTO-2020-11-30-15-44-36.jpg 400w, https:\/\/botschafter-menschenrechte.de\/wp-content\/uploads\/2020\/11\/PHOTO-2020-11-30-15-44-36-300x300.jpg 300w, https:\/\/botschafter-menschenrechte.de\/wp-content\/uploads\/2020\/11\/PHOTO-2020-11-30-15-44-36-150x150.jpg 150w\" sizes=\"auto, (max-width: 400px) 100vw, 400px\" \/><figcaption>Quelle: msi<\/figcaption><\/figure><\/div>\n\n\n\n<h3 class=\"wp-block-heading\">Freiheit f\u00fcr Denis Solis Gonzales<\/h3>\n\n\n\n<h5 class=\"wp-block-heading\">-F\u00fcr die Freiheit der Kultur und aller Menschen!<\/h5>\n\n\n\n<p>Denis Solis Gonzales ist ein junger Rapper, der zur Zeit auf Grund einer konstruierten Anklage im Gef\u00e4ngnis sitzt.&nbsp; Ihm wird Missachtung der Staatsgewalt vorgeworfen. Das ganze Verfahren wurde jedoch von der Staatssicherheit in Kuba blo\u00df inszeniert, um ihn f\u00fcr seine Opposition zum Regime zu bestrafen.<\/p>\n\n\n\n<p>Schon Wochen vor seiner Verhaftung wurde er telefonisch von der Staatssicherheit eingesch\u00fcchtert. Er solle sich auf die Polizeiwache begeben. Er weigerte sich jedoch, da es keinerlei Rechtsgrundlage f\u00fcr diese Forderung gab. Einige Tage sp\u00e4ter betrat ein Polizist ohne richterlichen Beschluss sein Haus. Denis Solis beschwerte sich \u00fcber den fehlenden Beschluss und das Video der Diskussion mit dem Polizisten sahen wir in den sozialen Medien.<\/p>\n\n\n\n<figure class=\"wp-block-embed-youtube wp-block-embed is-type-video is-provider-youtube wp-embed-aspect-16-9 wp-has-aspect-ratio\"><div class=\"wp-block-embed__wrapper\">\n<iframe loading=\"lazy\" title=\"SOCIEDAD CONDENADA - Denis Solis Gonz\u00e1lez\" width=\"500\" height=\"281\" src=\"https:\/\/www.youtube.com\/embed\/gzlUi2RgMOc?feature=oembed\" frameborder=\"0\" allow=\"accelerometer; autoplay; clipboard-write; encrypted-media; gyroscope; picture-in-picture; web-share\" referrerpolicy=\"strict-origin-when-cross-origin\" allowfullscreen><\/iframe>\n<\/div><\/figure>\n\n\n\n<p>Ab diesem Moment wurde er st\u00e4ndig \u00fcberwacht, und als er am 9. November sein Haus verlie\u00df wurde er gewaltsam verhaftet. Am Tag darauf wurde er in einem Schnellverfahren zu 8 Monaten Gef\u00e4ngnis verurteilt, unter Verletzung s\u00e4mtlicher rechtsstaatlichen Prinzipien&nbsp; und ohne dass man seine Angeh\u00f6rigen dar\u00fcber in Kenntnis setzte.&nbsp; Als wir von dieser Ungerechtigkeit erfuhren, fingen wir an uns f\u00fcr seine Freilassung einzusetzen. Dies f\u00fchrte schlie\u00dflich zu dem Hungerstreik, den wir Aktivisten im Haus der San Isidro Bewegung durchf\u00fchrten.<\/p>\n\n\n\n<p>Berlin, Havanna am 30. November 2020<\/p>\n","protected":false},"excerpt":{"rendered":"<p>Statement von Iliena Hernandez beim Kongress von Transparency International Freiheit f\u00fcr Denis Solis Gonzales -F\u00fcr die Freiheit der Kultur und aller Menschen! Denis Solis Gonzales ist ein junger Rapper, der zur Zeit auf Grund einer konstruierten Anklage im Gef\u00e4ngnis sitzt.&nbsp; Ihm wird Missachtung der Staatsgewalt vorgeworfen. Das ganze Verfahren wurde jedoch von der Staatssicherheit in [&hellip;]<\/p>\n","protected":false},"author":1,"featured_media":1247,"comment_status":"open","ping_status":"open","sticky":false,"template":"","format":"standard","meta":{"footnotes":""},"categories":[17],"tags":[],"class_list":["post-1246","post","type-post","status-publish","format-standard","has-post-thumbnail","hentry","category-kuba"],"_links":{"self":[{"href":"https:\/\/botschafter-menschenrechte.de\/index.php?rest_route=\/wp\/v2\/posts\/1246","targetHints":{"allow":["GET"]}}],"collection":[{"href":"https:\/\/botschafter-menschenrechte.de\/index.php?rest_route=\/wp\/v2\/posts"}],"about":[{"href":"https:\/\/botschafter-menschenrechte.de\/index.php?rest_route=\/wp\/v2\/types\/post"}],"author":[{"embeddable":true,"href":"https:\/\/botschafter-menschenrechte.de\/index.php?rest_route=\/wp\/v2\/users\/1"}],"replies":[{"embeddable":true,"href":"https:\/\/botschafter-menschenrechte.de\/index.php?rest_route=%2Fwp%2Fv2%2Fcomments&post=1246"}],"version-history":[{"count":3,"href":"https:\/\/botschafter-menschenrechte.de\/index.php?rest_route=\/wp\/v2\/posts\/1246\/revisions"}],"predecessor-version":[{"id":1251,"href":"https:\/\/botschafter-menschenrechte.de\/index.php?rest_route=\/wp\/v2\/posts\/1246\/revisions\/1251"}],"wp:featuredmedia":[{"embeddable":true,"href":"https:\/\/botschafter-menschenrechte.de\/index.php?rest_route=\/wp\/v2\/media\/1247"}],"wp:attachment":[{"href":"https:\/\/botschafter-menschenrechte.de\/index.php?rest_route=%2Fwp%2Fv2%2Fmedia&parent=1246"}],"wp:term":[{"taxonomy":"category","embeddable":true,"href":"https:\/\/botschafter-menschenrechte.de\/index.php?rest_route=%2Fwp%2Fv2%2Fcategories&post=1246"},{"taxonomy":"post_tag","embeddable":true,"href":"https:\/\/botschafter-menschenrechte.de\/index.php?rest_route=%2Fwp%2Fv2%2Ftags&post=1246"}],"curies":[{"name":"wp","href":"https:\/\/api.w.org\/{rel}","templated":true}]}}