{"id":1309,"date":"2020-12-17T18:14:26","date_gmt":"2020-12-17T18:14:26","guid":{"rendered":"http:\/\/botschafter-menschenrechte.de\/?p=1309"},"modified":"2020-12-17T18:15:57","modified_gmt":"2020-12-17T18:15:57","slug":"freiheit-fuer-nahid","status":"publish","type":"post","link":"https:\/\/botschafter-menschenrechte.de\/?p=1309","title":{"rendered":"Freiheit f\u00fcr Nahid!"},"content":{"rendered":"\n<h2 class=\"wp-block-heading\">Freiheit f\u00fcr Nahid!<\/h2>\n\n\n\n<p>Rede von Mariam Claren, Tochter der politischen Gefangenen Nahid Taghavi, bei der Mahnwache der IGFM vor dem iranischen Generalkonsulat in Frankfurt, am Tag der Menschenrechte 2020. Freiheit f\u00fcr Nahid!<\/p>\n\n\n\n<div class=\"wp-block-buttons is-layout-flex wp-block-buttons-is-layout-flex\">\n<div class=\"wp-block-button\"><a class=\"wp-block-button__link\" href=\"https:\/\/youtu.be\/OCF5AZUNNGQ\" target=\"_blank\" rel=\"noreferrer noopener\">zum Video<\/a><\/div>\n<\/div>\n\n\n\n<figure class=\"wp-block-image size-large\"><img loading=\"lazy\" decoding=\"async\" width=\"884\" height=\"882\" src=\"http:\/\/botschafter-menschenrechte.de\/wp-content\/uploads\/2020\/12\/Mahnwache-2.png\" alt=\"\" class=\"wp-image-1311\" srcset=\"https:\/\/botschafter-menschenrechte.de\/wp-content\/uploads\/2020\/12\/Mahnwache-2.png 884w, https:\/\/botschafter-menschenrechte.de\/wp-content\/uploads\/2020\/12\/Mahnwache-2-300x300.png 300w, https:\/\/botschafter-menschenrechte.de\/wp-content\/uploads\/2020\/12\/Mahnwache-2-150x150.png 150w, https:\/\/botschafter-menschenrechte.de\/wp-content\/uploads\/2020\/12\/Mahnwache-2-768x766.png 768w\" sizes=\"auto, (max-width: 884px) 100vw, 884px\" \/><\/figure>\n\n\n\n<p>Mein Name ist Mariam Claren und meine 66-j\u00e4hrige Mutter Nahid Taghavi ist seit dem 16. Oktober 2020 politische Gefangene in der islamischen Republik Iran.&nbsp; Sie ist willk\u00fcrlich aus ihrer Wohnung in Teheran ins Evin Gef\u00e4ngnis verschleppt worden. Das Evin-Gef\u00e4ngnis ist ein d\u00fcsterer Ort der f\u00fcr Massenhinrichtungen und Folter bekannt ist.<\/p>\n\n\n\n<p>Seit 55 Tagen wird sie Isolationshaft gehalten.<\/p>\n\n\n\n<p>Seit 55 Tagen wird ihr der Zugang zu ihrem Anwalt verweigert.<\/p>\n\n\n\n<p>Seit 55 Tagen darf sie niemand besuchen.<\/p>\n\n\n\n<p>Seit 55 Tagen kennt keiner den Grund ihrer Verhaftung.<\/p>\n\n\n\n<p>Seit 55 Tagen wird ihr der konsularische Beistand trotz deutscher Staatsb\u00fcrgerschaft verwehrt.<\/p>\n\n\n\n<p>Ich frage die islamische Republik Iran:&nbsp;<\/p>\n\n\n\n<ul class=\"wp-block-list\"><li>Warum verletzen Sie so systematisch die Menschenrechte Ihrer B\u00fcrger?<\/li><li>Macht Ihnen Ihre eigene Bev\u00f6lkerung so viel Angst, dass Sie es bevorzugen jeden Andersdenkenden, Journalisten, Anwalt, Demonstranten wegzusperren?&nbsp;<\/li><li>Schamlos betreiben Sie Staatsterror und unterdr\u00fccken jedes Menschenrecht!&nbsp;<\/li><li>Ein Menschenrecht ist kein nationales Abkommen, sondern sollte internationalen Standards entsprechen.<\/li><\/ul>\n\n\n\n<p>Ich darf hier heute stehen und meine Meinung frei \u00e4u\u00dfern, ich darf gegen Ihre Willk\u00fcr protestieren \u2013 eine Freiheit die Sie ihrem Volk verweigern!&nbsp;<\/p>\n\n\n\n<p>Ich fordere Sie auf \u2013 lassen Sie meine Mutter unverz\u00fcglich frei!<\/p>\n\n\n\n<p>Freiheit f\u00fcr Nahid Taghavi!<\/p>\n\n\n\n<p>Freiheit f\u00fcr alle politischen Gefangenen!<\/p>\n","protected":false},"excerpt":{"rendered":"<p>Freiheit f\u00fcr Nahid! Rede von Mariam Claren, Tochter der politischen Gefangenen Nahid Taghavi, bei der Mahnwache der IGFM vor dem iranischen Generalkonsulat in Frankfurt, am Tag der Menschenrechte 2020. Freiheit f\u00fcr Nahid! Mein Name ist Mariam Claren und meine 66-j\u00e4hrige Mutter Nahid Taghavi ist seit dem 16. Oktober 2020 politische Gefangene in der islamischen Republik [&hellip;]<\/p>\n","protected":false},"author":1,"featured_media":1220,"comment_status":"open","ping_status":"open","sticky":false,"template":"","format":"standard","meta":{"footnotes":""},"categories":[1],"tags":[],"class_list":["post-1309","post","type-post","status-publish","format-standard","has-post-thumbnail","hentry","category-uncategorized"],"_links":{"self":[{"href":"https:\/\/botschafter-menschenrechte.de\/index.php?rest_route=\/wp\/v2\/posts\/1309","targetHints":{"allow":["GET"]}}],"collection":[{"href":"https:\/\/botschafter-menschenrechte.de\/index.php?rest_route=\/wp\/v2\/posts"}],"about":[{"href":"https:\/\/botschafter-menschenrechte.de\/index.php?rest_route=\/wp\/v2\/types\/post"}],"author":[{"embeddable":true,"href":"https:\/\/botschafter-menschenrechte.de\/index.php?rest_route=\/wp\/v2\/users\/1"}],"replies":[{"embeddable":true,"href":"https:\/\/botschafter-menschenrechte.de\/index.php?rest_route=%2Fwp%2Fv2%2Fcomments&post=1309"}],"version-history":[{"count":2,"href":"https:\/\/botschafter-menschenrechte.de\/index.php?rest_route=\/wp\/v2\/posts\/1309\/revisions"}],"predecessor-version":[{"id":1320,"href":"https:\/\/botschafter-menschenrechte.de\/index.php?rest_route=\/wp\/v2\/posts\/1309\/revisions\/1320"}],"wp:featuredmedia":[{"embeddable":true,"href":"https:\/\/botschafter-menschenrechte.de\/index.php?rest_route=\/wp\/v2\/media\/1220"}],"wp:attachment":[{"href":"https:\/\/botschafter-menschenrechte.de\/index.php?rest_route=%2Fwp%2Fv2%2Fmedia&parent=1309"}],"wp:term":[{"taxonomy":"category","embeddable":true,"href":"https:\/\/botschafter-menschenrechte.de\/index.php?rest_route=%2Fwp%2Fv2%2Fcategories&post=1309"},{"taxonomy":"post_tag","embeddable":true,"href":"https:\/\/botschafter-menschenrechte.de\/index.php?rest_route=%2Fwp%2Fv2%2Ftags&post=1309"}],"curies":[{"name":"wp","href":"https:\/\/api.w.org\/{rel}","templated":true}]}}