{"id":1341,"date":"2020-12-28T15:55:22","date_gmt":"2020-12-28T15:55:22","guid":{"rendered":"http:\/\/botschafter-menschenrechte.de\/?p=1341"},"modified":"2020-12-28T15:55:22","modified_gmt":"2020-12-28T15:55:22","slug":"presse-mitteilung-von-mariam-claren-28-dezember-2020","status":"publish","type":"post","link":"https:\/\/botschafter-menschenrechte.de\/?p=1341","title":{"rendered":"Presse-Mitteilung von Mariam Claren, 28. Dezember 2020"},"content":{"rendered":"\n<p>Presse-Mitteilung von Mariam Claren, 28. Dezember 2020:<\/p>\n\n\n\n<h2 class=\"wp-block-heading\">66-j\u00e4hrige Deutsche im Evin-Gef\u00e4ngnis erkrankt<\/h2>\n\n\n\n<figure class=\"wp-block-image size-large\"><img loading=\"lazy\" decoding=\"async\" width=\"1021\" height=\"1024\" src=\"http:\/\/botschafter-menschenrechte.de\/wp-content\/uploads\/2020\/11\/EnY9XTPWEAEsDtq-1021x1024.jpg\" alt=\"\" class=\"wp-image-1217\" srcset=\"https:\/\/botschafter-menschenrechte.de\/wp-content\/uploads\/2020\/11\/EnY9XTPWEAEsDtq-1021x1024.jpg 1021w, https:\/\/botschafter-menschenrechte.de\/wp-content\/uploads\/2020\/11\/EnY9XTPWEAEsDtq-300x300.jpg 300w, https:\/\/botschafter-menschenrechte.de\/wp-content\/uploads\/2020\/11\/EnY9XTPWEAEsDtq-150x150.jpg 150w, https:\/\/botschafter-menschenrechte.de\/wp-content\/uploads\/2020\/11\/EnY9XTPWEAEsDtq-768x770.jpg 768w, https:\/\/botschafter-menschenrechte.de\/wp-content\/uploads\/2020\/11\/EnY9XTPWEAEsDtq.jpg 1197w\" sizes=\"auto, (max-width: 1021px) 100vw, 1021px\" \/><\/figure>\n\n\n\n<p>Der Gesundheitszustand meiner Mutter, Nahid Taghavi hat sich rapide verschlechtert. Bei ihrem letzten Anruf bei meinem Onkel am 27. Dezember sagte sie ihm, dass sie jetzt Metformin einnimmt, ein Medikament gegen Typ-2-Diabetes. In den letzten 3 Jahren hat meine Mutter ihren Blutzucker erfolgreich durch ein wirksames Di\u00e4t- und Trainingsprogramm kontrolliert. Jetzt, nach 73 Tagen in Einzelhaft im Evin-Gef\u00e4ngnis und dem Stress von 73 Tagen Verh\u00f6ren, ist die Diabetes nach 3 Jahren zur\u00fcckgekehrt. \u00c4rzte sagen, wenn die Diabetes meiner 66-j\u00e4hrigen Mutter nicht unter Kontrolle gebracht wird, f\u00fchrt dies zu Nierensch\u00e4den, Nervenproblemen, Herzinfarkt und Schlaganfall. Genug ist genug. Nahid muss unverz\u00fcglich und bedingungslos freigelassen werden!<\/p>\n","protected":false},"excerpt":{"rendered":"<p>Presse-Mitteilung von Mariam Claren, 28. Dezember 2020: 66-j\u00e4hrige Deutsche im Evin-Gef\u00e4ngnis erkrankt Der Gesundheitszustand meiner Mutter, Nahid Taghavi hat sich rapide verschlechtert. Bei ihrem letzten Anruf bei meinem Onkel am 27. Dezember sagte sie ihm, dass sie jetzt Metformin einnimmt, ein Medikament gegen Typ-2-Diabetes. In den letzten 3 Jahren hat meine Mutter ihren Blutzucker erfolgreich [&hellip;]<\/p>\n","protected":false},"author":1,"featured_media":1216,"comment_status":"open","ping_status":"open","sticky":false,"template":"","format":"standard","meta":{"footnotes":""},"categories":[16],"tags":[],"class_list":["post-1341","post","type-post","status-publish","format-standard","has-post-thumbnail","hentry","category-iran"],"_links":{"self":[{"href":"https:\/\/botschafter-menschenrechte.de\/index.php?rest_route=\/wp\/v2\/posts\/1341","targetHints":{"allow":["GET"]}}],"collection":[{"href":"https:\/\/botschafter-menschenrechte.de\/index.php?rest_route=\/wp\/v2\/posts"}],"about":[{"href":"https:\/\/botschafter-menschenrechte.de\/index.php?rest_route=\/wp\/v2\/types\/post"}],"author":[{"embeddable":true,"href":"https:\/\/botschafter-menschenrechte.de\/index.php?rest_route=\/wp\/v2\/users\/1"}],"replies":[{"embeddable":true,"href":"https:\/\/botschafter-menschenrechte.de\/index.php?rest_route=%2Fwp%2Fv2%2Fcomments&post=1341"}],"version-history":[{"count":1,"href":"https:\/\/botschafter-menschenrechte.de\/index.php?rest_route=\/wp\/v2\/posts\/1341\/revisions"}],"predecessor-version":[{"id":1342,"href":"https:\/\/botschafter-menschenrechte.de\/index.php?rest_route=\/wp\/v2\/posts\/1341\/revisions\/1342"}],"wp:featuredmedia":[{"embeddable":true,"href":"https:\/\/botschafter-menschenrechte.de\/index.php?rest_route=\/wp\/v2\/media\/1216"}],"wp:attachment":[{"href":"https:\/\/botschafter-menschenrechte.de\/index.php?rest_route=%2Fwp%2Fv2%2Fmedia&parent=1341"}],"wp:term":[{"taxonomy":"category","embeddable":true,"href":"https:\/\/botschafter-menschenrechte.de\/index.php?rest_route=%2Fwp%2Fv2%2Fcategories&post=1341"},{"taxonomy":"post_tag","embeddable":true,"href":"https:\/\/botschafter-menschenrechte.de\/index.php?rest_route=%2Fwp%2Fv2%2Ftags&post=1341"}],"curies":[{"name":"wp","href":"https:\/\/api.w.org\/{rel}","templated":true}]}}