{"id":1360,"date":"2021-01-13T16:56:33","date_gmt":"2021-01-13T16:56:33","guid":{"rendered":"http:\/\/botschafter-menschenrechte.de\/?p=1360"},"modified":"2021-04-16T08:02:32","modified_gmt":"2021-04-16T08:02:32","slug":"verhoehnung-der-sed-opfer","status":"publish","type":"post","link":"https:\/\/botschafter-menschenrechte.de\/?p=1360","title":{"rendered":"Verh\u00f6hnung der SED-Opfer"},"content":{"rendered":"\n<h2 class=\"wp-block-heading\">Verh\u00f6hnung der SED-Opfer<\/h2>\n\n\n\n<p>Ein Kommentar von Mario R\u00f6llig, ehemaliger politischer Gefangener der DDR.<\/p>\n\n\n\n<p>Die Verh\u00f6hnung von Opfern der SED-Diktatur durch die Landesregierung in Mecklenburg-Vorpommern hat eine lange Tradition. Schon dem Vorg\u00e4nger von Ministerpr\u00e4sidentin Manuela Schwesig, Erwin Sellering standen die Mitl\u00e4ufer der SED-Diktatur n\u00e4her als die ehemals Verfolgten, denn es waren ja seine potentiellen W\u00e4hler. <\/p>\n\n\n\n<p>Er, wie auch Schwesig leugneten deshalb \u00f6ffentlich, dass die DDR ein Unrechtsstaat war. Dann 2020 das fatale Signal, eine bekennende Linksextremistin, wie Barbara Borchert zur Verfassungsrichterin in Mecklenburg-Vorpommern zu ernennen, zeigt welch r\u00fcckw\u00e4rts gewandter politischer Geist dort herrscht. <br>Und nun auch noch die Erh\u00f6hung der Pensionen f\u00fcr Beamte des DDR-Staatsapparats. Ein erneuter Schlag ins Gesicht der Opfer der SED-Diktatur. <\/p>\n\n\n\n<p>F\u00fcr mich besteht der eigentliche Skandal jedoch darin, dass die mitregierende CDU diese Entscheidungen alle mittr\u00e4gt.<br>Hat sie nichts aus ihrer Vergangenheit als DDR-Block-CDU gelernt?<br>Anscheinend nicht.<br>Sie sollte sich in Grund und Boden sch\u00e4men.<br><br>Und ein neuer Skandal wird schon sichtbar. Die Gr\u00fcndung einer Stiftung, damit die russische Nord-Stream 2 ohne Probleme fertiggestellt werden kann.<br><br>Na dann willkommen in der DDR.<\/p>\n\n\n\n<p><\/p>\n","protected":false},"excerpt":{"rendered":"<p>Verh\u00f6hnung der SED-Opfer Ein Kommentar von Mario R\u00f6llig, ehemaliger politischer Gefangener der DDR. Die Verh\u00f6hnung von Opfern der SED-Diktatur durch die Landesregierung in Mecklenburg-Vorpommern hat eine lange Tradition. Schon dem Vorg\u00e4nger von Ministerpr\u00e4sidentin Manuela Schwesig, Erwin Sellering standen die Mitl\u00e4ufer der SED-Diktatur n\u00e4her als die ehemals Verfolgten, denn es waren ja seine potentiellen W\u00e4hler. Er, [&hellip;]<\/p>\n","protected":false},"author":1,"featured_media":1389,"comment_status":"open","ping_status":"open","sticky":false,"template":"","format":"standard","meta":{"footnotes":""},"categories":[38,21],"tags":[],"class_list":["post-1360","post","type-post","status-publish","format-standard","has-post-thumbnail","hentry","category-meinung","category-menschenrechte"],"_links":{"self":[{"href":"https:\/\/botschafter-menschenrechte.de\/index.php?rest_route=\/wp\/v2\/posts\/1360","targetHints":{"allow":["GET"]}}],"collection":[{"href":"https:\/\/botschafter-menschenrechte.de\/index.php?rest_route=\/wp\/v2\/posts"}],"about":[{"href":"https:\/\/botschafter-menschenrechte.de\/index.php?rest_route=\/wp\/v2\/types\/post"}],"author":[{"embeddable":true,"href":"https:\/\/botschafter-menschenrechte.de\/index.php?rest_route=\/wp\/v2\/users\/1"}],"replies":[{"embeddable":true,"href":"https:\/\/botschafter-menschenrechte.de\/index.php?rest_route=%2Fwp%2Fv2%2Fcomments&post=1360"}],"version-history":[{"count":5,"href":"https:\/\/botschafter-menschenrechte.de\/index.php?rest_route=\/wp\/v2\/posts\/1360\/revisions"}],"predecessor-version":[{"id":1406,"href":"https:\/\/botschafter-menschenrechte.de\/index.php?rest_route=\/wp\/v2\/posts\/1360\/revisions\/1406"}],"wp:featuredmedia":[{"embeddable":true,"href":"https:\/\/botschafter-menschenrechte.de\/index.php?rest_route=\/wp\/v2\/media\/1389"}],"wp:attachment":[{"href":"https:\/\/botschafter-menschenrechte.de\/index.php?rest_route=%2Fwp%2Fv2%2Fmedia&parent=1360"}],"wp:term":[{"taxonomy":"category","embeddable":true,"href":"https:\/\/botschafter-menschenrechte.de\/index.php?rest_route=%2Fwp%2Fv2%2Fcategories&post=1360"},{"taxonomy":"post_tag","embeddable":true,"href":"https:\/\/botschafter-menschenrechte.de\/index.php?rest_route=%2Fwp%2Fv2%2Ftags&post=1360"}],"curies":[{"name":"wp","href":"https:\/\/api.w.org\/{rel}","templated":true}]}}