{"id":1469,"date":"2021-03-02T11:12:04","date_gmt":"2021-03-02T11:12:04","guid":{"rendered":"http:\/\/botschafter-menschenrechte.de\/?p=1469"},"modified":"2021-03-02T12:06:23","modified_gmt":"2021-03-02T12:06:23","slug":"der-virale-hit-aus-kuba-empoert-das-regime","status":"publish","type":"post","link":"https:\/\/botschafter-menschenrechte.de\/?p=1469","title":{"rendered":"Der virale Hit aus Kuba emp\u00f6rt das Regime"},"content":{"rendered":"\n<h2 class=\"wp-block-heading\"><strong>Der virale Hit aus Kuba emp\u00f6rt das Regime<\/strong><\/h2>\n\n\n\n<h4 class=\"wp-block-heading\"><strong>PATRIA Y VIDA \u2013 Leben statt Tod<\/strong><\/h4>\n\n\n\n<p>Der Protestsong&nbsp;<strong>Patria Y Vida<\/strong>&nbsp;hat binnen 2 Wochen nach Erscheinen schon mehr als 2,6 Millionen Clicks auf Youtube erhalten und war bereits Thema im EU-Parlament. Das Lied schl\u00e4gt auf Kuba ein wie eine Bombe, es ist das Gespr\u00e4chsthema Nr. 1. Das Regime in Havanna reagiert gereizt und startet eine mediale Hetzkampagne gegen den Song und die S\u00e4nger, die dem Lied schlussendlich nur noch mehr Aufmerksamkeit einbringen.<\/p>\n\n\n\n<p>Wer sich mit dem Songtext auseinandersetzt versteht schnell warum: Schon der Titel \u201eVaterland und Leben\u201c ist eine Kampfansage an den martialischen Schlachtruf der Diktatur \u201eVaterland oder Tod\u201c.<\/p>\n\n\n\n<div class=\"wp-block-image\"><figure class=\"aligncenter size-full\"><img loading=\"lazy\" decoding=\"async\" width=\"770\" height=\"440\" src=\"http:\/\/botschafter-menschenrechte.de\/wp-content\/uploads\/2021\/03\/Bild1.jpg\" alt=\"\" class=\"wp-image-1480\" srcset=\"https:\/\/botschafter-menschenrechte.de\/wp-content\/uploads\/2021\/03\/Bild1.jpg 770w, https:\/\/botschafter-menschenrechte.de\/wp-content\/uploads\/2021\/03\/Bild1-300x171.jpg 300w, https:\/\/botschafter-menschenrechte.de\/wp-content\/uploads\/2021\/03\/Bild1-768x439.jpg 768w\" sizes=\"auto, (max-width: 770px) 100vw, 770px\" \/><figcaption><strong>Kubas bekanntester B\u00fcrgerrechtler Jos\u00e9 Daniel Ferrer solidarisierte sich mit den protestierenden K\u00fcnstlern. Der ehemalige politische Gefangene gr\u00fcndete die B\u00fcrgerrechtsbewegung UNPACU, die zur wichtigsten Stimme der kubanischen Demokratiebewegung geworden ist.<\/strong><br><\/figcaption><\/figure><\/div>\n\n\n\n<p>Der Text spricht auch die Unterdr\u00fcckung, den Mangel, die Armut und die Verlogenheit der Diktatur an. Zum 500J\u00e4hrigen Stadtjubil\u00e4um Havannas veranstaltete die Diktatur ein protziges Fest, zu dem auch das spanische K\u00f6nigspaar eingeladen war. Die Stra\u00dfen der Stadt, die man den G\u00e4sten zeigen wollte, wurden extra renoviert und herausgeputzt.&nbsp; F\u00fcr die k\u00f6niglichen G\u00e4ste gab es ein wahren Festmah. Das einfach Volk Havannas hat dagegen kaum was zu Essen.<\/p>\n\n\n\n<p>Auf diesen Umstand weisen die S\u00e4nger in ihrem Leid ebenso hin, wie auf die Werbung des Regimes, die den Badeort Varadero als Luxusparadies anpreist. Dem gegen\u00fcber gestellt wird das Leid dass durch Auswanderung verursacht wird. Millionen Kubaner mussten ihre Heimat verlassen. Die einen aus politischen Gr\u00fcnden, die anderen wegen Hunger und Armut.<\/p>\n\n\n\n<p>Auch der Umstand dass in Kuba Grundnahrungsmittel nur gegen Devisen verf\u00fcgbar sind wird thematisiert, indem gesagt wird, dass die Kubaner ihre Pesos mit dem Portr\u00e4t von Jose Marti und Che Guevara gegen Devisen tauschen wollen. Im Musikvideo sieht man auch wie ein Peso Schein verbrennt und ein US-Dollar schein darunter zum Vorschein kommt.<\/p>\n\n\n\n<p>Ferner wird in dem Lied noch der Hungerstreik des Movimiento San Isidro und die harte Reaktion des Staates auf diesen Protest thematisiert. Das Lied stellt auch Forderungen auf. Trotz verschiedener Meinungen soll man aneinander menschlich behandeln, die Unterdr\u00fcckung soll aufh\u00f6ren. Es fordert Freiheit, statt Propaganda, L\u00fcgen und Doktrin. Au\u00dferdem wird in dem Lied mehrmals angedeutet, dass die Zeit der Diktatur abgelaufen sei und dass ihr Ende nah sei.<\/p>\n\n\n\n<p>Der Text ist also hochpolitisch und beschreibt gleichzeitig die aktuelle Lage auf Kuba ziemlich realit\u00e4tsnah. Hinzukommt der hohe Bekanntheitsgrad der S\u00e4nger. Das erkl\u00e4rt den gro\u00dfen Erfolg des Liedes und die gereizte Reaktion der Machthaber.<\/p>\n\n\n\n<figure class=\"wp-block-embed is-type-video is-provider-youtube wp-block-embed-youtube wp-embed-aspect-16-9 wp-has-aspect-ratio\"><div class=\"wp-block-embed__wrapper\">\n<iframe loading=\"lazy\" title=\"Patria y Vida - Yotuel , Gente de Zona, Decemer Bueno, Maykel Osorbo , El Funky\" width=\"500\" height=\"281\" src=\"https:\/\/www.youtube.com\/embed\/pP9Bto5lOEQ?feature=oembed\" frameborder=\"0\" allow=\"accelerometer; autoplay; clipboard-write; encrypted-media; gyroscope; picture-in-picture; web-share\" referrerpolicy=\"strict-origin-when-cross-origin\" allowfullscreen><\/iframe>\n<\/div><\/figure>\n\n\n\n<p>Songtext:<\/p>\n\n\n\n<p><strong><u>Vaterland und Leben<\/u><\/strong><\/p>\n\n\n\n<p>Und Du bist mein Sirengesang<\/p>\n\n\n\n<p>Weil mit Deiner Stimme vergehen meine Leiden<\/p>\n\n\n\n<p>Und dieses Gef\u00fchl ist schon alt<\/p>\n\n\n\n<p>Du tust mir so weh obwohl du soweit weg bist<\/p>\n\n\n\n<p>Heute lade ich Dich ein durch mein Viertel zu gehen<\/p>\n\n\n\n<p>Um Dir zu zeigen f\u00fcr was deine Ideale gut sind<\/p>\n\n\n\n<p>Wir sind Menschen auch wenn wir nicht einer Meinung sind<\/p>\n\n\n\n<p>Wir sollten uns nicht wie Tiere behandeln und uns verletzen<\/p>\n\n\n\n<p>Das ist meine Art es Dir zu sagen<\/p>\n\n\n\n<p>Mein Volk weint und ich h\u00f6re es<\/p>\n\n\n\n<p>Du F\u00fcnf Neun ich doppel Zwei<\/p>\n\n\n\n<p>60 Jahre das Dominospiel blockiert<\/p>\n\n\n\n<p>Punk und Protz f\u00fcr das 500 j\u00e4hrige Stadtjubil\u00e4um Havannas<\/p>\n\n\n\n<p>W\u00e4hrend in den H\u00e4usern die Kocht\u00f6pfe l\u00e4ngst ohne Essen sind<\/p>\n\n\n\n<p>Was gibt es zu feiern wenn die Menschen schnell unterwegs sind<\/p>\n\n\n\n<p>Um den Che Guevara und den Marti gegen Devisen zu tauschen<\/p>\n\n\n\n<p>Alle hat sich ver\u00e4ndert nichts ist mehr das Gleiche<\/p>\n\n\n\n<p>Zwischen uns gibt es einen Abgrund<\/p>\n\n\n\n<p>Werbung \u00fcber das Paradies von Varadero<\/p>\n\n\n\n<p>W\u00e4hrend die M\u00fctter ihren Kindern nachweinen die auswandern mussten<\/p>\n\n\n\n<p>Es ist vorbei, Du F\u00fcnf Neun ich doppel Zwei<\/p>\n\n\n\n<p>Es ist vorbei, 60 Jahre das Domino blockiert schau<\/p>\n\n\n\n<p>Es ist vorbei, Du F\u00fcnf Neun ich doppel zwei<\/p>\n\n\n\n<p>Es ist vorbei, 60 Jahre das Domino blockiert<\/p>\n\n\n\n<p>Wir sind K\u00fcnstler, wir sind Empfindsamkeit<\/p>\n\n\n\n<p>Die wahre Geschichte, nicht die falsch erz\u00e4hlte<\/p>\n\n\n\n<p>Wir sind die W\u00fcrde eines ganzen geschundenen Volkes<\/p>\n\n\n\n<p>Unterdr\u00fcckt mit vorgehaltener Waffe und mit Worten die nichts mehr wert sind<\/p>\n\n\n\n<p>Keine L\u00fcgen mehr, mein Volk will die Freiheit, keine Doktrin mehr<\/p>\n\n\n\n<p>Wir rufen nicht mehr Vaterland oder Tod sondern Vaterland und Leben<\/p>\n\n\n\n<p>Und wir fangen an zu bauen was wir tr\u00e4umen<\/p>\n\n\n\n<p>Das was ihr mit euren H\u00e4nden zerst\u00f6rt habt<\/p>\n\n\n\n<p>Es soll kein Blut mehr flie\u00dfen, weil man anders denken m\u00f6chte<\/p>\n\n\n\n<p>Wer sagt das Kuba euch geh\u00f6rt, mein Kuba geh\u00f6rt meinem ganzen Volk<\/p>\n\n\n\n<p>Es ist vorbei, eure Zeit ist abgelaufen, das Schweigen ist gebrochen<\/p>\n\n\n\n<p>Es ist vorbei, das Gel\u00e4chter verstummt und die Tr\u00e4nen laufen<\/p>\n\n\n\n<p>Es ist vorbei, wie haben keine Angst mehr, der Betrug ist vorbei<\/p>\n\n\n\n<p>Es ist vorbei, 62 Jahre lang Schaden verursachen<\/p>\n\n\n\n<p>Dort lebten wir mit der Unsicherheit<\/p>\n\n\n\n<p>15 Freunde vereint im Protest, bereit zu sterben<\/p>\n\n\n\n<p>Wir hissten die Flagge trotz der t\u00e4glichen Repressalien des Regimes<\/p>\n\n\n\n<p>Anamel und Ramon blieben stark mit ihrer Poesie<\/p>\n\n\n\n<p>Omara Ruiz Urquiola gab uns den Mut zu leben<\/p>\n\n\n\n<p>Sie haben unsere T\u00fcr eingetreten, unseren Tempel verw\u00fcstet<\/p>\n\n\n\n<p>Und die Welt ist sich bewusst, dass das MSI weiter macht<\/p>\n\n\n\n<p>Es ist immer dasselbe, die Stasi spioniert uns aus<\/p>\n\n\n\n<p>Diese Dinge emp\u00f6ren mich so sehr, Schluss mit dem R\u00e4tsel<\/p>\n\n\n\n<p>Schluss mit Deiner teuflischen Revolution,<\/p>\n\n\n\n<p>ich bin funky\u2019style hier hast Du meine Unterschrift<\/p>\n\n\n\n<p>Ihr seid mittlerweile \u00fcberfl\u00fcssig, euch bleibt keine Zeit mehr, euer Stern ist am sinken<\/p>\n\n\n\n<p>Das Volk hat genug vom durchhalten, wie warten auf einen neuen Morgen<\/p>\n\n\n\n<p>Es ist vorbei, Du F\u00fcnf Neun ich doppel Zwei<\/p>\n\n\n\n<p>Es ist vorbei, 60 Jahre das Domino blockiert schau<\/p>\n\n\n\n<p>Es ist vorbei, Du F\u00fcnf Neun ich doppel Zwei<\/p>\n\n\n\n<p>Es ist vorbei, 60 Jahre das Domino blockiert<\/p>\n\n\n\n<p><em>\u00dcbersetzung und Analyse von Fernando Rivas<\/em><\/p>\n","protected":false},"excerpt":{"rendered":"<p>Der virale Hit aus Kuba emp\u00f6rt das Regime PATRIA Y VIDA \u2013 Leben statt Tod Der Protestsong&nbsp;Patria Y Vida&nbsp;hat binnen 2 Wochen nach Erscheinen schon mehr als 2,6 Millionen Clicks auf Youtube erhalten und war bereits Thema im EU-Parlament. Das Lied schl\u00e4gt auf Kuba ein wie eine Bombe, es ist das Gespr\u00e4chsthema Nr. 1. Das [&hellip;]<\/p>\n","protected":false},"author":1,"featured_media":1470,"comment_status":"open","ping_status":"open","sticky":false,"template":"","format":"standard","meta":{"footnotes":""},"categories":[17],"tags":[],"class_list":["post-1469","post","type-post","status-publish","format-standard","has-post-thumbnail","hentry","category-kuba"],"_links":{"self":[{"href":"https:\/\/botschafter-menschenrechte.de\/index.php?rest_route=\/wp\/v2\/posts\/1469","targetHints":{"allow":["GET"]}}],"collection":[{"href":"https:\/\/botschafter-menschenrechte.de\/index.php?rest_route=\/wp\/v2\/posts"}],"about":[{"href":"https:\/\/botschafter-menschenrechte.de\/index.php?rest_route=\/wp\/v2\/types\/post"}],"author":[{"embeddable":true,"href":"https:\/\/botschafter-menschenrechte.de\/index.php?rest_route=\/wp\/v2\/users\/1"}],"replies":[{"embeddable":true,"href":"https:\/\/botschafter-menschenrechte.de\/index.php?rest_route=%2Fwp%2Fv2%2Fcomments&post=1469"}],"version-history":[{"count":11,"href":"https:\/\/botschafter-menschenrechte.de\/index.php?rest_route=\/wp\/v2\/posts\/1469\/revisions"}],"predecessor-version":[{"id":1491,"href":"https:\/\/botschafter-menschenrechte.de\/index.php?rest_route=\/wp\/v2\/posts\/1469\/revisions\/1491"}],"wp:featuredmedia":[{"embeddable":true,"href":"https:\/\/botschafter-menschenrechte.de\/index.php?rest_route=\/wp\/v2\/media\/1470"}],"wp:attachment":[{"href":"https:\/\/botschafter-menschenrechte.de\/index.php?rest_route=%2Fwp%2Fv2%2Fmedia&parent=1469"}],"wp:term":[{"taxonomy":"category","embeddable":true,"href":"https:\/\/botschafter-menschenrechte.de\/index.php?rest_route=%2Fwp%2Fv2%2Fcategories&post=1469"},{"taxonomy":"post_tag","embeddable":true,"href":"https:\/\/botschafter-menschenrechte.de\/index.php?rest_route=%2Fwp%2Fv2%2Ftags&post=1469"}],"curies":[{"name":"wp","href":"https:\/\/api.w.org\/{rel}","templated":true}]}}