{"id":1508,"date":"2021-03-11T15:38:35","date_gmt":"2021-03-11T15:38:35","guid":{"rendered":"http:\/\/botschafter-menschenrechte.de\/?p=1508"},"modified":"2021-03-11T15:38:35","modified_gmt":"2021-03-11T15:38:35","slug":"das-kubanische-volk-will-den-wandel","status":"publish","type":"post","link":"https:\/\/botschafter-menschenrechte.de\/?p=1508","title":{"rendered":"Das kubanische Volk will den Wandel"},"content":{"rendered":"\n<h1 class=\"wp-block-heading\">Das kubanische Volk will den Wandel<\/h1>\n\n\n\n<h3 class=\"wp-block-heading\">Botschaft von Iliana Hernandez<\/h3>\n\n\n\n<p>Ich hei\u00dfe Iliana Hernandez, ich bin Journalistin beim Onlinemedium Cibercuba Noticias und habe an der Protestaktion des Movimiento San Isidro teilgenommen. Au\u00dferdem bin ich eine der Organisatoren der Aktion \u201eSchlange der Freiheit\u201c.<br>Das Lied Patria y Vida hat dem kubanischen Volk viel Hoffnung gebracht und ich w\u00fcrde sogar sagen, dass das Lied die Hymne der Freiheit der Kubaner ist. Als Antwort hat das Regime ein eigenes Lied herausgebracht, welches mit Patria y Vida im Wettbewerb steht. Dieses Lied ist allerdings was vollkommen l\u00e4cherliches und kommt \u00fcberhaupt nicht gut an. Dennoch f\u00fchlt es sich so an als ob es zum ersten Mal in Kuba eine demokratische Wahl g\u00e4be. Zwar nur zwischen zwei Liedern, denn uns ist es weiterhin verboten zwischen verschiedenen Parteien zu w\u00e4hlen. Aber dennoch zeigt das kubanische Volk, dass es den Wandel m\u00f6chte, dass es sich f\u00fcr Vaterland und Leben (Patria y Vida) entscheidet und nicht f\u00fcr Vaterland oder Tod (Patria o Muerte).<\/p>\n","protected":false},"excerpt":{"rendered":"<p>Das kubanische Volk will den Wandel Botschaft von Iliana Hernandez Ich hei\u00dfe Iliana Hernandez, ich bin Journalistin beim Onlinemedium Cibercuba Noticias und habe an der Protestaktion des Movimiento San Isidro teilgenommen. Au\u00dferdem bin ich eine der Organisatoren der Aktion \u201eSchlange der Freiheit\u201c.Das Lied Patria y Vida hat dem kubanischen Volk viel Hoffnung gebracht und ich [&hellip;]<\/p>\n","protected":false},"author":1,"featured_media":1510,"comment_status":"open","ping_status":"open","sticky":false,"template":"","format":"standard","meta":{"footnotes":""},"categories":[17],"tags":[],"class_list":["post-1508","post","type-post","status-publish","format-standard","has-post-thumbnail","hentry","category-kuba"],"_links":{"self":[{"href":"https:\/\/botschafter-menschenrechte.de\/index.php?rest_route=\/wp\/v2\/posts\/1508","targetHints":{"allow":["GET"]}}],"collection":[{"href":"https:\/\/botschafter-menschenrechte.de\/index.php?rest_route=\/wp\/v2\/posts"}],"about":[{"href":"https:\/\/botschafter-menschenrechte.de\/index.php?rest_route=\/wp\/v2\/types\/post"}],"author":[{"embeddable":true,"href":"https:\/\/botschafter-menschenrechte.de\/index.php?rest_route=\/wp\/v2\/users\/1"}],"replies":[{"embeddable":true,"href":"https:\/\/botschafter-menschenrechte.de\/index.php?rest_route=%2Fwp%2Fv2%2Fcomments&post=1508"}],"version-history":[{"count":1,"href":"https:\/\/botschafter-menschenrechte.de\/index.php?rest_route=\/wp\/v2\/posts\/1508\/revisions"}],"predecessor-version":[{"id":1511,"href":"https:\/\/botschafter-menschenrechte.de\/index.php?rest_route=\/wp\/v2\/posts\/1508\/revisions\/1511"}],"wp:featuredmedia":[{"embeddable":true,"href":"https:\/\/botschafter-menschenrechte.de\/index.php?rest_route=\/wp\/v2\/media\/1510"}],"wp:attachment":[{"href":"https:\/\/botschafter-menschenrechte.de\/index.php?rest_route=%2Fwp%2Fv2%2Fmedia&parent=1508"}],"wp:term":[{"taxonomy":"category","embeddable":true,"href":"https:\/\/botschafter-menschenrechte.de\/index.php?rest_route=%2Fwp%2Fv2%2Fcategories&post=1508"},{"taxonomy":"post_tag","embeddable":true,"href":"https:\/\/botschafter-menschenrechte.de\/index.php?rest_route=%2Fwp%2Fv2%2Ftags&post=1508"}],"curies":[{"name":"wp","href":"https:\/\/api.w.org\/{rel}","templated":true}]}}