{"id":1527,"date":"2021-03-16T11:20:52","date_gmt":"2021-03-16T11:20:52","guid":{"rendered":"http:\/\/botschafter-menschenrechte.de\/?p=1527"},"modified":"2021-03-16T11:20:52","modified_gmt":"2021-03-16T11:20:52","slug":"die-diktatur-lehnt-uns-ab-und-demuetigt-uns","status":"publish","type":"post","link":"https:\/\/botschafter-menschenrechte.de\/?p=1527","title":{"rendered":"\u201eDie Diktatur lehnt uns ab und dem\u00fctigt uns!\u201c"},"content":{"rendered":"\n<h1 class=\"wp-block-heading\"><strong>\u201eDie Diktatur lehnt uns ab und dem\u00fctigt uns!\u201c<\/strong><\/h1>\n\n\n\n<p>Guten Tag, mein Name ist Adrian Rubio. Ich bin 18 Jahre alt und Aktivist f\u00fcr Menschenrechte. Ich bin Mitglied im MSI und habe an der Protestaktion im November vergangenen Jahres teilgenommen. Meinen Milit\u00e4rdienst habe ich aus Gewissensgr\u00fcnden verweigert. Au\u00dferdem bin ich Mitglied der kubanischen LGBT-Community. In diesem kurzen Video werde ich \u00fcber die Situation der LGBT in Kuba sprechen.<\/p>\n\n\n\n<p>Wir Schwule haben keinerlei Vertretung, keine Stimme in der kubanischen Regierung. Wir sind v\u00f6llig schutzlos und die grausame Diktatur lehnt uns ab und dem\u00fctigt uns. Wir werden diskriminiert und geschlagen. Wir warten sehns\u00fcchtig auf den Tag an dem in Kuba die Menschenrechte geachtet werden. Insbesondere warten wir darauf, dass unsere Rechte, die LGBT-Rechte endlich respektiert werden. Ich danke Ihnen f\u00fcr ihre Aufmerksamkeit.<\/p>\n","protected":false},"excerpt":{"rendered":"<p>\u201eDie Diktatur lehnt uns ab und dem\u00fctigt uns!\u201c Guten Tag, mein Name ist Adrian Rubio. Ich bin 18 Jahre alt und Aktivist f\u00fcr Menschenrechte. Ich bin Mitglied im MSI und habe an der Protestaktion im November vergangenen Jahres teilgenommen. Meinen Milit\u00e4rdienst habe ich aus Gewissensgr\u00fcnden verweigert. Au\u00dferdem bin ich Mitglied der kubanischen LGBT-Community. In diesem [&hellip;]<\/p>\n","protected":false},"author":1,"featured_media":1526,"comment_status":"open","ping_status":"open","sticky":false,"template":"","format":"standard","meta":{"footnotes":""},"categories":[17,29],"tags":[],"class_list":["post-1527","post","type-post","status-publish","format-standard","has-post-thumbnail","hentry","category-kuba","category-lgbtq"],"_links":{"self":[{"href":"https:\/\/botschafter-menschenrechte.de\/index.php?rest_route=\/wp\/v2\/posts\/1527","targetHints":{"allow":["GET"]}}],"collection":[{"href":"https:\/\/botschafter-menschenrechte.de\/index.php?rest_route=\/wp\/v2\/posts"}],"about":[{"href":"https:\/\/botschafter-menschenrechte.de\/index.php?rest_route=\/wp\/v2\/types\/post"}],"author":[{"embeddable":true,"href":"https:\/\/botschafter-menschenrechte.de\/index.php?rest_route=\/wp\/v2\/users\/1"}],"replies":[{"embeddable":true,"href":"https:\/\/botschafter-menschenrechte.de\/index.php?rest_route=%2Fwp%2Fv2%2Fcomments&post=1527"}],"version-history":[{"count":1,"href":"https:\/\/botschafter-menschenrechte.de\/index.php?rest_route=\/wp\/v2\/posts\/1527\/revisions"}],"predecessor-version":[{"id":1528,"href":"https:\/\/botschafter-menschenrechte.de\/index.php?rest_route=\/wp\/v2\/posts\/1527\/revisions\/1528"}],"wp:featuredmedia":[{"embeddable":true,"href":"https:\/\/botschafter-menschenrechte.de\/index.php?rest_route=\/wp\/v2\/media\/1526"}],"wp:attachment":[{"href":"https:\/\/botschafter-menschenrechte.de\/index.php?rest_route=%2Fwp%2Fv2%2Fmedia&parent=1527"}],"wp:term":[{"taxonomy":"category","embeddable":true,"href":"https:\/\/botschafter-menschenrechte.de\/index.php?rest_route=%2Fwp%2Fv2%2Fcategories&post=1527"},{"taxonomy":"post_tag","embeddable":true,"href":"https:\/\/botschafter-menschenrechte.de\/index.php?rest_route=%2Fwp%2Fv2%2Ftags&post=1527"}],"curies":[{"name":"wp","href":"https:\/\/api.w.org\/{rel}","templated":true}]}}