{"id":1536,"date":"2021-03-18T09:31:26","date_gmt":"2021-03-18T09:31:26","guid":{"rendered":"http:\/\/botschafter-menschenrechte.de\/?p=1536"},"modified":"2021-03-18T14:37:12","modified_gmt":"2021-03-18T14:37:12","slug":"katastrophale-haftbedingungen-fuer-die-politischen-gefangenen","status":"publish","type":"post","link":"https:\/\/botschafter-menschenrechte.de\/?p=1536","title":{"rendered":"Katastrophale Haftbedingungen f\u00fcr die politischen Gefangenen"},"content":{"rendered":"\n<h1 class=\"wp-block-heading\">Katastrophale Haftbedingungen f\u00fcr die politischen Gefangenen<\/h1>\n\n\n\n<h3 class=\"wp-block-heading\">Berta Soler, Sprecherin der \u201eDamen in Wei\u00df\u201c berichtet \u00fcber Verfolgung Von B\u00fcrgerrechtler und Menschenrechtsverletzungen auf Kuba.<\/h3>\n\n\n\n<p>Einen herzlichen Gru\u00df an alle Anwesenden. Ich bin Berta Soler Fernandez, Vertreterin der Damen in Wei\u00df. In Kuba gibt es ungef\u00e4hr 130 politische Gefangene. Das sind M\u00e4nner und Frauen, die nur deswegen in Haft sitzen, weil sie sich f\u00fcr die Einhaltung der Menschenrechte einsetzen. Man steckt sie ins Gef\u00e4ngnis um sie zum schweigen zu bringen. Oft wirft man ihnen nicht politische Straftaten vor, diese sind jedoch frei erfunden. Sie werden zusammen mit gew\u00f6hnlichen Kriminellen in unmenschlichen Zust\u00e4nden gehalten. Insbesondere jetzt w\u00e4hrend der Corona Pandemie ist das gef\u00e4hrlich, in den Gef\u00e4ngnissen grassiert die Krankheit.&nbsp; Au\u00dferdem ist die Ern\u00e4hrungssituation in den Gef\u00e4ngnissen extrem schlecht und wegen der Pandemie d\u00fcrfen keinerlei Besuche der Angeh\u00f6rigen empfangen werden.<\/p>\n\n\n\n<p>Ich m\u00f6chte sie dar\u00fcber informieren, dass wir, die Damen in Wei\u00df, weiter unter dem starken Verfolgungsdruck und der \u00dcberwachung des Regimes leiden, obwohl wir aufgrund der Corona Pandemie unsere Aktivit\u00e4ten und Kampagnen f\u00fcr die Freiheit Kubas und der politischen Gefangenen pausiert haben. Diese repressiven Ma\u00dfnahmen sollen uns daran hindern uns zu treffen und gemeinsam die Messe zu besuchen.&nbsp;<\/p>\n\n\n\n<p>Au\u00dferdem m\u00f6chte ich Ihnen mitteilen, dass eine Dame in Wei\u00df, Aymara Nieto Munoz, seit mehr als 2,5 Jahren im Gef\u00e4ngnis ist. Sie hat zwei T\u00f6chter im Alter von 12 und 7 Jahren, die sie seit \u00fcber einem Jahr nicht mehr gesehen hat. Au\u00dferdem hat man sie absichtlich in ein Frauengef\u00e4ngnis in Las Tunas gesteckt, welches 600km von Havanna entfernt ist, um Besuche der Familie zus\u00e4tzlich zu erschweren.&nbsp;<\/p>\n\n\n\n<p>Dar\u00fcber hinaus m\u00fcssen wir uns Heute den 18. M\u00e4rz, an den Schwarzen Fr\u00fchling vom 18. M\u00e4rz 2003 erinnern. Damals hat das kubanische Regime 75 M\u00e4nner verhaftet, nur weil sie sich f\u00fcr die Einhaltung der Menschenrechte eingesetzt haben. Sie wurden zu Haftstrafen von 6 bis zu 28 Jahren verurteilt. Wir gedenken heute diesen schwarzen Fr\u00fchling. Wir d\u00fcrfen nicht vergessen, dass der Diktator Fidel Castro damals den Befehl gab 75 M\u00e4nner zu verhaften und dadurch 75 Familien zerst\u00f6rte und dass sein Bruder Raul Castro diesen Befehl ausf\u00fchrte.&nbsp;<\/p>\n\n\n\n<p>In Kuba geht die Verfolgung weiter, und sie wird sogar noch schlimmer, gegen\u00fcber den Menschenrechtsaktivisten aber auch gegen\u00fcber dem normalen Volk. Zur Zeit sind die Stra\u00dfen des Landes voll mit Milit\u00e4r, um zu verhindern, dass es auf Grund des gravierenden Mangels an Lebensmitteln zu Protesten der Bev\u00f6lkerung und der Aktivisten kommt.&nbsp;<\/p>\n\n\n\n<p>Vielen Dank f\u00fcr ihre Aufmerksamkeit und m\u00f6ge Gott sie segnen.&nbsp;<\/p>\n\n\n\n<figure class=\"wp-block-image size-large\"><img loading=\"lazy\" decoding=\"async\" width=\"1024\" height=\"768\" src=\"http:\/\/botschafter-menschenrechte.de\/wp-content\/uploads\/2021\/03\/Screenshot-2021-03-18-at-10.28.16-1024x768.png\" alt=\"\" class=\"wp-image-1538\" srcset=\"https:\/\/botschafter-menschenrechte.de\/wp-content\/uploads\/2021\/03\/Screenshot-2021-03-18-at-10.28.16-1024x768.png 1024w, https:\/\/botschafter-menschenrechte.de\/wp-content\/uploads\/2021\/03\/Screenshot-2021-03-18-at-10.28.16-300x225.png 300w, https:\/\/botschafter-menschenrechte.de\/wp-content\/uploads\/2021\/03\/Screenshot-2021-03-18-at-10.28.16-768x576.png 768w, https:\/\/botschafter-menschenrechte.de\/wp-content\/uploads\/2021\/03\/Screenshot-2021-03-18-at-10.28.16.png 1282w\" sizes=\"auto, (max-width: 1024px) 100vw, 1024px\" \/><figcaption>Berta Soler, Vorsitzende der \u201eDamen in Wei\u00df\u201c.<br><\/figcaption><\/figure>\n","protected":false},"excerpt":{"rendered":"<p>Katastrophale Haftbedingungen f\u00fcr die politischen Gefangenen Berta Soler, Sprecherin der \u201eDamen in Wei\u00df\u201c berichtet \u00fcber Verfolgung Von B\u00fcrgerrechtler und Menschenrechtsverletzungen auf Kuba. Einen herzlichen Gru\u00df an alle Anwesenden. Ich bin Berta Soler Fernandez, Vertreterin der Damen in Wei\u00df. In Kuba gibt es ungef\u00e4hr 130 politische Gefangene. Das sind M\u00e4nner und Frauen, die nur deswegen in [&hellip;]<\/p>\n","protected":false},"author":1,"featured_media":1537,"comment_status":"open","ping_status":"open","sticky":false,"template":"","format":"standard","meta":{"footnotes":""},"categories":[17],"tags":[],"class_list":["post-1536","post","type-post","status-publish","format-standard","has-post-thumbnail","hentry","category-kuba"],"_links":{"self":[{"href":"https:\/\/botschafter-menschenrechte.de\/index.php?rest_route=\/wp\/v2\/posts\/1536","targetHints":{"allow":["GET"]}}],"collection":[{"href":"https:\/\/botschafter-menschenrechte.de\/index.php?rest_route=\/wp\/v2\/posts"}],"about":[{"href":"https:\/\/botschafter-menschenrechte.de\/index.php?rest_route=\/wp\/v2\/types\/post"}],"author":[{"embeddable":true,"href":"https:\/\/botschafter-menschenrechte.de\/index.php?rest_route=\/wp\/v2\/users\/1"}],"replies":[{"embeddable":true,"href":"https:\/\/botschafter-menschenrechte.de\/index.php?rest_route=%2Fwp%2Fv2%2Fcomments&post=1536"}],"version-history":[{"count":1,"href":"https:\/\/botschafter-menschenrechte.de\/index.php?rest_route=\/wp\/v2\/posts\/1536\/revisions"}],"predecessor-version":[{"id":1539,"href":"https:\/\/botschafter-menschenrechte.de\/index.php?rest_route=\/wp\/v2\/posts\/1536\/revisions\/1539"}],"wp:featuredmedia":[{"embeddable":true,"href":"https:\/\/botschafter-menschenrechte.de\/index.php?rest_route=\/wp\/v2\/media\/1537"}],"wp:attachment":[{"href":"https:\/\/botschafter-menschenrechte.de\/index.php?rest_route=%2Fwp%2Fv2%2Fmedia&parent=1536"}],"wp:term":[{"taxonomy":"category","embeddable":true,"href":"https:\/\/botschafter-menschenrechte.de\/index.php?rest_route=%2Fwp%2Fv2%2Fcategories&post=1536"},{"taxonomy":"post_tag","embeddable":true,"href":"https:\/\/botschafter-menschenrechte.de\/index.php?rest_route=%2Fwp%2Fv2%2Ftags&post=1536"}],"curies":[{"name":"wp","href":"https:\/\/api.w.org\/{rel}","templated":true}]}}