{"id":1569,"date":"2021-04-14T12:17:34","date_gmt":"2021-04-14T12:17:34","guid":{"rendered":"http:\/\/botschafter-menschenrechte.de\/?p=1569"},"modified":"2021-04-16T08:02:01","modified_gmt":"2021-04-16T08:02:01","slug":"der-hungerstreik-endet-die-unterdrueckung-geht-weiter","status":"publish","type":"post","link":"https:\/\/botschafter-menschenrechte.de\/?p=1569","title":{"rendered":"Der Hungerstreik endet, die Unterdr\u00fcckung geht weiter"},"content":{"rendered":"\n<p><em>Kommentar von Fernando Rivas:<\/em><\/p>\n\n\n\n<h1 class=\"wp-block-heading\">Der Hungerstreik endet, die Unterdr\u00fcckung geht weiter<\/h1>\n\n\n\n<p>Am Samstag (10. April 2021) endete der Hungerstreik der UNPACU-Aktivisten, nachdem Polizei und Staatssicherheit aufgeh\u00f6rt hatten den Sitz und die Armenk\u00fcche der Organisation abzuriegeln. So war es wieder m\u00f6glich Essen und Medikamente an Bed\u00fcrftige zu verteilen. Die zentrale Forderung der Hungerstreiken wurde somit erf\u00fcllt. Die Bed\u00fcrftigen lie\u00dfen auch nicht lange auf sich warten, ihre Not ist zu gro\u00df, als das die Angst vor Repressalien sie davon abhalten w\u00fcrde zu kommen.<\/p>\n\n\n\n<div class=\"wp-block-image\"><figure class=\"alignleft size-large is-resized\"><img loading=\"lazy\" decoding=\"async\" src=\"http:\/\/botschafter-menschenrechte.de\/wp-content\/uploads\/2021\/04\/Bild1.jpg\" alt=\"\" class=\"wp-image-1570\" width=\"818\" height=\"461\" srcset=\"https:\/\/botschafter-menschenrechte.de\/wp-content\/uploads\/2021\/04\/Bild1.jpg 623w, https:\/\/botschafter-menschenrechte.de\/wp-content\/uploads\/2021\/04\/Bild1-300x169.jpg 300w\" sizes=\"auto, (max-width: 818px) 100vw, 818px\" \/><figcaption>Jose Daniel Ferrer wendet sich per Videobotschaft an die \u00d6ffentlichkeit<\/figcaption><\/figure><\/div>\n\n\n\n<p>Allerdings war die scheinbare Erf\u00fcllung der Forderungen durch das Regime nur eine Finte, um den Hungerstreik erstmal zu beenden. Bereits am Montag war die Polizei wieder vor Ort und kontrollierte die Papiere von Jedem, der sich dem Sitz der UNPACU n\u00e4hern wollte. Deren Vorsitzender, Jose Daniel Ferrer, wandte sich mithilfe einer Videobotschaft an die \u00d6ffentlichkeit und verurteilte die erneuten Repressalien gegen seine Organisation.&nbsp; Er k\u00fcndigte eine baldige Reaktion an. Ob er den Hungerstreik wieder aufnehmen wird ist noch unklar.<\/p>\n\n\n\n<p>In Havanna bekommen auch die Aktivisten des Movimiento San Isidro (MSI) die Rache des Regimes f\u00fcr ihre Protestaktion vom Ostersonntag zu sp\u00fcren. Sowohl Maykel Osorbo als auch Luis Manuel Ortero Alcantara wurden mittlerweile mehrmals verh\u00f6rt und verhaftet. Luis Manuel wird seit Tagen am Verlassen seines Hauses gehindert und Maykel Osorbo wurde von Schergen des Regimes auf der Stra\u00dfe zusammengeschlagen.&nbsp;<\/p>\n\n\n\n<figure class=\"wp-block-image size-large\"><img loading=\"lazy\" decoding=\"async\" width=\"1024\" height=\"576\" src=\"http:\/\/botschafter-menschenrechte.de\/wp-content\/uploads\/2021\/04\/Bild2-1024x576.jpg\" alt=\"\" class=\"wp-image-1571\" srcset=\"https:\/\/botschafter-menschenrechte.de\/wp-content\/uploads\/2021\/04\/Bild2-1024x576.jpg 1024w, https:\/\/botschafter-menschenrechte.de\/wp-content\/uploads\/2021\/04\/Bild2-300x169.jpg 300w, https:\/\/botschafter-menschenrechte.de\/wp-content\/uploads\/2021\/04\/Bild2-768x432.jpg 768w, https:\/\/botschafter-menschenrechte.de\/wp-content\/uploads\/2021\/04\/Bild2.jpg 1280w\" sizes=\"auto, (max-width: 1024px) 100vw, 1024px\" \/><figcaption>Maykel Osorbo zeigt seine blutige Nase, nachdem Schergen des Regimes ihn verpr\u00fcgelt haben<\/figcaption><\/figure>\n\n\n\n<p>Diese Vorg\u00e4nge zeigen, dass der kubanische Unterdr\u00fcckungsapparat nach wie vor sehr effizient funktioniert. Zwar kritisieren immer mehr Kubaner in den sozialen Medien offen die Zust\u00e4nde in ihrem Land. Aber im nicht virtuellen Raum, auf den Stra\u00dfe des Landes, stehen die einzelnen Oppositionellen noch immer ziemlich alleine da. Sie werden oft von einigen Nachbarn und Anwohnern des gleichen Stadtviertels unterst\u00fctzt, aber eine breite Volksbewegung gegen die Diktatur l\u00e4sst zur Zeit weiter auf sich warten.<\/p>\n\n\n\n<p>Es ist auch nicht klar ob Hungerstreiks wirklich sinnvoll und zielf\u00fchrend sind. Der Mut und die Hingabe der Aktivisten, die sich f\u00fcr so einen gef\u00e4hrlichen Weg des Protestes entscheiden, verdient auf jeden Fall unser Aller Respekt. Dennoch: In einem Land in dem die meisten Menschen eh nicht genug zu Essen haben, verstehen viele normale Kubaner nicht den Sinn eines Hungerstreiks. Das war in einigen Kommentaren in den sozialen Medien ersichtlich.<\/p>\n\n\n\n<p>Au\u00dferdem steht das Risiko f\u00fcr die Aktivisten oft in keinem Vergleich zum Ergebnis. Der Fall Ferrer zeigt wieder einmal, dass das kubanische Regime sich nicht wirklich von hungerstreikenden Dissidenten zu Zugest\u00e4ndnissen bewegen l\u00e4sst. Das mag auch daran liegen, dass die kubanische Opposition sehr h\u00e4ufig zu diesem Mittel greift, wodurch es sich zweifelsohne etwas abgenutzt hat. Erst im November 2020 f\u00fchrten die Aktivisten des MSI einen Hungerstreik durch, der vom Regime durch Polizeigewalt beendet wurde. Auch damals wurden keinerlei Forderungen erf\u00fcllt.&nbsp;<\/p>\n\n\n\n<p>Die j\u00fcngere Geschichte zeigt auch, dass das Regime einen Menschen sich lieber zu Tode hungern l\u00e4sst, als Zugest\u00e4ndnisse zu machen. Der politische Gefangene Orlando Zapata starb im Jahre 2010 nach einem 86 t\u00e4gigen Hungerstreik qualvoll. Das gab zwar international einen gewaltigen Aufschrei, sogar das EU Parlament verurteilte Kuba wegen des Todes von Zapata. Auf Kuba selber \u00e4nderte das jedoch gar nichts. 11 Jahre nach dem tragischen Tod Zapatas ist das Land noch immer eine kommunistische Diktatur, die die Menschenrechte ihrer B\u00fcrger mit F\u00fc\u00dfen tritt.<\/p>\n","protected":false},"excerpt":{"rendered":"<p>Kommentar von Fernando Rivas: Der Hungerstreik endet, die Unterdr\u00fcckung geht weiter Am Samstag (10. April 2021) endete der Hungerstreik der UNPACU-Aktivisten, nachdem Polizei und Staatssicherheit aufgeh\u00f6rt hatten den Sitz und die Armenk\u00fcche der Organisation abzuriegeln. So war es wieder m\u00f6glich Essen und Medikamente an Bed\u00fcrftige zu verteilen. Die zentrale Forderung der Hungerstreiken wurde somit erf\u00fcllt. [&hellip;]<\/p>\n","protected":false},"author":1,"featured_media":1571,"comment_status":"open","ping_status":"open","sticky":false,"template":"","format":"standard","meta":{"footnotes":""},"categories":[17,38],"tags":[30,31,32,37,36,35,33,34],"class_list":["post-1569","post","type-post","status-publish","format-standard","has-post-thumbnail","hentry","category-kuba","category-meinung","tag-hunger-strike","tag-hungerstreik","tag-kuba","tag-luis-manuel-ortero-alcantara","tag-maykel-osorbo","tag-movimiento-san-isidro","tag-oppression","tag-unpacu"],"_links":{"self":[{"href":"https:\/\/botschafter-menschenrechte.de\/index.php?rest_route=\/wp\/v2\/posts\/1569","targetHints":{"allow":["GET"]}}],"collection":[{"href":"https:\/\/botschafter-menschenrechte.de\/index.php?rest_route=\/wp\/v2\/posts"}],"about":[{"href":"https:\/\/botschafter-menschenrechte.de\/index.php?rest_route=\/wp\/v2\/types\/post"}],"author":[{"embeddable":true,"href":"https:\/\/botschafter-menschenrechte.de\/index.php?rest_route=\/wp\/v2\/users\/1"}],"replies":[{"embeddable":true,"href":"https:\/\/botschafter-menschenrechte.de\/index.php?rest_route=%2Fwp%2Fv2%2Fcomments&post=1569"}],"version-history":[{"count":2,"href":"https:\/\/botschafter-menschenrechte.de\/index.php?rest_route=\/wp\/v2\/posts\/1569\/revisions"}],"predecessor-version":[{"id":1573,"href":"https:\/\/botschafter-menschenrechte.de\/index.php?rest_route=\/wp\/v2\/posts\/1569\/revisions\/1573"}],"wp:featuredmedia":[{"embeddable":true,"href":"https:\/\/botschafter-menschenrechte.de\/index.php?rest_route=\/wp\/v2\/media\/1571"}],"wp:attachment":[{"href":"https:\/\/botschafter-menschenrechte.de\/index.php?rest_route=%2Fwp%2Fv2%2Fmedia&parent=1569"}],"wp:term":[{"taxonomy":"category","embeddable":true,"href":"https:\/\/botschafter-menschenrechte.de\/index.php?rest_route=%2Fwp%2Fv2%2Fcategories&post=1569"},{"taxonomy":"post_tag","embeddable":true,"href":"https:\/\/botschafter-menschenrechte.de\/index.php?rest_route=%2Fwp%2Fv2%2Ftags&post=1569"}],"curies":[{"name":"wp","href":"https:\/\/api.w.org\/{rel}","templated":true}]}}