{"id":1624,"date":"2021-06-01T13:09:11","date_gmt":"2021-06-01T13:09:11","guid":{"rendered":"http:\/\/botschafter-menschenrechte.de\/?p=1624"},"modified":"2021-06-01T13:09:11","modified_gmt":"2021-06-01T13:09:11","slug":"pressemitteilung-das-grundgesetz-verdankt-seinen-erfolg-den-menschen-in-politik-justiz-medien-und-zivilgesellschaft-die-sich-dafuer-eingesetzt-haben-und-einsetzen","status":"publish","type":"post","link":"https:\/\/botschafter-menschenrechte.de\/?p=1624","title":{"rendered":"Pressemitteilung: Das Grundgesetz verdankt seinen Erfolg den Menschen in Politik, Justiz, Medien und Zivilgesellschaft, die sich daf\u00fcr eingesetzt haben und einsetzen"},"content":{"rendered":"\n<p><strong>Pressemitteilung I 23.05.2021<\/strong><\/p>\n\n\n\n<p>Tag des Grundgesetzes<strong><\/strong><\/p>\n\n\n\n<h2 class=\"wp-block-heading\"><strong>Das Grundgesetz verdankt seinen Erfolg den Menschen in Politik, Justiz, Medien und Zivilgesellschaft, die sich daf\u00fcr eingesetzt haben und einsetzen<\/strong><strong><\/strong><\/h2>\n\n\n\n<p>Berlin &#8211; Anl\u00e4sslich des Tages des Grundgesetzes am 23. Mai erkl\u00e4rt Beate Rudolf, Direktorin des Deutschen Instituts f\u00fcr Menschenrechte:<\/p>\n\n\n\n<p>\u201eDas Grundgesetz ist oft als \u201aGl\u00fccksfall f\u00fcr Deutschland\u2018 bezeichnet worden.&nbsp;&nbsp; Es ist ein Gl\u00fccksfall aus zwei Gr\u00fcnden: zum einen wegen der rechtsverbindlichen Grundrechte. Sie binden alle staatliche Gewalt und stellen damit den Menschen in seiner individuellen W\u00fcrde in den Mittelpunkt staatlichen Handelns. Diese zivilisatorische Errungenschaft ist gegen jedwede Form von Rassismus, Antisemitismus, Antiziganismus oder anderen Formen von gruppenbezogener Menschenfeindlichkeit zu verteidigen.<\/p>\n\n\n\n<p>Zum anderen verdankt das Grundgesetz seinen Erfolg den Menschen in Politik, Justiz, Medien und Zivilgesellschaft, die sich daf\u00fcr eingesetzt haben und einsetzen, dass die Grundrechte und die Regeln des demokratischen Rechtsstaats eingehalten werden. Daf\u00fcr braucht es einen gewaltfreien \u00f6ffentlichen Diskurs. Deshalb sind verbale und k\u00f6rperliche Gewalt gegen Politiker_innen und Journalist_innen nicht hinzunehmen, und deshalb sind Demonstrationen zu erm\u00f6glichen und zu sichern, solange dabei keine Straftaten begangen oder andere Menschen gef\u00e4hrdet werden.<\/p>\n\n\n\n<p>Die Grundrechte des Grundgesetzes sind eng mit den internationalen Menschenrechten verschr\u00e4nkt. Das st\u00e4rkt den Menschenrechtsschutz in Deutschland. Dennoch bestehen Schutzl\u00fccken. Deshalb sollten entsprechende Grundgesetz\u00e4nderungen z\u00fcgig vorgenommen werden: Der Begriff \u201aRasse\u2018 sollte unbedingt getilgt und durch \u201arassistische Diskriminierung\u2018 ersetzt werden, das Diskriminierungsverbot sollte auch die sexuelle Orientierung und Geschlechtsidentit\u00e4t umfassen, und die Grundprinzipien der UN-Kinderrechtskonvention sollten in das Grundgesetz aufgenommen werden.\u201c<\/p>\n\n\n\n<p><strong><em>Deutsches Institut f\u00fcr Menschenrechte<\/em><\/strong><\/p>\n","protected":false},"excerpt":{"rendered":"<p>Pressemitteilung I 23.05.2021 Tag des Grundgesetzes Das Grundgesetz verdankt seinen Erfolg den Menschen in Politik, Justiz, Medien und Zivilgesellschaft, die sich daf\u00fcr eingesetzt haben und einsetzen Berlin &#8211; Anl\u00e4sslich des Tages des Grundgesetzes am 23. Mai erkl\u00e4rt Beate Rudolf, Direktorin des Deutschen Instituts f\u00fcr Menschenrechte: \u201eDas Grundgesetz ist oft als \u201aGl\u00fccksfall f\u00fcr Deutschland\u2018 bezeichnet worden.&nbsp;&nbsp; [&hellip;]<\/p>\n","protected":false},"author":1,"featured_media":1627,"comment_status":"open","ping_status":"open","sticky":false,"template":"","format":"standard","meta":{"footnotes":""},"categories":[46],"tags":[54,52,56,53,51,57,48,49,47],"class_list":["post-1624","post","type-post","status-publish","format-standard","has-post-thumbnail","hentry","category-nachrichten","tag-deutsches-institut-fuer-menschenrechte","tag-deutschland","tag-dimr","tag-germany","tag-grundgesetz","tag-menschenrechte","tag-press","tag-presse","tag-pressemitteilung"],"_links":{"self":[{"href":"https:\/\/botschafter-menschenrechte.de\/index.php?rest_route=\/wp\/v2\/posts\/1624","targetHints":{"allow":["GET"]}}],"collection":[{"href":"https:\/\/botschafter-menschenrechte.de\/index.php?rest_route=\/wp\/v2\/posts"}],"about":[{"href":"https:\/\/botschafter-menschenrechte.de\/index.php?rest_route=\/wp\/v2\/types\/post"}],"author":[{"embeddable":true,"href":"https:\/\/botschafter-menschenrechte.de\/index.php?rest_route=\/wp\/v2\/users\/1"}],"replies":[{"embeddable":true,"href":"https:\/\/botschafter-menschenrechte.de\/index.php?rest_route=%2Fwp%2Fv2%2Fcomments&post=1624"}],"version-history":[{"count":1,"href":"https:\/\/botschafter-menschenrechte.de\/index.php?rest_route=\/wp\/v2\/posts\/1624\/revisions"}],"predecessor-version":[{"id":1626,"href":"https:\/\/botschafter-menschenrechte.de\/index.php?rest_route=\/wp\/v2\/posts\/1624\/revisions\/1626"}],"wp:featuredmedia":[{"embeddable":true,"href":"https:\/\/botschafter-menschenrechte.de\/index.php?rest_route=\/wp\/v2\/media\/1627"}],"wp:attachment":[{"href":"https:\/\/botschafter-menschenrechte.de\/index.php?rest_route=%2Fwp%2Fv2%2Fmedia&parent=1624"}],"wp:term":[{"taxonomy":"category","embeddable":true,"href":"https:\/\/botschafter-menschenrechte.de\/index.php?rest_route=%2Fwp%2Fv2%2Fcategories&post=1624"},{"taxonomy":"post_tag","embeddable":true,"href":"https:\/\/botschafter-menschenrechte.de\/index.php?rest_route=%2Fwp%2Fv2%2Ftags&post=1624"}],"curies":[{"name":"wp","href":"https:\/\/api.w.org\/{rel}","templated":true}]}}