{"id":1639,"date":"2021-06-01T14:55:40","date_gmt":"2021-06-01T14:55:40","guid":{"rendered":"http:\/\/botschafter-menschenrechte.de\/?p=1639"},"modified":"2021-06-01T14:55:40","modified_gmt":"2021-06-01T14:55:40","slug":"deutschland-soll-sich-gegen-absenkung-des-menschenrechtsschutzes-von-menschen-mit-behinderungen-stellen","status":"publish","type":"post","link":"https:\/\/botschafter-menschenrechte.de\/?p=1639","title":{"rendered":"Deutschland soll sich gegen Absenkung des Menschenrechtsschutzes von Menschen mit Behinderungen stellen"},"content":{"rendered":"\n<p><strong>Pressemitteilung I 31.05.2021<\/strong><\/p>\n\n\n\n<p><strong>Europarats-Protokoll \u00fcber Bioethik<\/strong><\/p>\n\n\n\n<h2 class=\"wp-block-heading\"><strong>Deutschland soll sich gegen Absenkung des Menschenrechtsschutzes von Menschen mit Behinderungen stellen<\/strong><strong><\/strong><strong><\/strong><\/h2>\n\n\n\n<p>Berlin &#8211; Der Europarat wird in dieser Woche \u00fcber das \u201eZusatzprotokoll zum Oviedo-\u00dcbereinkommen \u00fcber Bioethik\u201c abstimmen.<\/p>\n\n\n\n<p>Das Deutsche Institut f\u00fcr Menschenrechte fordert die Bundesregierung auf, das Zusatzprotokoll abzulehnen. \u201eSollte das Zusatzprotokoll angenommen werden, droht eine Absenkung der Menschenrechtsstandards in Medizin und Pflege\u201c, erkl\u00e4rte das Institut. \u201eWir bef\u00fcrchten, dass das Zusatzprotokoll die unfreiwillige Einweisung von Menschen mit Behinderungen und \u00e4lteren Menschen, insbesondere mit demenziellen Erkrankungen, verst\u00e4rkt, und den Einsatz von Zwang legitimiert\u201c, so das Institut weiter. \u201eBeides steht im offenen Widerspruch zur UN-Behindertenrechtskonvention und ist mit dem Menschenrecht auf Achtung und Schutz der Selbstbestimmung jedes Menschen unvereinbar. Der Europarat hat sich immer als Motor des Menschenrechtsschutzes verstanden, er darf jetzt nicht zum Wegbereiter des R\u00fcckschritts werden. Das w\u00e4re auch international ein verheerendes Signal.\u201c<\/p>\n\n\n\n<p>Deutschland hat die Oviedo-Konvention selbst nicht unterzeichnet und ratifiziert. Gleichwohl ist es im Ausschuss f\u00fcr Bioethik (DH-BIO) des Europarates vertreten und stimmberechtigt. \u201cAls Vertragsstaat der UN-Behindertenrechtskonvention\u201c, so das Institut, \u201esollte Deutschland bei der Abstimmung mit Nein stimmen und sich so klar zu seinen Verpflichtungen aus der Behindertenrechtskonvention bekennen\u201c.<\/p>\n\n\n\n<p>Der Europarat und sein Ausschuss f\u00fcr Bioethik (DH-BIO) arbeiten seit 2014 an dem Entwurf eines Zusatzprotokolls zur Regelung der unfreiwilligen Behandlung und Unterbringung von \u201ePersonen mit psychischen St\u00f6rungen\u201c. Es legt einen medizinischen Begriff von Behinderung zugrunde, der als \u00fcberholt anzusehen ist.<\/p>\n\n\n\n<p>Gegen eine Annahme des Zusatzprotokolls haben sich f\u00fchrende Menschenrechtsgremien und Organisationen ausgesprochen, die im Bereich der Rechte von Menschen mit Behinderungen und der Rechte von \u00c4lteren t\u00e4tig sind. Dazu z\u00e4hlen unter anderen der UN-Fachausschuss \u00fcber die Rechte von Menschen mit Behinderungen, die Menschenrechtskommissarin des Europarates und die Parlamentarische Versammlung des Europarats sowie das Europ\u00e4ische Behindertenforum. Auch verschiedene UN-Sonderberichterstatterinnen und -berichterstatter halten die unfreiwillige Unterbringung von Personen mit geistigen und psychosozialen Behinderungen in Einrichtungen f\u00fcr problematisch. Dainius P\u016bras, UN-Sonderberichterstatter f\u00fcr das Recht auf Gesundheit, kritisiert in seinem j\u00fcngsten Bericht ausdr\u00fccklich diskriminierende Gesetze im Bereich der psychischen Gesundheit, die den Menschen ihre Freiheit und ihre Autonomie entziehen (A\/HRC\/44\/48).<\/p>\n\n\n\n<p>WEITERE INFORMATIONEN<\/p>\n\n\n\n<p><strong><a rel=\"noreferrer noopener\" href=\"https:\/\/www.edf-feph.org\/newsroom-news-compilation-statements-opposing-draft-protocol-oviedo-convention-council-europe\/\" target=\"_blank\">Compilation of statements opposing the draft protocol to the Oviedo Convention of the Council of Europe<\/a><\/strong><\/p>\n\n\n\n<p><strong><a rel=\"noreferrer noopener\" href=\"https:\/\/www.ohchr.org\/EN\/NewsEvents\/Pages\/DisplayNews.aspx?NewsID=27126&amp;LangID=E\" target=\"_blank\">UN Rights experts call on Council of Europe to stop legislation for coercive mental health measures (28.05.2021)<\/a><\/strong><\/p>\n\n\n\n<p><strong><a rel=\"noreferrer noopener\" href=\"https:\/\/www.institut-fuer-menschenrechte.de\/fileadmin\/Redaktion\/Publikationen\/Menschenrechtsbericht_2018.pdf\" target=\"_blank\">Zwang in der allgemeinen Psychiatrie f\u00fcr Erwachsene. In: Entwicklung der Menschenrechtssituation in Deutschland. Juli 2017 \u2013 Juni 2018. Bericht an den Deutschen Bundestag gem\u00e4\u00df \u00a7 2 Absatz 5 DIMRG. Berlin: Deutsches Institut f\u00fcr Menschenrechte<\/a><\/strong><\/p>\n\n\n\n<p><strong><em>Deutsches Institut f\u00fcr Menschenrechte<\/em><\/strong><\/p>\n","protected":false},"excerpt":{"rendered":"<p>Pressemitteilung I 31.05.2021 Europarats-Protokoll \u00fcber Bioethik Deutschland soll sich gegen Absenkung des Menschenrechtsschutzes von Menschen mit Behinderungen stellen Berlin &#8211; Der Europarat wird in dieser Woche \u00fcber das \u201eZusatzprotokoll zum Oviedo-\u00dcbereinkommen \u00fcber Bioethik\u201c abstimmen. Das Deutsche Institut f\u00fcr Menschenrechte fordert die Bundesregierung auf, das Zusatzprotokoll abzulehnen. \u201eSollte das Zusatzprotokoll angenommen werden, droht eine Absenkung der [&hellip;]<\/p>\n","protected":false},"author":1,"featured_media":1627,"comment_status":"open","ping_status":"open","sticky":false,"template":"","format":"standard","meta":{"footnotes":""},"categories":[46],"tags":[],"class_list":["post-1639","post","type-post","status-publish","format-standard","has-post-thumbnail","hentry","category-nachrichten"],"_links":{"self":[{"href":"https:\/\/botschafter-menschenrechte.de\/index.php?rest_route=\/wp\/v2\/posts\/1639","targetHints":{"allow":["GET"]}}],"collection":[{"href":"https:\/\/botschafter-menschenrechte.de\/index.php?rest_route=\/wp\/v2\/posts"}],"about":[{"href":"https:\/\/botschafter-menschenrechte.de\/index.php?rest_route=\/wp\/v2\/types\/post"}],"author":[{"embeddable":true,"href":"https:\/\/botschafter-menschenrechte.de\/index.php?rest_route=\/wp\/v2\/users\/1"}],"replies":[{"embeddable":true,"href":"https:\/\/botschafter-menschenrechte.de\/index.php?rest_route=%2Fwp%2Fv2%2Fcomments&post=1639"}],"version-history":[{"count":2,"href":"https:\/\/botschafter-menschenrechte.de\/index.php?rest_route=\/wp\/v2\/posts\/1639\/revisions"}],"predecessor-version":[{"id":1641,"href":"https:\/\/botschafter-menschenrechte.de\/index.php?rest_route=\/wp\/v2\/posts\/1639\/revisions\/1641"}],"wp:featuredmedia":[{"embeddable":true,"href":"https:\/\/botschafter-menschenrechte.de\/index.php?rest_route=\/wp\/v2\/media\/1627"}],"wp:attachment":[{"href":"https:\/\/botschafter-menschenrechte.de\/index.php?rest_route=%2Fwp%2Fv2%2Fmedia&parent=1639"}],"wp:term":[{"taxonomy":"category","embeddable":true,"href":"https:\/\/botschafter-menschenrechte.de\/index.php?rest_route=%2Fwp%2Fv2%2Fcategories&post=1639"},{"taxonomy":"post_tag","embeddable":true,"href":"https:\/\/botschafter-menschenrechte.de\/index.php?rest_route=%2Fwp%2Fv2%2Ftags&post=1639"}],"curies":[{"name":"wp","href":"https:\/\/api.w.org\/{rel}","templated":true}]}}