{"id":1679,"date":"2021-06-28T12:17:35","date_gmt":"2021-06-28T12:17:35","guid":{"rendered":"http:\/\/botschafter-menschenrechte.de\/?p=1679"},"modified":"2021-06-28T12:46:07","modified_gmt":"2021-06-28T12:46:07","slug":"kuba-junge-kreative-opponieren-gegen-die-diktatur","status":"publish","type":"post","link":"https:\/\/botschafter-menschenrechte.de\/?p=1679","title":{"rendered":"Kuba: Junge Kreative opponieren gegen die Diktatur"},"content":{"rendered":"\n<h1 class=\"wp-block-heading\"><strong>Kuba:&nbsp;Junge Kreative opponieren gegen die Diktatur<\/strong><\/h1>\n\n\n\n<h2 class=\"wp-block-heading\"><strong>Noch ein&nbsp;Rapper&nbsp;inhaftiert<\/strong><\/h2>\n\n\n\n<p>Bayamo \/ Berlin, 26.&nbsp;Juni 2021<strong>&nbsp;\u2013 Das kubanische Regime kann keine K\u00fcnstler gebrauchen, die kritisch denken. Erst recht keine, die ihre Kritik \u00f6ffentlich ausdr\u00fccken. &nbsp;Durch immer neue Verhaftungen von regimekritischen Musikern&nbsp;sowie anderen&nbsp;K\u00fcnstlern will&nbsp;Kubas Staatsf\u00fchrung&nbsp;Kritik&nbsp;aus der&nbsp;Kunstscene ersticken, kritisiert Botschafter f\u00fcr Menschenrechte.&nbsp;Wie jetzt bekannt wurde verhaftete die politische Polizei am 18. Juni den regimekritischen Rapper Ram\u00f3n Eusebio L\u00f3pez D\u00edaz, K\u00fcnstlername \u201eInvasor\u201c.<\/strong><\/p>\n\n\n\n<p>Seine Verhaftung wurde&nbsp;\u00fcber Facebook&nbsp;verbreitet.&nbsp;Die Aufnahmen legen nahe, dass&nbsp;er&nbsp;sich der Verhaftung&nbsp;widersetzte und&nbsp;gewaltsam&nbsp;festgenommen wurde. Im Livestream war zu sehen, wie er den Polizisten erkl\u00e4rte, dass er&nbsp;sein Leben der Musik widmet und&nbsp;nichts mit Terroristen zu tun hat.&nbsp;<\/p>\n\n\n\n<p>\u201eDie Zahl der politischen Gefangenen auf Kuba ist auf 151 bekannte F\u00e4lle angestiegen. Die kubanische F\u00fchrung hat Angst vor der eigenen Jugend, insbesondere vor jungen Intellektuellen, deren Stimme viele Kubaner erreicht. Deswegen reagiert sie mit noch mehr Bedrohungen, Verhaftungen und Gef\u00e4ngnis: Der Castro Nachfolger D\u00edaz-Canel&nbsp;hat keine Ideen, wie er das kubanische Dilemma l\u00f6sen kann und greift auf die alten Mittel von Fidel und Raul Castro zur\u00fcck: Bespitzelung, Bedrohung, Verfolgung, Verhaftung und Misshandlung\u201c, kritisiert Botschafter f\u00fcr Menschenrechte.<\/p>\n\n\n\n<div class=\"wp-block-columns is-layout-flex wp-container-core-columns-is-layout-9d6595d7 wp-block-columns-is-layout-flex\">\n<div class=\"wp-block-column is-layout-flow wp-block-column-is-layout-flow\" style=\"flex-basis:100%\">\n<figure class=\"wp-block-image size-large is-resized\"><img loading=\"lazy\" decoding=\"async\" src=\"http:\/\/botschafter-menschenrechte.de\/wp-content\/uploads\/2021\/06\/thumbnail_image001.jpeg\" alt=\"\" class=\"wp-image-1680\" width=\"841\" height=\"471\"\/><figcaption>&nbsp;Der&nbsp;regimekritische kubanische Rapper Ram\u00f3n Eusebio L\u00f3pez D\u00edaz.<br><\/figcaption><\/figure>\n<\/div>\n<\/div>\n\n\n\n<p>Der&nbsp;Rapper&nbsp;L\u00f3pez D\u00edaz erlangte&nbsp;Ende April 2021&nbsp;gro\u00dfe Aufmerksamkeit&nbsp;in den sozialen Medien, als&nbsp;er denRemix eines ber\u00fchmten Liedes&nbsp;ver\u00f6ffentlichte, das sich \u00fcber kastrierte Beamte lustig macht.&nbsp;Sein&nbsp;Remix fand&nbsp;auch&nbsp;gro\u00dfen Anklang in der Bev\u00f6lkerung&nbsp;und&nbsp;wurde&nbsp;auf den&nbsp;Stra\u00dfen&nbsp;Bayamos&nbsp;gespielt.&nbsp;<\/p>\n\n\n\n<p>Die Inhaftierung von L\u00f3pez\u00a0folgt einem systematischen Muster der Unterdr\u00fcckun:\u00a0Luis Manuel\u00a0Otero\u00a0Alc\u00e1ntara,\u00a0Maykel\u00a0Castillo &#8222;El\u00a0Osorbo&#8220; und Denis Sol\u00eds\u00a0sind weitere K\u00fcnstler,\u00a0die aufgrund ihrer Regimekritik verhaftet\u00a0wurden\u00a0oder gewaltsam in ihren H\u00e4usern festgehalten werden.\u00a0<\/p>\n","protected":false},"excerpt":{"rendered":"<p>Kuba:&nbsp;Junge Kreative opponieren gegen die Diktatur Noch ein&nbsp;Rapper&nbsp;inhaftiert Bayamo \/ Berlin, 26.&nbsp;Juni 2021&nbsp;\u2013 Das kubanische Regime kann keine K\u00fcnstler gebrauchen, die kritisch denken. Erst recht keine, die ihre Kritik \u00f6ffentlich ausdr\u00fccken. &nbsp;Durch immer neue Verhaftungen von regimekritischen Musikern&nbsp;sowie anderen&nbsp;K\u00fcnstlern will&nbsp;Kubas Staatsf\u00fchrung&nbsp;Kritik&nbsp;aus der&nbsp;Kunstscene ersticken, kritisiert Botschafter f\u00fcr Menschenrechte.&nbsp;Wie jetzt bekannt wurde verhaftete die politische Polizei am [&hellip;]<\/p>\n","protected":false},"author":1,"featured_media":1680,"comment_status":"open","ping_status":"open","sticky":false,"template":"","format":"standard","meta":{"footnotes":""},"categories":[17],"tags":[59,45,62,32,61,60],"class_list":["post-1679","post","type-post","status-publish","format-standard","has-post-thumbnail","hentry","category-kuba","tag-cuba","tag-diktatur","tag-inhaftierung","tag-kuba","tag-lopezdiaz","tag-rapper"],"_links":{"self":[{"href":"https:\/\/botschafter-menschenrechte.de\/index.php?rest_route=\/wp\/v2\/posts\/1679","targetHints":{"allow":["GET"]}}],"collection":[{"href":"https:\/\/botschafter-menschenrechte.de\/index.php?rest_route=\/wp\/v2\/posts"}],"about":[{"href":"https:\/\/botschafter-menschenrechte.de\/index.php?rest_route=\/wp\/v2\/types\/post"}],"author":[{"embeddable":true,"href":"https:\/\/botschafter-menschenrechte.de\/index.php?rest_route=\/wp\/v2\/users\/1"}],"replies":[{"embeddable":true,"href":"https:\/\/botschafter-menschenrechte.de\/index.php?rest_route=%2Fwp%2Fv2%2Fcomments&post=1679"}],"version-history":[{"count":4,"href":"https:\/\/botschafter-menschenrechte.de\/index.php?rest_route=\/wp\/v2\/posts\/1679\/revisions"}],"predecessor-version":[{"id":1697,"href":"https:\/\/botschafter-menschenrechte.de\/index.php?rest_route=\/wp\/v2\/posts\/1679\/revisions\/1697"}],"wp:featuredmedia":[{"embeddable":true,"href":"https:\/\/botschafter-menschenrechte.de\/index.php?rest_route=\/wp\/v2\/media\/1680"}],"wp:attachment":[{"href":"https:\/\/botschafter-menschenrechte.de\/index.php?rest_route=%2Fwp%2Fv2%2Fmedia&parent=1679"}],"wp:term":[{"taxonomy":"category","embeddable":true,"href":"https:\/\/botschafter-menschenrechte.de\/index.php?rest_route=%2Fwp%2Fv2%2Fcategories&post=1679"},{"taxonomy":"post_tag","embeddable":true,"href":"https:\/\/botschafter-menschenrechte.de\/index.php?rest_route=%2Fwp%2Fv2%2Ftags&post=1679"}],"curies":[{"name":"wp","href":"https:\/\/api.w.org\/{rel}","templated":true}]}}