{"id":1694,"date":"2021-06-28T12:26:45","date_gmt":"2021-06-28T12:26:45","guid":{"rendered":"http:\/\/botschafter-menschenrechte.de\/?p=1694"},"modified":"2021-06-28T12:26:45","modified_gmt":"2021-06-28T12:26:45","slug":"internationaler-tag-gegen-homo-bi-inter-und-transphobie","status":"publish","type":"post","link":"https:\/\/botschafter-menschenrechte.de\/?p=1694","title":{"rendered":"Internationaler Tag gegen Homo-, Bi-, Inter- und Transphobie"},"content":{"rendered":"\n<p><strong>Pressemitteilung I&nbsp;16.05.2021<\/strong><\/p>\n\n\n\n<h3 class=\"wp-block-heading\">Internationaler Tag gegen Homo-, Bi-, Inter- und Transphobie<\/h3>\n\n\n\n<h2 class=\"wp-block-heading\"><strong>F\u00f6rderung von LSBTIQA+ Menschenrechtsarbeit im Globalen S\u00fcden und Osten&nbsp;<\/strong><strong>&#8211;<\/strong><strong>&nbsp;5. Monitoring-Studie erschienen<\/strong><\/h2>\n\n\n\n<p>Berlin &#8211; Anl\u00e4sslich des Internationalen Tages gegen Homo-, Bi-, Inter- und Transphobie am 17. Mai ver\u00f6ffentlicht das Deutsche Institut f\u00fcr Menschenrechte gemeinsam mit der Dreilinden gGmbH die 5. Monitoring- Studie zur Regenbogen-Philanthropie. Die Studie erhebt und dokumentiert die F\u00f6rderung aus Deutschland von LSBTIQA+ Menschenrechtsarbeit im Globalen S\u00fcden und Osten f\u00fcr die Jahre 2018 und 2019.<\/p>\n\n\n\n<p>\u201eDie Covid-19 Pandemie versch\u00e4rft die Unterschiede zwischen Menschen und Gesellschaften mit und ohne Ressourcen. F\u00fcr gef\u00e4hrdete Minderheiten weltweit, wie LSBTIQA+ Personen, hat sie schwierige menschenrechtliche Situationen in akute Notlagen verwandelt\u201c, erkl\u00e4rt Ise Bosch, Gesch\u00e4ftsf\u00fchrerin der Dreilinden gGmbH. So seien LSBTIQA+-Personen beispielsweise \u00fcberproportional oft in Sektoren besch\u00e4ftigt, wo Lockdown-Ma\u00dfnahmen zu hohen Einkommensverlusten gef\u00fchrt haben oder wo ein erh\u00f6htes Ansteckungsrisiko mit dem Covid-19-Virus besteht.<\/p>\n\n\n\n<p>\u201eNach \u00fcber einem Jahr Krise sehen wir ein stark ver\u00e4ndertes Bild. Zivilgesellschaftliche Organisationen, die zuvor Kampagnen und Bildungsprogramme ausgef\u00fchrt haben, verteilen nun Lebensmittel, organisieren Wohnungen f\u00fcr obdachlos Gewordene und beraten die vielen Menschen, die keinen Zugang zum Gesundheitssystem haben. Die staatliche oder \u00fcber gr\u00f6\u00dfere humanit\u00e4re Einrichtungen organisierte Nothilfe erreicht LGBTIQA+ Communities kaum oder gar nicht\u201c, so Bosch weiter.<\/p>\n\n\n\n<p>Die Regenbogen-Philanthropie-Reihe zeichnet nach, wie staatliche F\u00f6rder_innen ihre menschenrechtlichen Selbstverpflichtungen konkret umsetzen. \u201eSeit 2010 gibt es zwar einen Zuwachs bei staatlichen Geber_innen, aber auch hier ist Luft nach oben\u201c, erkl\u00e4rt Beate Rudolf, Direktorin des Deutschen Instituts f\u00fcr Menschenrechte. \u201eDie 5. Studie zeigt, dass der Anteil der F\u00f6rderung von LSBTIQA+ Menschenrechtsarbeit aus dem deutschen Entwicklungsetat im Jahr 2018 nur bei 0,01 Prozent lag, obwohl Deutschland innerhalb der Organisation f\u00fcr wirtschaftliche Zusammenarbeit und Entwicklung (OECD) das zweitgr\u00f6\u00dfte Geberland ist. Das sollte sich in der neuen Legislaturperiode \u00e4ndern\u201c, so Rudolf.<\/p>\n\n\n\n<p>Im M\u00e4rz 2021 hat die Bundesregierung ein Inklusionskonzept verabschiedet, mit dem sie die Menschenrechte von Schwulen, Lesben, Bisexuellen, Trans- und Interpersonen in der Au\u00dfenpolitik und Entwicklungszusammenarbeit konsequent ber\u00fccksichtigen m\u00f6chte. \u201eDas ist erfreulich. Daf\u00fcr m\u00fcssen neue Ma\u00dfnahmen zur F\u00f6rderung der Rechte von LSBTIQA+ angesto\u00dfen und ausreichend finanzielle Mittel bereitgestellt werden\u201c, erkl\u00e4rt Beate Rudolf.<\/p>\n\n\n\n<p>WEITERE INFORMATIONEN<\/p>\n\n\n\n<p><strong>Regenbogen-Philanthropie 5 (2021): Deutsche F\u00f6rderung von LSBTIQA+ Menschenrechtsarbeit im Globalen S\u00fcden und Osten. Hrsg.: Deutsches Institut f\u00fcr Menschenrechte, Dreilinden gGmbH.<\/strong><\/p>\n\n\n\n<p><a href=\"https:\/\/www.institut-fuer-menschenrechte.de\/publikationen\/detail\/regenbogen-philanthropie-5\">https:\/\/www.institut-fuer-menschenrechte.de\/publikationen\/detail\/regenbogen-philanthropie-5<\/a><\/p>\n\n\n\n<p><strong>Factsheet zur Regenbogen-Philanthropie 5 mit Grafiken zum Download (F\u00f6rdernde Organisationen nach F\u00f6rdersumme und Projektanzahl 2018 und 2019, Weltregionen nach F\u00f6rdersumme und Projektanzahl 2018 und 2019, Zielgruppen nach F\u00f6rdersumme 2018 und 2019)<\/strong><\/p>\n\n\n\n<p><a href=\"https:\/\/www.institut-fuer-menschenrechte.de\/publikationen\/detail\/zur-regenbogen-philanthropie-5\">https:\/\/www.institut-fuer-menschenrechte.de\/publikationen\/detail\/zur-regenbogen-philanthropie-5<\/a><\/p>\n\n\n\n<p><strong>Materialien zur Regenbogen-Philanthropie 5 &#8211; Grafiken im \u00dcberblick<\/strong><\/p>\n\n\n\n<p><a href=\"https:\/\/www.institut-fuer-menschenrechte.de\/materialien-zur-regenbogen-philanthropie-5\">https:\/\/www.institut-fuer-menschenrechte.de\/materialien-zur-regenbogen-philanthropie-5<\/a><\/p>\n\n\n\n<p><strong><em>Deutsches Institut f\u00fcr Menschenrechte<\/em><\/strong><\/p>\n","protected":false},"excerpt":{"rendered":"<p>Pressemitteilung I&nbsp;16.05.2021 Internationaler Tag gegen Homo-, Bi-, Inter- und Transphobie F\u00f6rderung von LSBTIQA+ Menschenrechtsarbeit im Globalen S\u00fcden und Osten&nbsp;&#8211;&nbsp;5. Monitoring-Studie erschienen Berlin &#8211; Anl\u00e4sslich des Internationalen Tages gegen Homo-, Bi-, Inter- und Transphobie am 17. Mai ver\u00f6ffentlicht das Deutsche Institut f\u00fcr Menschenrechte gemeinsam mit der Dreilinden gGmbH die 5. Monitoring- Studie zur Regenbogen-Philanthropie. Die Studie [&hellip;]<\/p>\n","protected":false},"author":1,"featured_media":1627,"comment_status":"open","ping_status":"open","sticky":false,"template":"","format":"standard","meta":{"footnotes":""},"categories":[46],"tags":[],"class_list":["post-1694","post","type-post","status-publish","format-standard","has-post-thumbnail","hentry","category-nachrichten"],"_links":{"self":[{"href":"https:\/\/botschafter-menschenrechte.de\/index.php?rest_route=\/wp\/v2\/posts\/1694","targetHints":{"allow":["GET"]}}],"collection":[{"href":"https:\/\/botschafter-menschenrechte.de\/index.php?rest_route=\/wp\/v2\/posts"}],"about":[{"href":"https:\/\/botschafter-menschenrechte.de\/index.php?rest_route=\/wp\/v2\/types\/post"}],"author":[{"embeddable":true,"href":"https:\/\/botschafter-menschenrechte.de\/index.php?rest_route=\/wp\/v2\/users\/1"}],"replies":[{"embeddable":true,"href":"https:\/\/botschafter-menschenrechte.de\/index.php?rest_route=%2Fwp%2Fv2%2Fcomments&post=1694"}],"version-history":[{"count":2,"href":"https:\/\/botschafter-menschenrechte.de\/index.php?rest_route=\/wp\/v2\/posts\/1694\/revisions"}],"predecessor-version":[{"id":1696,"href":"https:\/\/botschafter-menschenrechte.de\/index.php?rest_route=\/wp\/v2\/posts\/1694\/revisions\/1696"}],"wp:featuredmedia":[{"embeddable":true,"href":"https:\/\/botschafter-menschenrechte.de\/index.php?rest_route=\/wp\/v2\/media\/1627"}],"wp:attachment":[{"href":"https:\/\/botschafter-menschenrechte.de\/index.php?rest_route=%2Fwp%2Fv2%2Fmedia&parent=1694"}],"wp:term":[{"taxonomy":"category","embeddable":true,"href":"https:\/\/botschafter-menschenrechte.de\/index.php?rest_route=%2Fwp%2Fv2%2Fcategories&post=1694"},{"taxonomy":"post_tag","embeddable":true,"href":"https:\/\/botschafter-menschenrechte.de\/index.php?rest_route=%2Fwp%2Fv2%2Ftags&post=1694"}],"curies":[{"name":"wp","href":"https:\/\/api.w.org\/{rel}","templated":true}]}}