{"id":1698,"date":"2021-06-30T08:29:54","date_gmt":"2021-06-30T08:29:54","guid":{"rendered":"http:\/\/botschafter-menschenrechte.de\/?p=1698"},"modified":"2021-06-30T08:29:54","modified_gmt":"2021-06-30T08:29:54","slug":"schrei-nach-freiheit","status":"publish","type":"post","link":"https:\/\/botschafter-menschenrechte.de\/?p=1698","title":{"rendered":"Schrei nach Freiheit"},"content":{"rendered":"\n<h1 class=\"wp-block-heading\">Schrei nach Freiheit<\/h1>\n\n\n\n<ul class=\"wp-block-list\"><li><strong>auch Kuba braucht k\u00fcnstlerische Freiheit, Meinungsfreiheit und Demokratie!<\/strong><\/li><\/ul>\n\n\n\n<p><strong>Botschafter f\u00fcr Menschenrechte fordert die umgehende Freilassung des inhaftierten kubanischen K\u00fcnstlers Hamlet Lavastida. Das kubanische Regime muss sein Recht auf Meinungs- und Kunstfreiheit respektieren. Die Repressionen gegen kritische K\u00fcnstler und unabh\u00e4ngige Journalisten m\u00fcssen umgehend beendet werden!<\/strong><\/p>\n\n\n\n<p><strong>Der Fall Hamlet Lavastida:&nbsp;<\/strong>Hamlet Lavastida kehrte am 21. Juni nach Kuba zur\u00fcck, nach einer K\u00fcnstlerresidenz in der Galerie des Hauses Bethaniens in Berlin. Er begab sich wie vorgeschrieben in eine staatliche Quarant\u00e4ne-Einrichtung. Da sein PCR-Test am f\u00fcnften&nbsp; Tag der Quarant\u00e4ne negativ war, sollte er am 26. Juni zu seiner Mutter nach Hause zur\u00fcckkehren. Doch dort kam er nie an. Stattdessen hat die kubanische Staatssicherheit den jungen K\u00fcnstler noch in der Quarant\u00e4ne-Einrichtung verhaftet und ihn in das ber\u00fcchtigte Untersuchungsgef\u00e4ngnis \u201eVilla Marista\u201c gebracht. Dort wird er nun seit mehreren Tagen verh\u00f6rt und unter Druck gesetzt. Obwohl seine Mutter in Sorge vergeblich auf ihren Sohn wartete, hat man sie erst am Folgetag \u00fcber Hamlets Schicksal informiert. Dies verdeutlicht die Willk\u00fcr und den Sadismus der kubanischen Beh\u00f6rden. Ihnen geht es nur darum die Bev\u00f6lkerung durch Angst zu terrorisieren und so Kritiker zum Schweigen zu bringen.<\/p>\n\n\n\n<p>Denn Hamlet Lavastida kritisiert seit Jahren mit seiner Kunst sowohl den Mangel an Demokratie und Freiheit als auch die bittere Armut auf Kuba. Seine Werke zeichnen ein schonungsloses Bild der Zust\u00e4nde auf Kuba. Auf Kuba ist seine Kunst deshalb seit Jahren verboten und darf nirgendwo gezeigt werden. Aus diesem Grund kann er seine Werke nur im Ausland zeigen, wie zum Beispiel vor kurzem im Haus Bethanien in Berlin.<\/p>\n\n\n\n<p>Das Ausstellungsverbot scheint den kubanischen Machthabern jedoch nicht mehr auszureichen, deshalb haben sie ihn nun eingesperrt. Diese neue Eskalationsstufe der Repression reiht sich ein in einen besorgniserregenden Trend, der auf Kuba seit letztem November zu beobachten ist. Am 27. November 2020 protestierten \u00fcber 300 K\u00fcnstler vor dem Kulturministerium in Havanna und forderten ein Ende der Einschr\u00e4nkung der Kunst und Meinungsfreiheit. Leider hat sich seitdem Tag der Druck auf kritische K\u00fcnstler nur noch verst\u00e4rkt. Dutzende von ihnen sind seit Monaten ohne Gerichtsverfahren in Haft.<\/p>\n\n\n\n<p><strong>Kunst und Denken kann kann auch die kubanische Diktatur nicht verbieten!<\/strong><\/p>\n\n\n\n<p><strong>Das Regime in Havanna hat den Schrei nach Freiheit geh\u00f6rt. Aber die Machtelite in Partei und Milit\u00e4r hat ihn (noch) nicht verstanden.<\/strong><\/p>\n\n\n\n<p><strong>Wir von Botschafter f\u00fcr Menschenrechte verurteilen dies auf das Sch\u00e4rfste. Au\u00dferdem fordern wir die umgehende Freilassung aller politischen Gefangenen Kubas. Das kubanische Regime muss die Unterdr\u00fcckung Andersdenkender unverz\u00fcglich einstellen und den Wunsch vieler Kubaner nach mehr politischen Freiheiten und Rechten respektieren.<\/strong><\/p>\n\n\n\n<figure class=\"wp-block-image size-large is-resized\"><img loading=\"lazy\" decoding=\"async\" src=\"http:\/\/botschafter-menschenrechte.de\/wp-content\/uploads\/2021\/06\/image.png\" alt=\"Image.png\" class=\"wp-image-1699\" width=\"838\" height=\"629\" srcset=\"https:\/\/botschafter-menschenrechte.de\/wp-content\/uploads\/2021\/06\/image.png 720w, https:\/\/botschafter-menschenrechte.de\/wp-content\/uploads\/2021\/06\/image-300x225.png 300w\" sizes=\"auto, (max-width: 838px) 100vw, 838px\" \/><figcaption>Juni 2021: Der K\u00fcnstler Hamlet Lavastida setzt sich in Berlin f\u00fcr eine demokratische \u00d6ffnung auf Kuba ein. Foto: privat<\/figcaption><\/figure>\n\n\n\n<p><\/p>\n","protected":false},"excerpt":{"rendered":"<p>Schrei nach Freiheit auch Kuba braucht k\u00fcnstlerische Freiheit, Meinungsfreiheit und Demokratie! Botschafter f\u00fcr Menschenrechte fordert die umgehende Freilassung des inhaftierten kubanischen K\u00fcnstlers Hamlet Lavastida. Das kubanische Regime muss sein Recht auf Meinungs- und Kunstfreiheit respektieren. Die Repressionen gegen kritische K\u00fcnstler und unabh\u00e4ngige Journalisten m\u00fcssen umgehend beendet werden! Der Fall Hamlet Lavastida:&nbsp;Hamlet Lavastida kehrte am 21. [&hellip;]<\/p>\n","protected":false},"author":1,"featured_media":1699,"comment_status":"open","ping_status":"open","sticky":false,"template":"","format":"standard","meta":{"footnotes":""},"categories":[17],"tags":[68,59,65,66,67,64,63,69,70,32,57,71,72],"class_list":["post-1698","post","type-post","status-publish","format-standard","has-post-thumbnail","hentry","category-kuba","tag-botschafter-fuer-menschenrechte","tag-cuba","tag-escalation","tag-eskalation","tag-hamlet-lavastida","tag-havanna","tag-human-rights","tag-journalism","tag-journalismus","tag-kuba","tag-menschenrechte","tag-unabhaengiger-journalismus","tag-villa-marista"],"_links":{"self":[{"href":"https:\/\/botschafter-menschenrechte.de\/index.php?rest_route=\/wp\/v2\/posts\/1698","targetHints":{"allow":["GET"]}}],"collection":[{"href":"https:\/\/botschafter-menschenrechte.de\/index.php?rest_route=\/wp\/v2\/posts"}],"about":[{"href":"https:\/\/botschafter-menschenrechte.de\/index.php?rest_route=\/wp\/v2\/types\/post"}],"author":[{"embeddable":true,"href":"https:\/\/botschafter-menschenrechte.de\/index.php?rest_route=\/wp\/v2\/users\/1"}],"replies":[{"embeddable":true,"href":"https:\/\/botschafter-menschenrechte.de\/index.php?rest_route=%2Fwp%2Fv2%2Fcomments&post=1698"}],"version-history":[{"count":2,"href":"https:\/\/botschafter-menschenrechte.de\/index.php?rest_route=\/wp\/v2\/posts\/1698\/revisions"}],"predecessor-version":[{"id":1701,"href":"https:\/\/botschafter-menschenrechte.de\/index.php?rest_route=\/wp\/v2\/posts\/1698\/revisions\/1701"}],"wp:featuredmedia":[{"embeddable":true,"href":"https:\/\/botschafter-menschenrechte.de\/index.php?rest_route=\/wp\/v2\/media\/1699"}],"wp:attachment":[{"href":"https:\/\/botschafter-menschenrechte.de\/index.php?rest_route=%2Fwp%2Fv2%2Fmedia&parent=1698"}],"wp:term":[{"taxonomy":"category","embeddable":true,"href":"https:\/\/botschafter-menschenrechte.de\/index.php?rest_route=%2Fwp%2Fv2%2Fcategories&post=1698"},{"taxonomy":"post_tag","embeddable":true,"href":"https:\/\/botschafter-menschenrechte.de\/index.php?rest_route=%2Fwp%2Fv2%2Ftags&post=1698"}],"curies":[{"name":"wp","href":"https:\/\/api.w.org\/{rel}","templated":true}]}}