{"id":1732,"date":"2021-07-02T10:30:33","date_gmt":"2021-07-02T10:30:33","guid":{"rendered":"http:\/\/botschafter-menschenrechte.de\/?p=1732"},"modified":"2021-07-03T09:25:18","modified_gmt":"2021-07-03T09:25:18","slug":"was-ist-eigentlich-politisch","status":"publish","type":"post","link":"https:\/\/botschafter-menschenrechte.de\/?p=1732","title":{"rendered":"Was ist eigentlich politisch?"},"content":{"rendered":"\n<p>Ein Kommentar von Alexander Vogt<\/p>\n\n\n\n<h2 class=\"wp-block-heading\"><strong>Was ist eigentlich politisch?<\/strong><\/h2>\n\n\n\n<p>Da wird von der UEFA im Vorfeld der Europameisterschaft 2021 mit gro\u00dfem Get\u00f6se eine Kampagne mit dem Titel \u201cSign for an Equal Game\u201d ins Leben gerufen, die sich gegen Diskriminierung und diverse Formen gruppenbezogener Menschenfeindlichkeit wendet und zur Wertsch\u00e4tzung der Vielfalt aufruft. Bekannte Fu\u00dfballstars werden gewonnen, mit ihren Gesichtern daf\u00fcr zu werben. Fans werden animiert, sich online dieser Kampagne anzuschlie\u00dfen.<\/p>\n\n\n\n<p>Und dann?<\/p>\n\n\n\n<p>Eines der Teilnehmerl\u00e4nder erl\u00e4sst w\u00e4hrend der EM ein Gesetz, dass den Werten, die im Rahmen der Kampagne auch von der UEFA beschworenen werden, diametral entgegensteht. Und die UEFA? Tut nichts? Nein! Im Gegenteil! Sie unterbindet sogar eine Form des \u00f6ffentlichen Protests, die gro\u00dfe Symbolkraft gehabt h\u00e4tte &#8211; die Beleuchtung der Allianzarena in M\u00fcnchen in den Farben des Rgenbogens beim Spiel Deutschland \u2013 Ungarn als Zeichen der Solidarit\u00e4t mit denen, die in Ungarn unter diesem Gesetz leiden werden. Sie nimmt zudem Ermittlungen gegen einen Spieler auf, der sich in einem fr\u00fcheren Spiel mit einer Kapit\u00e4nsbinde in Regenbogenfarben \u00f6ffentlich zu diesen Werten bekennt. Die Ermittlungen gegen Manuel Neuer wurden zwar schnell wieder eingestellt, m\u00f6glicherweise auch wegen des \u00f6ffentlichen Aufschreis. Die Allianzarena im Regenbogen erstrahlen zu lassen \u2013 dazu kann sich die UEFA dann aber nicht durchringen.<\/p>\n\n\n\n<p>Damit aber nicht genug. Am haarstr\u00e4ubendsten ist die Begr\u00fcndung. Die Beleuchtung der Arena sei dann ein politisches Statement.<\/p>\n\n\n\n<p>Hallo? Wie bitte? Sagen sie das doch nochmal! Das ist politisch?<\/p>\n\n\n\n<div class=\"wp-block-image\"><figure class=\"aligncenter size-large\"><img loading=\"lazy\" decoding=\"async\" width=\"225\" height=\"225\" src=\"http:\/\/botschafter-menschenrechte.de\/wp-content\/uploads\/2021\/07\/thumbnail_image001.jpeg\" alt=\"\" class=\"wp-image-1733\" srcset=\"https:\/\/botschafter-menschenrechte.de\/wp-content\/uploads\/2021\/07\/thumbnail_image001.jpeg 225w, https:\/\/botschafter-menschenrechte.de\/wp-content\/uploads\/2021\/07\/thumbnail_image001-150x150.jpeg 150w\" sizes=\"auto, (max-width: 225px) 100vw, 225px\" \/><\/figure><\/div>\n\n\n\n<p>Ja Himmelherrgott NAT\u00dcRLICH ist das politisch! Ist Eure Equal-Game-Kampagne etwa unpolitisch? Oder wird es erst politisch, wenn jemand gegen die Werte, die vermeintlich auch die Euren sind verst\u00f6\u00dft und andere dagegen protestieren? Ist es solange nicht politisch, wie man nur positiv f\u00fcr Menschenfreundlichkeit und Vielfalt wirbt? Und wird es nach Eurer Ansicht erst dann politisch, wenn es zum Schwur kommt, weil jemand anderem diese Werte vollkommen egal sind und anst\u00e4ndige Menschen das anprangern?<\/p>\n\n\n\n<p>Liebe UEFA-Funktion\u00e4re, Ihr solltet noch einmal \u00fcber den Sinn internationaler Sportwettbewerbe nachdenken, die auch dem friedlichen Wettstreit der Nationen dienen und ein neuzeitliches Substitut auch f\u00fcr kriegerische Auseinandersetzungen darstellen, wo nationaler Stolz ein Ventil finden, aber auch eine Niederlage bei Einhaltung sportlicher Fairness mit erhobenem Kopf eingesteckt werden kann. Das ist hochpolitisch! Und nichts anderes.<\/p>\n\n\n\n<p>&nbsp;Nur gut, dass viele andere, wie die Pr\u00e4sidentin der EU-Kommission, Ursula von der Leyen, gegen\u00fcber Ungarn deutliche Worte gefunden haben und wohl auch Taten folgen lassen werden. Politiker, K\u00fcnstler, Sportler \u2013 teilweise aus Ecken, wo man es nicht vermutet h\u00e4tte, haben Stellung bezogen. Euer ablehnendes Verhalten hat eine gro\u00dfe Welle der Solidarit\u00e4t in ganz Europa ausgel\u00f6st.<\/p>\n\n\n\n<p>Eure Entscheidung hat nur eines gezeigt: Es geht Euch nicht um die Menschen, es geht ums Geld. Und die Nachricht, beim Endspiel in Wembley trotz immer noch nicht \u00fcberwundener Pandemie 60.000 (!) Zuschauer zuzulassen, bekr\u00e4ftigt dies eindrucksvoll. Die Fans, die Menschen, sind f\u00fcr Euch nur Mittel zum Zweck.<\/p>\n\n\n\n<p>UEFA! ROTE KARTE! SETZEN!<\/p>\n\n\n\n<div class=\"wp-block-image\"><figure class=\"alignleft size-medium\"><img loading=\"lazy\" decoding=\"async\" width=\"199\" height=\"300\" src=\"http:\/\/botschafter-menschenrechte.de\/wp-content\/uploads\/2021\/07\/PHOTO-2021-07-02-16-14-11-199x300.jpg\" alt=\"\" class=\"wp-image-1747\" srcset=\"https:\/\/botschafter-menschenrechte.de\/wp-content\/uploads\/2021\/07\/PHOTO-2021-07-02-16-14-11-199x300.jpg 199w, https:\/\/botschafter-menschenrechte.de\/wp-content\/uploads\/2021\/07\/PHOTO-2021-07-02-16-14-11-679x1024.jpg 679w, https:\/\/botschafter-menschenrechte.de\/wp-content\/uploads\/2021\/07\/PHOTO-2021-07-02-16-14-11-768x1158.jpg 768w, https:\/\/botschafter-menschenrechte.de\/wp-content\/uploads\/2021\/07\/PHOTO-2021-07-02-16-14-11-1019x1536.jpg 1019w, https:\/\/botschafter-menschenrechte.de\/wp-content\/uploads\/2021\/07\/PHOTO-2021-07-02-16-14-11.jpg 1061w\" sizes=\"auto, (max-width: 199px) 100vw, 199px\" \/><figcaption>Unser Autor Alexander Vogt ist Bundesvorsitzender der&nbsp;LSU &#8211;&nbsp;Lesben und Schwule in der Union<br \/><\/figcaption><\/figure><\/div>\n\n\n\n<p><\/p>\n","protected":false},"excerpt":{"rendered":"<p>Ein Kommentar von Alexander Vogt Was ist eigentlich politisch? Da wird von der UEFA im Vorfeld der Europameisterschaft 2021 mit gro\u00dfem Get\u00f6se eine Kampagne mit dem Titel \u201cSign for an Equal Game\u201d ins Leben gerufen, die sich gegen Diskriminierung und diverse Formen gruppenbezogener Menschenfeindlichkeit wendet und zur Wertsch\u00e4tzung der Vielfalt aufruft. Bekannte Fu\u00dfballstars werden gewonnen, [&hellip;]<\/p>\n","protected":false},"author":1,"featured_media":1733,"comment_status":"open","ping_status":"open","sticky":false,"template":"","format":"standard","meta":{"footnotes":""},"categories":[38],"tags":[85,81,80,57,83,82,79,84],"class_list":["post-1732","post","type-post","status-publish","format-standard","has-post-thumbnail","hentry","category-meinung","tag-fans","tag-fussball","tag-kommentar","tag-menschenrechte","tag-pandemie","tag-socker","tag-uefa","tag-wembley"],"_links":{"self":[{"href":"https:\/\/botschafter-menschenrechte.de\/index.php?rest_route=\/wp\/v2\/posts\/1732","targetHints":{"allow":["GET"]}}],"collection":[{"href":"https:\/\/botschafter-menschenrechte.de\/index.php?rest_route=\/wp\/v2\/posts"}],"about":[{"href":"https:\/\/botschafter-menschenrechte.de\/index.php?rest_route=\/wp\/v2\/types\/post"}],"author":[{"embeddable":true,"href":"https:\/\/botschafter-menschenrechte.de\/index.php?rest_route=\/wp\/v2\/users\/1"}],"replies":[{"embeddable":true,"href":"https:\/\/botschafter-menschenrechte.de\/index.php?rest_route=%2Fwp%2Fv2%2Fcomments&post=1732"}],"version-history":[{"count":7,"href":"https:\/\/botschafter-menschenrechte.de\/index.php?rest_route=\/wp\/v2\/posts\/1732\/revisions"}],"predecessor-version":[{"id":1752,"href":"https:\/\/botschafter-menschenrechte.de\/index.php?rest_route=\/wp\/v2\/posts\/1732\/revisions\/1752"}],"wp:featuredmedia":[{"embeddable":true,"href":"https:\/\/botschafter-menschenrechte.de\/index.php?rest_route=\/wp\/v2\/media\/1733"}],"wp:attachment":[{"href":"https:\/\/botschafter-menschenrechte.de\/index.php?rest_route=%2Fwp%2Fv2%2Fmedia&parent=1732"}],"wp:term":[{"taxonomy":"category","embeddable":true,"href":"https:\/\/botschafter-menschenrechte.de\/index.php?rest_route=%2Fwp%2Fv2%2Fcategories&post=1732"},{"taxonomy":"post_tag","embeddable":true,"href":"https:\/\/botschafter-menschenrechte.de\/index.php?rest_route=%2Fwp%2Fv2%2Ftags&post=1732"}],"curies":[{"name":"wp","href":"https:\/\/api.w.org\/{rel}","templated":true}]}}