{"id":1832,"date":"2021-07-21T08:06:58","date_gmt":"2021-07-21T08:06:58","guid":{"rendered":"http:\/\/botschafter-menschenrechte.de\/?p=1832"},"modified":"2021-07-21T08:07:51","modified_gmt":"2021-07-21T08:07:51","slug":"interview-die-proteste-sind-ein-wendepunkt-in-der-kubanischen-geschichte","status":"publish","type":"post","link":"https:\/\/botschafter-menschenrechte.de\/?p=1832","title":{"rendered":"Interview: \u201eDie Proteste sind ein Wendepunkt in der kubanischen Geschichte\u201c"},"content":{"rendered":"\n<h2 class=\"wp-block-heading\">Interview:<\/h2>\n\n\n\n<h1 class=\"wp-block-heading\"><strong>\u201eDie Proteste sind ein Wendepunkt in der kubanischen Geschichte\u201c<\/strong><\/h1>\n\n\n\n<p>John Suarez ist Politikwissenschaftler und Executive Director&nbsp;des&nbsp;Center for a Free Cuba in Washington. Er analysiert t\u00e4glich die Menschenrechtslage und gesellschaftliche Entwicklungen auf Kuba.<\/p>\n\n\n\n<p><strong>Warum haben sich die Proteste auf Kuba jetzt so verst\u00e4rkt? Was war der Ausl\u00f6ser und steht dies im Zusammenhang mit der Corona-Krise?<\/strong><\/p>\n\n\n\n<p><strong><br>\u201e<\/strong>Spontane Proteste haben in den letzten Monaten in Kuba zugenommen. Der Ausl\u00f6ser war, dass die kubanische Regierung in den letzten zwei Jahren versucht hat, den kubanischen Schwarzmarkt zu schlie\u00dfen. Nun benutzten sie COVID-19 als Vorwand.<\/p>\n\n\n\n<p>Am 28. Dezember 2020 gab Kubas Gesundheitsministerium&nbsp;<a href=\"https:\/\/twitter.com\/MINSAPCuba\/status\/1343570657154625536\" target=\"_blank\" rel=\"noreferrer noopener\">bekannt<\/a>, dass man \u201eunter Ber\u00fccksichtigung der aktuellen nationalen, regionalen und internationalen epidemiologischen Situation beschlossen habe, die Einreise von Reisenden aus den Vereinigten Staaten, Mexiko, Panama, den Bahamas, Haiti und der Dominikanischen Republik zu reduzieren.&#8220; Die Ma\u00dfnahme trat am 1. Januar 2021 in Kraft.<\/p>\n\n\n\n<p>Am 30. Dezember musste die Propagandamaschinerie des Regimes&nbsp;<a href=\"https:\/\/twitter.com\/norges14\/status\/1412756579741573122\" target=\"_blank\" rel=\"noreferrer noopener\">erkl\u00e4ren<\/a>, warum die Kubaner (Bewohner sowohl au\u00dferhalb als auch innerhalb des Landes) und nicht der internationale Tourismus die Schuld an der Zunahme der COVID-19-F\u00e4lle in Kuba tragen. Sie erw\u00e4hnten nicht, dass die internationalen Touristen in ihrer Mehrheit in Hotels \u00fcbernachten, die vom kubanischen Milit\u00e4rkonglomerat GAESA betrieben werden.<\/p>\n\n\n\n<div class=\"wp-block-image\"><figure class=\"aligncenter size-full\"><img loading=\"lazy\" decoding=\"async\" width=\"224\" height=\"224\" src=\"http:\/\/botschafter-menschenrechte.de\/wp-content\/uploads\/2021\/07\/John-Suarez.jpg\" alt=\"\" class=\"wp-image-1833\" srcset=\"https:\/\/botschafter-menschenrechte.de\/wp-content\/uploads\/2021\/07\/John-Suarez.jpg 224w, https:\/\/botschafter-menschenrechte.de\/wp-content\/uploads\/2021\/07\/John-Suarez-150x150.jpg 150w\" sizes=\"auto, (max-width: 224px) 100vw, 224px\" \/><figcaption>John Suarez<\/figcaption><\/figure><\/div>\n\n\n\n<p>Tage zuvor, am 24. Dezember, wurden \u00fcber offizielle Kan\u00e4le einige&nbsp;<a href=\"https:\/\/twitter.com\/norges14\/status\/1412756579741573122\" target=\"_blank\" rel=\"noreferrer noopener\">Hinweise auf den scheinbar wahren Grund<\/a>&nbsp;f\u00fcr die Reisebeschr\u00e4nkung der kubanischen Einwohner gegeben. Die Menge des Gep\u00e4cks (mit allem, was im Land fehlt.) beunruhigte die Beamten. In Kuba mangelt es an grundlegenden Hygieneartikeln, so dass Kubaner, die auf die Insel zur\u00fcckkehren, bis zu 6 Koffer mit sich f\u00fchrten, wenn sie ihre Verwandten besuchten. Das Regime beklagte sich, dass es die konstruktiven Kapazit\u00e4ten der Flugterminals \u00fcberschreitet, aber aufgrund der internen Blockade des Regimes k\u00f6nnen Waren nicht von einzelnen Kubanern auf kommerzieller Basis eingef\u00fchrt werden.<\/p>\n\n\n\n<p>Laut dem diktatorischen Regime hing der Grund f\u00fcr die Schlie\u00dfung mit COVID-19 zusammen. Doch ihre&nbsp;<a href=\"https:\/\/twitter.com\/invntario\/status\/1343597605960486913\" target=\"_blank\" rel=\"noreferrer noopener\">eigenen Daten<\/a>&nbsp;zeigten eine andere Realit\u00e4t. Panama, die Bahamas, Haiti und die Dominikanische Republik tauchten nicht unter den Top 10 der L\u00e4nder auf, die die Ausbreitung der Pandemie in Kuba verursachten. So blieben sowohl Russland als auch Indien, die eine gr\u00f6\u00dfere Verbreitung von COVID-19 in Kuba verursacht hatten, f\u00fcr Reisen und Tourismus offen. Das lag daran, dass diese Touristen nicht bei Verwandten \u00fcbernachteten, sondern in den Hotels, die dem kubanischen Milit\u00e4r und seinem Konglomerat GAESA geh\u00f6ren.<\/p>\n\n\n\n<p>Die Situation ist wie folgt: Lebensmittel und Medikamente sind knapp und das Wenige, das hereinkommt, ist mit hohen Z\u00f6llen belegt. Touristen, die aus L\u00e4ndern mit schweren COVID-19-Epidemien kommen, infizieren Kubaner, die wiederum in kubanischen Krankenh\u00e4usern &nbsp;&nbsp;&nbsp;&nbsp;&nbsp;&nbsp;&nbsp;&nbsp;&nbsp;&nbsp;&nbsp;&nbsp;&nbsp;&nbsp; nicht angemessen behandelt werden, weil die \u00c4rzte zum Profit der Diktatur ins Ausland exportiert werden, um in anderen L\u00e4ndern zu arbeiten. Schlie\u00dflich weigerte sich das Castro-Regime, sich f\u00fcr das Covax-Programm der UNO zur Verteilung von Impfstoffen anzumelden. Stattdessen behaupteten sie, vier eigene Impfstoffe zu entwickeln, die nicht von Fachleuten gepr\u00fcft wurden. Die Impfungen begannen in Kuba mit den ungetesteten Impfstoffen erst im Juni 2021.<\/p>\n\n\n\n<p>Kuba hat auch in der Vergangenheit keine genauen Statistiken \u00fcber fr\u00fchere Epidemien geliefert. Am 8. Januar 2019 berichtete&nbsp;<a href=\"http:\/\/cubanexilequarter.blogspot.com\/2019\/01\/new-scientist-reports-cuba-failed-to.html\" target=\"_blank\" rel=\"noreferrer noopener\">New Scientist<\/a>: \u201eKuba hat es vers\u00e4umt, Tausende von Zika-Virus-F\u00e4llen im Jahr 2017 zu melden&#8220;, und die Realit\u00e4t, so Duane Gubler von der Duke-NUS Medical School in Singapur,&nbsp;<a href=\"https:\/\/www.newscientist.com\/article\/2190001-exclusive-cuba-failed-to-report-thousands-of-zika-virus-cases-in-2017\/\" target=\"_blank\" rel=\"noreferrer noopener\">ist<\/a>, dass \u201eKuba in der Vergangenheit schon Epidemien nicht gemeldet hat, bis sie offensichtlich wurden, und Zika ist bei Erwachsenen nur leicht symptomatisch.&#8220; Das gilt auch f\u00fcr COVID-19, obwohl die Folgen f\u00fcr die Infizierten potenziell viel schlimmer sind. Den offiziellen Zahlen kann man nicht trauen.<\/p>\n\n\n\n<p><strong>Wie viele Personen wurden nach Ihren Informationen bisher verhaftet (und wieder freigelassen)? Was wissen Sie \u00fcber deren aktuelle Situation?<\/strong><\/p>\n\n\n\n<p>\u201eYoani Sanchez&#8216; Nachrichtendienst 14ymedio berichtete von 5.000 Festgenommenen und Cubalex hat heute \u00fcber&nbsp;<a href=\"https:\/\/docs.google.com\/spreadsheets\/d\/1-38omFpJdDiKTSBoUOg19tv2nJxtNRS3-2HfVUUwtSw\/edit#gid=0\" target=\"_blank\" rel=\"noreferrer noopener\">484 Vermisste oder Festgenommene&nbsp;<\/a>identifiziert und berichtet. Die Gesamtzahl ist unbekannt und die Informationen sind begrenzt. Einige wurden freigelassen, m\u00fcssen sich aber noch vor Gericht verantworten. Wir haben auch drei best\u00e4tigte Berichte \u00fcber Kubaner erhalten, die von der Regierung get\u00f6tet wurden, aber die tats\u00e4chliche Zahl ist wahrscheinlich viel h\u00f6her.\u201c<\/p>\n\n\n\n<p><strong>Wer protestiert auf Kuba und was sind die zentralen Forderungen der Menschen?<\/strong><\/p>\n\n\n\n<p>\u201eDie Menschen fordern Freiheit und ein Ende der Diktatur. In der Menge sind amerikanische Fahnen als Symbol der Freiheit zu sehen.\u201c<\/p>\n\n\n\n<figure class=\"wp-block-embed is-type-video is-provider-youtube wp-block-embed-youtube wp-embed-aspect-16-9 wp-has-aspect-ratio\"><div class=\"wp-block-embed__wrapper\">\n<iframe loading=\"lazy\" title=\"Protestas in\u00e9ditas en Cuba.\" width=\"500\" height=\"281\" src=\"https:\/\/www.youtube.com\/embed\/hkYS9Z4aS4w?feature=oembed\" frameborder=\"0\" allow=\"accelerometer; autoplay; clipboard-write; encrypted-media; gyroscope; picture-in-picture; web-share\" referrerpolicy=\"strict-origin-when-cross-origin\" allowfullscreen><\/iframe>\n<\/div><\/figure>\n\n\n\n<p><strong>Die kubanische Regierung reagiert mit brutaler Gewalt &#8211; was sollte Ihrer Meinung nach die internationale Antwort sein, um der kubanischen Bev\u00f6lkerung zu helfen?<\/strong><\/p>\n\n\n\n<p>\u201eDemokratien auf der ganzen Welt m\u00fcssen die Unterdr\u00fccker bestrafen, die Gewalt gegen Kubaner befohlen oder ausgef\u00fchrt haben. Sie m\u00fcssen mit dem kubanischen Pr\u00e4sidenten Miguel Diaz Canel und General Raul Castro, der wieder aufgetaucht ist, beginnen und sich zu den Personen durcharbeiten, die auf unbewaffnete Zivilisten schie\u00dfen oder sie mit Baseballschl\u00e4gern angreifen. Auch Unternehmen, die Waffen an Havanna verkaufen, sollten identifiziert und sanktioniert werden.<\/p>\n\n\n\n<p>Zweitens muss die internationale Gemeinschaft erkennen, dass es die interne Blockade des Castro-Regimes ist, die den Kubanern schadet, und nicht die gegen die Diktatur gerichteten US-Sanktionen. Dies kann erreicht werden, indem man die interne Blockade des Castro-Regimes ins Visier nimmt und die Aufhebung der Einschr\u00e4nkungen der Diktatur f\u00fcr das kubanische Volk fordert. Mehr als 20.000 Kubaner haben eine Petition f\u00fcr deren Ende unterzeichnet, die Petition kann immer noch unterzeichnet werden.\u201c<\/p>\n\n\n\n<p><a href=\"https:\/\/www.cubacenter.org\/petitions\/2020\/4\/9\/nomoreinternalblockade\">https:\/\/www.cubacenter.org\/petitions\/2020\/4\/9\/nomoreinternalblockade<\/a><\/p>\n\n\n\n<figure class=\"wp-block-embed is-type-video is-provider-youtube wp-block-embed-youtube wp-embed-aspect-16-9 wp-has-aspect-ratio\"><div class=\"wp-block-embed__wrapper\">\n<iframe loading=\"lazy\" title=\"Protestas in\u00e9ditas en Cuba.\" width=\"500\" height=\"281\" src=\"https:\/\/www.youtube.com\/embed\/hkYS9Z4aS4w?feature=oembed\" frameborder=\"0\" allow=\"accelerometer; autoplay; clipboard-write; encrypted-media; gyroscope; picture-in-picture; web-share\" referrerpolicy=\"strict-origin-when-cross-origin\" allowfullscreen><\/iframe>\n<\/div><\/figure>\n\n\n\n<p><strong>Ist dies ein Wendepunkt in der kubanischen Geschichte? Was sind Ihre Hoffnungen und was bef\u00fcrchten Sie?<\/strong><\/p>\n\n\n\n<p>\u201eDies markiert einen Wendepunkt in Kuba, ein Vorher und Nachher. Das kann das Ende oder der Anfang des Endes sein, aber das wird sowohl von der internationalen Solidarit\u00e4t als auch von den Kubanern abh\u00e4ngen. Es war eine Woche der brutalen Unterdr\u00fcckung, und die Kubaner, die Freiheit fordern, sind immer noch auf den Stra\u00dfen Kubas und protestieren. Meine Hoffnung ist, dass eine starke internationale Reaktion und internationale Aufmerksamkeit den Kubanern ein gewisses Ma\u00df an Schutz bieten wird. Und meine Bef\u00fcrchtung ist, dass es noch mehr unschuldige Leben kosten wird, wenn das Ende der Diktatur nicht eintritt.\u201c<\/p>\n","protected":false},"excerpt":{"rendered":"<p>Interview: \u201eDie Proteste sind ein Wendepunkt in der kubanischen Geschichte\u201c John Suarez ist Politikwissenschaftler und Executive Director&nbsp;des&nbsp;Center for a Free Cuba in Washington. Er analysiert t\u00e4glich die Menschenrechtslage und gesellschaftliche Entwicklungen auf Kuba. Warum haben sich die Proteste auf Kuba jetzt so verst\u00e4rkt? Was war der Ausl\u00f6ser und steht dies im Zusammenhang mit der Corona-Krise? [&hellip;]<\/p>\n","protected":false},"author":1,"featured_media":1835,"comment_status":"open","ping_status":"open","sticky":false,"template":"","format":"standard","meta":{"footnotes":""},"categories":[17],"tags":[119,59,117,122,118,32,120,121],"class_list":["post-1832","post","type-post","status-publish","format-standard","has-post-thumbnail","hentry","category-kuba","tag-corona","tag-cuba","tag-interview","tag-john-suarez","tag-krise","tag-kuba","tag-proteste","tag-protests"],"_links":{"self":[{"href":"https:\/\/botschafter-menschenrechte.de\/index.php?rest_route=\/wp\/v2\/posts\/1832","targetHints":{"allow":["GET"]}}],"collection":[{"href":"https:\/\/botschafter-menschenrechte.de\/index.php?rest_route=\/wp\/v2\/posts"}],"about":[{"href":"https:\/\/botschafter-menschenrechte.de\/index.php?rest_route=\/wp\/v2\/types\/post"}],"author":[{"embeddable":true,"href":"https:\/\/botschafter-menschenrechte.de\/index.php?rest_route=\/wp\/v2\/users\/1"}],"replies":[{"embeddable":true,"href":"https:\/\/botschafter-menschenrechte.de\/index.php?rest_route=%2Fwp%2Fv2%2Fcomments&post=1832"}],"version-history":[{"count":2,"href":"https:\/\/botschafter-menschenrechte.de\/index.php?rest_route=\/wp\/v2\/posts\/1832\/revisions"}],"predecessor-version":[{"id":1836,"href":"https:\/\/botschafter-menschenrechte.de\/index.php?rest_route=\/wp\/v2\/posts\/1832\/revisions\/1836"}],"wp:featuredmedia":[{"embeddable":true,"href":"https:\/\/botschafter-menschenrechte.de\/index.php?rest_route=\/wp\/v2\/media\/1835"}],"wp:attachment":[{"href":"https:\/\/botschafter-menschenrechte.de\/index.php?rest_route=%2Fwp%2Fv2%2Fmedia&parent=1832"}],"wp:term":[{"taxonomy":"category","embeddable":true,"href":"https:\/\/botschafter-menschenrechte.de\/index.php?rest_route=%2Fwp%2Fv2%2Fcategories&post=1832"},{"taxonomy":"post_tag","embeddable":true,"href":"https:\/\/botschafter-menschenrechte.de\/index.php?rest_route=%2Fwp%2Fv2%2Ftags&post=1832"}],"curies":[{"name":"wp","href":"https:\/\/api.w.org\/{rel}","templated":true}]}}