{"id":1966,"date":"2021-09-08T06:19:09","date_gmt":"2021-09-08T06:19:09","guid":{"rendered":"http:\/\/botschafter-menschenrechte.de\/?p=1966"},"modified":"2021-09-08T06:19:09","modified_gmt":"2021-09-08T06:19:09","slug":"kuba-hungerstreik-endet-toedlich","status":"publish","type":"post","link":"https:\/\/botschafter-menschenrechte.de\/?p=1966","title":{"rendered":"Kuba: Hungerstreik endet t\u00f6dlich"},"content":{"rendered":"\n<h1 class=\"wp-block-heading\"><strong>Kuba: Hungerstreik endet t\u00f6dlich<\/strong><\/h1>\n\n\n\n<p>In der Nacht vom 26. auf den 27. September ist der politische Gefangene Pablo Moya Dela qualvoll an den Folgen seines Hungerstreiks und von Infektionen, die er sich im Krankenhaus zugezogen hatte, gestorben. Moya Dela war Mitglied der oppositionelle UNPACU Bewegung. Er sa\u00df seit 23 Oktober 2020 in Haft, nachdem er friedlich gegen die Unterdr\u00fcckung der Kleingewerbetreibenden und die schlechte Versorgungslage f\u00fcr die normalen Menschen in Kuba protestiert hatte.<\/p>\n\n\n\n<p>Wie in Kuba \u00fcblich wurde er als politischer Gefangener mit gew\u00f6hnlichen Kriminellen in eine Zelle gesperrt. Als diese ihn verpr\u00fcgelten trat er aus Protest gegen seine Haftbedingungen in einen Hungerstreik, der insgesamt 40 Tage andauerte. Weil sich seine Gesundheit gravierend verschlechterte, wurde er einige Tage vor seinem Tod vorl\u00e4ufig aus der Haft entlassen und in ein ziviles Krankenhaus eingewiesen. Dort konnte man ihm jedoch nicht mehr helfen, da es im kubanischen Gesundheitssystem an allem mangelt, und die Krankenh\u00e4user wegen der Delta-Variante v\u00f6llig \u00fcberlastet sind.<\/p>\n\n\n\n<p>Der tragische Tod von Pablo Moya Dela zeigt eindrucksvoll die Grausamkeit der kubanischen Diktatur, aber l\u00e4sst auch erneut Zweifel am Sinn von Hungerstreiks als Mittel des politischen Protests in Kuba aufkommen. Das Regime hat nicht das geringste Problem damit, dass friedliche Dissidenten den Hungertod sterben. Das hat es schon in der Vergangenheit mehrfach bewiesen. Es ist nicht bereit irgendwelche Zugest\u00e4ndnisse zu machen, weil es genau wei\u00df, dass solche Aktionen au\u00dferhalb der exilkubanischen Gemeinde kaum Beachtung erhalten. Auch dieser aktuelle Fall findet nicht die Aufmerksamkeit, die ihm zusteht, zumal die internationalen Medien mit der Situation in Afghanistan besch\u00e4ftigt sind. Das Regime ist so einen weiteren Kritiker losgeworden, ohne dass es sich internationaler Kritik stellen muss.<\/p>\n\n\n\n<div class=\"wp-block-image\"><figure class=\"aligncenter size-full\"><img loading=\"lazy\" decoding=\"async\" width=\"623\" height=\"351\" src=\"http:\/\/botschafter-menschenrechte.de\/wp-content\/uploads\/2021\/09\/Hospital-Clinico-Quirurgico-Santiago-Facebook_CYMIMA20210827_0004_13.jpg\" alt=\"\" class=\"wp-image-1967\" srcset=\"https:\/\/botschafter-menschenrechte.de\/wp-content\/uploads\/2021\/09\/Hospital-Clinico-Quirurgico-Santiago-Facebook_CYMIMA20210827_0004_13.jpg 623w, https:\/\/botschafter-menschenrechte.de\/wp-content\/uploads\/2021\/09\/Hospital-Clinico-Quirurgico-Santiago-Facebook_CYMIMA20210827_0004_13-300x169.jpg 300w\" sizes=\"auto, (max-width: 623px) 100vw, 623px\" \/><figcaption>Pablo Moya Dela w\u00e4hrend des Hungerstreiks<\/figcaption><\/figure><\/div>\n\n\n\n<p>Leider findet das traurige Schicksal von Moya Dela auch innerhalb Kubas kaum Beachtung. Die staatlichen Medien verbreiten keine Informationen \u00fcber die Gr\u00fcnde des Hungerstreiks. Die meisten Kubaner sind gar nicht \u00fcber Pablo Moya Schicksal informiert. Und die wenigsten Kubaner, f\u00fcr die es ein t\u00e4glicher Kampf ist, genug Essen zu bekommen, haben Verst\u00e4ndnis daf\u00fcr, dass jemand \u201efreiwillig\u201c hungert. Somit verursacht sein Hungerstreik haupts\u00e4chlich sehr viel Leid und Trauer bei den Hinterbliebenen. Man kann nur hoffen, dass er anderen Dissidenten als Warnung dient, nicht diesen lebensgef\u00e4hrlichen Weg des Protestes zu gehen.<\/p>\n\n\n\n<p>Fernando Rivas<\/p>\n\n\n\n<p>Botschafter f\u00fcr Menschenrechte auf Kuba<\/p>\n","protected":false},"excerpt":{"rendered":"<p>Kuba: Hungerstreik endet t\u00f6dlich In der Nacht vom 26. auf den 27. September ist der politische Gefangene Pablo Moya Dela qualvoll an den Folgen seines Hungerstreiks und von Infektionen, die er sich im Krankenhaus zugezogen hatte, gestorben. Moya Dela war Mitglied der oppositionelle UNPACU Bewegung. Er sa\u00df seit 23 Oktober 2020 in Haft, nachdem er [&hellip;]<\/p>\n","protected":false},"author":1,"featured_media":1967,"comment_status":"open","ping_status":"open","sticky":false,"template":"","format":"standard","meta":{"footnotes":""},"categories":[17],"tags":[59,45,136,40,134,32,57,135,34],"class_list":["post-1966","post","type-post","status-publish","format-standard","has-post-thumbnail","hentry","category-kuba","tag-cuba","tag-diktatur","tag-gefangenschaft","tag-gefaengnis","tag-hungestreik","tag-kuba","tag-menschenrechte","tag-pablo-moya-dela","tag-unpacu"],"_links":{"self":[{"href":"https:\/\/botschafter-menschenrechte.de\/index.php?rest_route=\/wp\/v2\/posts\/1966","targetHints":{"allow":["GET"]}}],"collection":[{"href":"https:\/\/botschafter-menschenrechte.de\/index.php?rest_route=\/wp\/v2\/posts"}],"about":[{"href":"https:\/\/botschafter-menschenrechte.de\/index.php?rest_route=\/wp\/v2\/types\/post"}],"author":[{"embeddable":true,"href":"https:\/\/botschafter-menschenrechte.de\/index.php?rest_route=\/wp\/v2\/users\/1"}],"replies":[{"embeddable":true,"href":"https:\/\/botschafter-menschenrechte.de\/index.php?rest_route=%2Fwp%2Fv2%2Fcomments&post=1966"}],"version-history":[{"count":1,"href":"https:\/\/botschafter-menschenrechte.de\/index.php?rest_route=\/wp\/v2\/posts\/1966\/revisions"}],"predecessor-version":[{"id":1968,"href":"https:\/\/botschafter-menschenrechte.de\/index.php?rest_route=\/wp\/v2\/posts\/1966\/revisions\/1968"}],"wp:featuredmedia":[{"embeddable":true,"href":"https:\/\/botschafter-menschenrechte.de\/index.php?rest_route=\/wp\/v2\/media\/1967"}],"wp:attachment":[{"href":"https:\/\/botschafter-menschenrechte.de\/index.php?rest_route=%2Fwp%2Fv2%2Fmedia&parent=1966"}],"wp:term":[{"taxonomy":"category","embeddable":true,"href":"https:\/\/botschafter-menschenrechte.de\/index.php?rest_route=%2Fwp%2Fv2%2Fcategories&post=1966"},{"taxonomy":"post_tag","embeddable":true,"href":"https:\/\/botschafter-menschenrechte.de\/index.php?rest_route=%2Fwp%2Fv2%2Ftags&post=1966"}],"curies":[{"name":"wp","href":"https:\/\/api.w.org\/{rel}","templated":true}]}}