{"id":2038,"date":"2021-10-12T07:16:19","date_gmt":"2021-10-12T07:16:19","guid":{"rendered":"http:\/\/botschafter-menschenrechte.de\/?p=2038"},"modified":"2021-10-12T07:16:19","modified_gmt":"2021-10-12T07:16:19","slug":"ein-leben-fuer-kubas-zukunft","status":"publish","type":"post","link":"https:\/\/botschafter-menschenrechte.de\/?p=2038","title":{"rendered":"Ein Leben f\u00fcr Kubas Zukunft?"},"content":{"rendered":"\n<h1 class=\"wp-block-heading\"><strong>Ein Leben f\u00fcr Kubas Zukunft?<\/strong><\/h1>\n\n\n\n<h3 class=\"wp-block-heading\"><strong>Luis Manuel Otero Alcantara ist erneut im Hungerstreik<\/strong><\/h3>\n\n\n\n<p>Der regimekritische kubanische Performancek\u00fcnstler und Mitbegr\u00fcnder der oppositionellen San-Isidro-Bewegung Luis Manuel Otero Alcantara befindet sich zum dritten Mal binnen eines Jahres im Hungerstreik. Am 25. April 2021 startete Luis Otero gemeinsam mit weiteren Mitstreitern aus der Kulturscene einen vielbeachteten&nbsp;<a href=\"https:\/\/de.wikipedia.org\/wiki\/Hungerstreik\" target=\"_blank\" rel=\"noreferrer noopener\">Hungerstreik<\/a>. Zuvor hatte die politische Polizei sein Haus gest\u00fcrmt und zahlreiche seiner Kunstwerke zerst\u00f6rt. Acht Tage sp\u00e4ter drang die Polizei erneut in sein Haus ein und verbrachte ihn gewaltsam in ein Krankenhaus. Das Time-Magazine w\u00e4hlte den 33-j\u00e4hrigen Dissidenten im September 2021 zu einem der 100 einflussreichsten Personen des Jahres.<\/p>\n\n\n\n<p>Otero Alcantara wurde im Zuge der Proteste des 11. Juli erneut verhaftet und ist seitdem ohne Anklage inhaftiert. Bisher wurde er noch nicht mal einem Haftrichter vorgef\u00fchrt. Mitte September infizierte er sich im Gef\u00e4ngnis mit Covid-19. Die \u00fcberf\u00fcllten kubanischen Gef\u00e4ngnisse mit ihren schlechten hygienischen Bedingungen bieten einen fruchtbaren N\u00e4hrboden f\u00fcr das Virus. Die Beh\u00f6rden nutzten seine Covid-19 Infektion als Vorwand um s\u00e4mtliche Besuche zu untersagen, auch die Benutzung des Telefons wurde ihm verboten.<\/p>\n\n\n\n<p>Ein anderer H\u00e4ftling informierte die Angeh\u00f6rigen von Otero Alcantara dar\u00fcber, dass sich dieser aus Protest gegen seine und die Haftbedingungen anderer politischer Gefangene in einem Hungerstreik getreten ist. Es besteht Grund zur Sorge, da Otero Alcantara durch seine \u00fcberstandene Covid-19 Infektion k\u00f6rperlich geschw\u00e4cht ist. Hoffnung bereitet dagegen sein hoher Bekanntheitsgrad. Durch Berichte im Time Magazine, der Washington Post und der New York Times kenne viele Menschen auf der Welt den kubanischen K\u00fcnstler. Das Regime m\u00f6chte offensichtlich nicht, dass er zum M\u00e4rtyrer der Demokratiebewegung wird. Bereits bei seinen beiden vorangegangenen Hungerstreiks wurde Otero Alcantara fr\u00fchzeitig im Krankenhaus zwangsern\u00e4hrt. Weniger bekannte Oppositionelle, die in den Hungerstreik treten, werden vom Regime anders behandelt. Wenn sie sich nicht direkt zu Tode hungern, erliegen sie mitunter Krankheiten, die durch die Haftbedingungen ausgel\u00f6st sind.<\/p>\n\n\n\n<div class=\"wp-block-image\"><figure class=\"aligncenter size-full is-resized\"><img loading=\"lazy\" decoding=\"async\" src=\"http:\/\/botschafter-menschenrechte.de\/wp-content\/uploads\/2021\/10\/PHOTO-2021-10-11-11-55-10.jpg\" alt=\"\" class=\"wp-image-2039\" width=\"613\" height=\"613\"\/><figcaption>Der regimekritische K\u00fcnstler Luis Manuel Otero Alcantara ist erneut im Hungerstreik<\/figcaption><\/figure><\/div>\n\n\n\n<p>Ob Otero Alcantara mit diesem erneuten Hungerstreik ein weiteres Mal die internationale Beachtung&nbsp; erringen kann, h\u00e4ngt von der Unterst\u00fctzung vieler Aktivisten auf Kuba und weltweit ab. Aufgrund der Kommunikationssperre durch das diktatorische Regime dringen keinerlei Bilder von Ihm oder Informationen \u00fcber seinen Zustand aus dem Gef\u00e4ngnis an die \u00d6ffentlichkeit. Die Situation ist tragisch: Otero Alcantaras setzt ein weiteres Mal sein Leben ein, aber seine und&nbsp; Kubas Zukunft sind ungewiss.<\/p>\n\n\n\n<p><em>Fernando Rivas<\/em><\/p>\n","protected":false},"excerpt":{"rendered":"<p>Ein Leben f\u00fcr Kubas Zukunft? Luis Manuel Otero Alcantara ist erneut im Hungerstreik Der regimekritische kubanische Performancek\u00fcnstler und Mitbegr\u00fcnder der oppositionellen San-Isidro-Bewegung Luis Manuel Otero Alcantara befindet sich zum dritten Mal binnen eines Jahres im Hungerstreik. Am 25. April 2021 startete Luis Otero gemeinsam mit weiteren Mitstreitern aus der Kulturscene einen vielbeachteten&nbsp;Hungerstreik. Zuvor hatte die [&hellip;]<\/p>\n","protected":false},"author":1,"featured_media":2039,"comment_status":"open","ping_status":"open","sticky":false,"template":"","format":"standard","meta":{"footnotes":""},"categories":[17],"tags":[],"class_list":["post-2038","post","type-post","status-publish","format-standard","has-post-thumbnail","hentry","category-kuba"],"_links":{"self":[{"href":"https:\/\/botschafter-menschenrechte.de\/index.php?rest_route=\/wp\/v2\/posts\/2038","targetHints":{"allow":["GET"]}}],"collection":[{"href":"https:\/\/botschafter-menschenrechte.de\/index.php?rest_route=\/wp\/v2\/posts"}],"about":[{"href":"https:\/\/botschafter-menschenrechte.de\/index.php?rest_route=\/wp\/v2\/types\/post"}],"author":[{"embeddable":true,"href":"https:\/\/botschafter-menschenrechte.de\/index.php?rest_route=\/wp\/v2\/users\/1"}],"replies":[{"embeddable":true,"href":"https:\/\/botschafter-menschenrechte.de\/index.php?rest_route=%2Fwp%2Fv2%2Fcomments&post=2038"}],"version-history":[{"count":1,"href":"https:\/\/botschafter-menschenrechte.de\/index.php?rest_route=\/wp\/v2\/posts\/2038\/revisions"}],"predecessor-version":[{"id":2040,"href":"https:\/\/botschafter-menschenrechte.de\/index.php?rest_route=\/wp\/v2\/posts\/2038\/revisions\/2040"}],"wp:featuredmedia":[{"embeddable":true,"href":"https:\/\/botschafter-menschenrechte.de\/index.php?rest_route=\/wp\/v2\/media\/2039"}],"wp:attachment":[{"href":"https:\/\/botschafter-menschenrechte.de\/index.php?rest_route=%2Fwp%2Fv2%2Fmedia&parent=2038"}],"wp:term":[{"taxonomy":"category","embeddable":true,"href":"https:\/\/botschafter-menschenrechte.de\/index.php?rest_route=%2Fwp%2Fv2%2Fcategories&post=2038"},{"taxonomy":"post_tag","embeddable":true,"href":"https:\/\/botschafter-menschenrechte.de\/index.php?rest_route=%2Fwp%2Fv2%2Ftags&post=2038"}],"curies":[{"name":"wp","href":"https:\/\/api.w.org\/{rel}","templated":true}]}}