{"id":2049,"date":"2021-10-12T14:38:29","date_gmt":"2021-10-12T14:38:29","guid":{"rendered":"http:\/\/botschafter-menschenrechte.de\/?p=2049"},"modified":"2021-10-13T08:51:14","modified_gmt":"2021-10-13T08:51:14","slug":"deutscher-staatsbuerger-seit-der-juli-proteste-inhaftiert","status":"publish","type":"post","link":"https:\/\/botschafter-menschenrechte.de\/?p=2049","title":{"rendered":"Deutscher Staatsb\u00fcrger seit den Juli-Protesten inhaftiert"},"content":{"rendered":"\n<h1 class=\"wp-block-heading\"><strong>Deutscher Staatsb\u00fcrger seit den Juli-Protesten inhaftiert<\/strong><\/h1>\n\n\n\n<h3 class=\"wp-block-heading\"><strong>Er wollte nur die Demonstrationen in Havanna miterleben<\/strong><\/h3>\n\n\n\n<h4 class=\"wp-block-heading\"><strong>BfM dokumentiert das Statement von Janie und Mar\u00eda Fr\u00f3meta Compte &#8211; T\u00f6chter von Luis Fr\u00f3meta Compte in Deutschland<\/strong><\/h4>\n\n\n\n<p><strong>Auf Kuba wurden in den Stunden vor, w\u00e4hrend und danach noch tagelang nach den Juli-Protesten tausende Menschen festgenommen und inhaftiert. \u00dcber 500 dieser \u201eJuli-Gefangenen\u201c wurden bereits in Schnellverfahren abgeurteilt. Mehr als eintausend weitere Gefangene warten noch auf ihre Verfahren. Einer von ihnen ist der deutsche Staatsb\u00fcrger Luis Fr\u00f3meta Compte. Lesen Sie das Statement seiner beiden in Deutschland lebenden T\u00f6chter:<\/strong><br><br><em>Stell\u2019 dir vor, du gehst aus Neugierde zu einer Demonstration und wirst dort festgenommen und dann weggesperrt, wie ein Schwerstverbrecher, weil du mit deinem Handy die Situation gefilmt hast\u2026 unvorstellbar, aber wahr!<br><br>Genau das ist unserem geliebten Papa Luis Fr\u00f3meta Compte (deutsche und kubanische Staatsangeh\u00f6rigkeit) am 11. Juli 2021 in Havanna (Arroyo Naranjo &#8211; La G\u00fcinera) passiert. Das war der gro\u00dfe Tag auf Kuba, an dem viele Kubaner die M\u00f6glichkeit sahen ihren Unmut \u00fcber die jahrelang anhaltende Wirtschaftskrise kundzutun und eine der gr\u00f6\u00dften Demonstrationen auf Kuba \u00fcberhaupt.<br>&nbsp;<br>Unser Papa war zu diesem Zeitpunkt gerade auf Kuba im Urlaub um unsere Familie zu besuchen und war von dem Demonstrationen v\u00f6llig \u00fcberrascht. Er hat sich dennoch von der Euphorie einer besseren Zukunft f\u00fcr seine geliebte Heimat hinrei\u00dfen lassen und ging aus reiner Neugierde raus auf die Stra\u00dfe. Er machte diese Handyaufzeichnung f\u00fcr private Zwecke, um uns &#8211; seinen T\u00f6chtern und deutscher Familie &#8211; zu zeigen. Er hatte dabei keine politischen Hintergr\u00fcnde, er hatte nie Probleme mit der Polizei &#8211; weder auf Kuba noch hier in Deutschland.<br>&nbsp;<br>Zusammen mit anderen Kubanern hat er vom Rand aus die Demonstration beobachtet und gefilmt. Die Situation war bereits gef\u00e4hrlich, als die Polizei bei den Demonstranten ankam, da diese mit Steinen warf und Warnsch\u00fcsse an die Bev\u00f6lkerung abgab. Logisch &#8211; viele Kubaner und Neugierige nutzten die Gelegenheit und rannten davon, aber nicht unser Papa. Er blieb stehen! Er blieb stehen, weil er Angst hatte sich umzudrehen und von einem Stein schwer verletzt zu werden und er blieb stehen, weil es ihm verdamt wichtig war der Polizei zu sagen, dass diese aufh\u00f6ren sollen mit Steinen zu werfen, da auch Frauen und Kinder unter den Demonstranten waren. Er wurde daraufhin gewaltsam festgenommen von mehreren Polizisten (auch Zivilpolizei) die ihm zudem in diesem Moment noch seinen sch\u00fctzenden Mundschutz entfernten\u2026 Er wurde in eine \u00f6rtliche Polizeistation gebracht, wo er eine Nacht bleiben sollte, bevor man ihn hatte gehen lassen. Sein Handy blieb in Gewahrsam der Polizei. Genau eine Woche sp\u00e4ter wurde unser Papa von zu Hause abgeholt und in das Gef\u00e4ngnis \u201c100 y aldab\u00f3\u201d gebracht. Sein \u201cVerbrechen\u201d: Erregung \u00f6ffentlichen \u00c4rgernisses! Dort wurde er anfangs auch geschlagen, um das er sagt, dass er ein Anf\u00fchrer der Demonstrationen sei. Die denken, er hat die Demonstrationen von Deutschland aus geplant, was v\u00f6lliger Unfug ist, da er wie bereits gesagt mit Politik nichts am Hut hat. Einige Zeit sp\u00e4ter wurde er ins Gef\u00e4ngnis \u201cCombinado del Este\u201d geschafft, zuf\u00e4lligerweise zeitgleich mit dem ersten geplanten Besuchstermin seines Anwalts vor Ort\u2026 Wollte man da eventuelle Verletzungen vertuschen?<br><br>Am 17. Oktober 2021 sind es bereits drei Monate &#8211; ein viertel Jahr &#8211; zu Unrecht im Gef\u00e4ngnis. Unser Papa wollte nichts B\u00f6ses, er hat niemanden angegriffen, er hat nichts zerst\u00f6rt, er hat niemanden beleidigt &#8211; er war nur neugierig und filmte.<br>Selbst mehrfache Versuche der deutschen Botschaft in Havanna einen Besuchstermin und die konsularische Betreuung unseres Papas zu \u00fcbernehmen, blieben bisher erfolglos &#8211; obwohl er genauso deutscher Staatsb\u00fcrger ist. Das prallt bei den kubanischen Beh\u00f6rden ab.<br><br>F\u00fcr unseren unschuldigen Papa erhoffen wir uns eine schnelle Freilassung, damit wir ihn bald wieder in unseren Armen halten k\u00f6nnen! F\u00fcr alle anderen zu Unrecht politisch Gefangenen w\u00fcnschen wir uns ebenso eine sofortige Freilassung! Es ist ein Menschenrecht seine Meinung zu \u00e4u\u00dfern, was JEDEM auf dieser Erde zusteht!\u201c<\/em><\/p>\n\n\n\n<figure class=\"wp-block-gallery columns-3 is-cropped wp-block-gallery-1 is-layout-flex wp-block-gallery-is-layout-flex\"><ul class=\"blocks-gallery-grid\"><li class=\"blocks-gallery-item\"><figure><img loading=\"lazy\" decoding=\"async\" width=\"768\" height=\"1024\" src=\"http:\/\/botschafter-menschenrechte.de\/wp-content\/uploads\/2021\/10\/9ce09861-f627-48e1-9639-ec1c0da70aa7.jpeg\" alt=\"\" data-id=\"2050\" data-full-url=\"http:\/\/botschafter-menschenrechte.de\/wp-content\/uploads\/2021\/10\/9ce09861-f627-48e1-9639-ec1c0da70aa7.jpeg\" data-link=\"http:\/\/botschafter-menschenrechte.de\/?attachment_id=2050\" class=\"wp-image-2050\" srcset=\"https:\/\/botschafter-menschenrechte.de\/wp-content\/uploads\/2021\/10\/9ce09861-f627-48e1-9639-ec1c0da70aa7.jpeg 768w, https:\/\/botschafter-menschenrechte.de\/wp-content\/uploads\/2021\/10\/9ce09861-f627-48e1-9639-ec1c0da70aa7-225x300.jpeg 225w\" sizes=\"auto, (max-width: 768px) 100vw, 768px\" \/><\/figure><\/li><li class=\"blocks-gallery-item\"><figure><img loading=\"lazy\" decoding=\"async\" width=\"720\" height=\"960\" src=\"http:\/\/botschafter-menschenrechte.de\/wp-content\/uploads\/2021\/10\/IMG_4179.jpeg\" alt=\"\" data-id=\"2051\" data-full-url=\"http:\/\/botschafter-menschenrechte.de\/wp-content\/uploads\/2021\/10\/IMG_4179.jpeg\" data-link=\"http:\/\/botschafter-menschenrechte.de\/?attachment_id=2051\" class=\"wp-image-2051\" srcset=\"https:\/\/botschafter-menschenrechte.de\/wp-content\/uploads\/2021\/10\/IMG_4179.jpeg 720w, https:\/\/botschafter-menschenrechte.de\/wp-content\/uploads\/2021\/10\/IMG_4179-225x300.jpeg 225w\" sizes=\"auto, (max-width: 720px) 100vw, 720px\" \/><\/figure><\/li><li class=\"blocks-gallery-item\"><figure><img loading=\"lazy\" decoding=\"async\" width=\"594\" height=\"960\" src=\"http:\/\/botschafter-menschenrechte.de\/wp-content\/uploads\/2021\/10\/IMG_4180.jpeg\" alt=\"\" data-id=\"2052\" data-full-url=\"http:\/\/botschafter-menschenrechte.de\/wp-content\/uploads\/2021\/10\/IMG_4180.jpeg\" data-link=\"http:\/\/botschafter-menschenrechte.de\/?attachment_id=2052\" class=\"wp-image-2052\" srcset=\"https:\/\/botschafter-menschenrechte.de\/wp-content\/uploads\/2021\/10\/IMG_4180.jpeg 594w, https:\/\/botschafter-menschenrechte.de\/wp-content\/uploads\/2021\/10\/IMG_4180-186x300.jpeg 186w\" sizes=\"auto, (max-width: 594px) 100vw, 594px\" \/><\/figure><\/li><li class=\"blocks-gallery-item\"><figure><img loading=\"lazy\" decoding=\"async\" width=\"960\" height=\"640\" src=\"http:\/\/botschafter-menschenrechte.de\/wp-content\/uploads\/2021\/10\/IMG_4463.jpeg\" alt=\"\" data-id=\"2053\" data-full-url=\"http:\/\/botschafter-menschenrechte.de\/wp-content\/uploads\/2021\/10\/IMG_4463.jpeg\" data-link=\"http:\/\/botschafter-menschenrechte.de\/?attachment_id=2053\" class=\"wp-image-2053\" srcset=\"https:\/\/botschafter-menschenrechte.de\/wp-content\/uploads\/2021\/10\/IMG_4463.jpeg 960w, https:\/\/botschafter-menschenrechte.de\/wp-content\/uploads\/2021\/10\/IMG_4463-300x200.jpeg 300w, https:\/\/botschafter-menschenrechte.de\/wp-content\/uploads\/2021\/10\/IMG_4463-768x512.jpeg 768w\" sizes=\"auto, (max-width: 960px) 100vw, 960px\" \/><\/figure><\/li><li class=\"blocks-gallery-item\"><figure><img loading=\"lazy\" decoding=\"async\" width=\"473\" height=\"1024\" src=\"http:\/\/botschafter-menschenrechte.de\/wp-content\/uploads\/2021\/10\/IMG_4979-473x1024.png\" alt=\"\" data-id=\"2054\" data-full-url=\"http:\/\/botschafter-menschenrechte.de\/wp-content\/uploads\/2021\/10\/IMG_4979.png\" data-link=\"http:\/\/botschafter-menschenrechte.de\/?attachment_id=2054\" class=\"wp-image-2054\"\/><\/figure><\/li><li class=\"blocks-gallery-item\"><figure><img loading=\"lazy\" decoding=\"async\" width=\"473\" height=\"1024\" src=\"http:\/\/botschafter-menschenrechte.de\/wp-content\/uploads\/2021\/10\/IMG_5042-473x1024.png\" alt=\"\" data-id=\"2055\" data-full-url=\"http:\/\/botschafter-menschenrechte.de\/wp-content\/uploads\/2021\/10\/IMG_5042.png\" data-link=\"http:\/\/botschafter-menschenrechte.de\/?attachment_id=2055\" class=\"wp-image-2055\" srcset=\"https:\/\/botschafter-menschenrechte.de\/wp-content\/uploads\/2021\/10\/IMG_5042-473x1024.png 473w, https:\/\/botschafter-menschenrechte.de\/wp-content\/uploads\/2021\/10\/IMG_5042-139x300.png 139w, https:\/\/botschafter-menschenrechte.de\/wp-content\/uploads\/2021\/10\/IMG_5042-768x1662.png 768w, https:\/\/botschafter-menschenrechte.de\/wp-content\/uploads\/2021\/10\/IMG_5042-710x1536.png 710w, https:\/\/botschafter-menschenrechte.de\/wp-content\/uploads\/2021\/10\/IMG_5042.png 828w\" sizes=\"auto, (max-width: 473px) 100vw, 473px\" \/><\/figure><\/li><\/ul><\/figure>\n","protected":false},"excerpt":{"rendered":"<p>Deutscher Staatsb\u00fcrger seit den Juli-Protesten inhaftiert Er wollte nur die Demonstrationen in Havanna miterleben BfM dokumentiert das Statement von Janie und Mar\u00eda Fr\u00f3meta Compte &#8211; T\u00f6chter von Luis Fr\u00f3meta Compte in Deutschland Auf Kuba wurden in den Stunden vor, w\u00e4hrend und danach noch tagelang nach den Juli-Protesten tausende Menschen festgenommen und inhaftiert. \u00dcber 500 dieser [&hellip;]<\/p>\n","protected":false},"author":1,"featured_media":2054,"comment_status":"open","ping_status":"open","sticky":false,"template":"","format":"standard","meta":{"footnotes":""},"categories":[17],"tags":[],"class_list":["post-2049","post","type-post","status-publish","format-standard","has-post-thumbnail","hentry","category-kuba"],"_links":{"self":[{"href":"https:\/\/botschafter-menschenrechte.de\/index.php?rest_route=\/wp\/v2\/posts\/2049","targetHints":{"allow":["GET"]}}],"collection":[{"href":"https:\/\/botschafter-menschenrechte.de\/index.php?rest_route=\/wp\/v2\/posts"}],"about":[{"href":"https:\/\/botschafter-menschenrechte.de\/index.php?rest_route=\/wp\/v2\/types\/post"}],"author":[{"embeddable":true,"href":"https:\/\/botschafter-menschenrechte.de\/index.php?rest_route=\/wp\/v2\/users\/1"}],"replies":[{"embeddable":true,"href":"https:\/\/botschafter-menschenrechte.de\/index.php?rest_route=%2Fwp%2Fv2%2Fcomments&post=2049"}],"version-history":[{"count":2,"href":"https:\/\/botschafter-menschenrechte.de\/index.php?rest_route=\/wp\/v2\/posts\/2049\/revisions"}],"predecessor-version":[{"id":2081,"href":"https:\/\/botschafter-menschenrechte.de\/index.php?rest_route=\/wp\/v2\/posts\/2049\/revisions\/2081"}],"wp:featuredmedia":[{"embeddable":true,"href":"https:\/\/botschafter-menschenrechte.de\/index.php?rest_route=\/wp\/v2\/media\/2054"}],"wp:attachment":[{"href":"https:\/\/botschafter-menschenrechte.de\/index.php?rest_route=%2Fwp%2Fv2%2Fmedia&parent=2049"}],"wp:term":[{"taxonomy":"category","embeddable":true,"href":"https:\/\/botschafter-menschenrechte.de\/index.php?rest_route=%2Fwp%2Fv2%2Fcategories&post=2049"},{"taxonomy":"post_tag","embeddable":true,"href":"https:\/\/botschafter-menschenrechte.de\/index.php?rest_route=%2Fwp%2Fv2%2Ftags&post=2049"}],"curies":[{"name":"wp","href":"https:\/\/api.w.org\/{rel}","templated":true}]}}