{"id":2139,"date":"2021-11-12T08:35:16","date_gmt":"2021-11-12T08:35:16","guid":{"rendered":"http:\/\/botschafter-menschenrechte.de\/?p=2139"},"modified":"2021-11-12T09:00:11","modified_gmt":"2021-11-12T09:00:11","slug":"offener-appell-zur-vermeidung-eines-blutvergiessens-in-kuba","status":"publish","type":"post","link":"https:\/\/botschafter-menschenrechte.de\/?p=2139","title":{"rendered":"OFFENER APPELL ZUR VERMEIDUNG EINES BLUTVERGIESSENS IN KUBA"},"content":{"rendered":"\n<h1 class=\"wp-block-heading\">OFFENER APPELL ZUR VERMEIDUNG EINES BLUTVERGIESSENS IN KUBA<\/h1>\n\n\n\n<h2 class=\"wp-block-heading\">An alle Demokratischen und Progressiven Kr\u00e4ften in Deutschland und in der Welt.<\/h2>\n\n\n\n<p>Am kommenden 15. November wird in Kuba und zeitgleich in rund 100 St\u00e4dten verschiedener L\u00e4nder der Welt zu Demonstrationen aufgerufen. Mitglieder der kubanischen Zivilgesellschaft und der Gruppe Archipi\u00e9lago haben zu einem zivilen pazifistischen MARSCH f\u00fcr die Achtung der Rechte aller Kubaner, die Freilassung politischer Gefangener, f\u00fcr ein Ende der Gewalt gegen Dissidenten und f\u00fcr Demokratie und Freiheit auf der Insel aufgerufen.<\/p>\n\n\n\n<p>Angesichts des von der Regierung gesch\u00fcrten hasserf\u00fcllten, aggressiven und konfrontativen Klimas gegen diesen Marsch, sind wir als deutsch- kubanischer Verein BERLIN OPUS CUBA (i.G) erschrocken und alarmiert und bef\u00fcrchten eine Eskalation. Die Bedrohungen gegen Organisatoren und die in den Netzwerken kursierenden Bilder, auf denen die Kampfbereitschaft und Aggression der staatlich organisierten \u201eRevolution\u00e4re\u201c auch mit Waffen demonstriert wird, sind Vorboten einer staatlich forcierten gewaltt\u00e4tigen Konfrontation zwischen Kubanern und Kubanern und einer bevorstehenden gewaltsamen Unterdr\u00fcckung friedlicher Proteste.<\/p>\n\n\n\n<p>Wir, BERLIN OPUS CUBA (i.G), verstehen uns als unabh\u00e4ngige Organisation freier Kubaner, die sich mit den Gef\u00fchlen der Opposition und unserer Familien und Freunde in Kuba artikuliert, die hier als Stimme der Kubaner in einer freien Gesellschaft fungiert, die nicht durch die Willk\u00fcr des kubanischen Regimes zum Schweigen gebracht werden kann.<\/p>\n\n\n\n<p>Aus Berlin, der Deutschen Hauptstadt, in der die ber\u00fcchtigte Mauer fiel, dem Symbol f\u00fcr Unfreiheit und Unterdr\u00fcckung in der DDR, der Hauptstadt, die sich heute mit weltbekannten Institutionen r\u00fchmen kann, die sich in ihrer Arbeit dem FRIEDEN und der FREIHEIT in der Welt verschreiben, rufen wir heute mit Nachdruck dazu auf, mit erh\u00f6hter Wachsamkeit den Blick auf Kuba zu richten und auf die Handlungen der kubanischen Regierung und auf die m\u00f6glichen Konsequenzen f\u00fcr die Zivilgesellschaft zu achten, um durch internationalen Druck ein Blutvergie\u00dfen am 15. November in Kuba zu vermeiden.<\/p>\n\n\n\n<p>WIR FORDERN DIE KUBANISCHE REGIERUNG AUF,<\/p>\n\n\n\n<p>&#8211; die Repressionswelle gegen die Demonstranten vom 11. Juli bedingungslos einzustellen und die politischen Gefangenen freizulassen, die zum Teil mit jahrzehntelangen Haftstrafen belegt wurden, weil sie anders denken oder sich frei in ihrem Gesang oder ihrer Kunst ausdr\u00fccken wollen.<\/p>\n\n\n\n<p>&#8211; jedem Kubaner die politisch-gesellschaftlichen Rechte zu gew\u00e4hren, die in der kubanische Verfassung und in der von Kuba unterzeichneten Allgemeinen Erkl\u00e4rung der Menschenrechte zugesichert werden (Artikel: 1, 9, 18, 19, 20), nach der sie sich als Rechtsperson frei von Diskriminierung \u00e4u\u00dfern, organisieren und gesellschaftlich politisch partizipieren k\u00f6nnen, damit Bed\u00fcrfnisse und Interessen aller Kubaner in der Gesellschaft repr\u00e4sentiert werden.<\/p>\n\n\n\n<p>WIR FORDERN DEN DEUTSCHEN BUNDESTAG AUF,<\/p>\n\n\n\n<p>&#8211; eine eindringliche Warnung an das kubanische Regime zu richten, den politischen Willen eines gro\u00dfen Teils der kubanischen Zivilgesellschaft zu respektieren, das von seinem Demonstrationsrecht Gebrauch machen m\u00f6chte, um seinen politischen Willen friedlich und \u00f6ffentlich wahrnehmbar zu demonstrieren.<\/p>\n\n\n\n<p>&#8211; auf die Verantwortlichkeit der kubanischen Regierung hinzuweisen, die k\u00f6rperliche Unversehrtheit der friedlich demonstrierenden B\u00fcrgerinnen und B\u00fcrger sicherzustellen, indem sie es unterl\u00e4sst, zu gewaltsamen Abwehraktionen aufzurufen und ein Eskalieren durch staatlich aktivierte bewaffnete paramilit\u00e4rische Kampfgruppen und -verb\u00e4nde verhindert.<\/p>\n\n\n\n<p>&#8211; den Entschlie\u00dfungen Nachdruck zu verleihen, indem harte politische Konsequenzen f\u00fcr den Fall in den Raum gestellt werden, dass die Regierung die Stimmung weiterhin aktiv anheizt und seine B\u00fcrgerinnen und B\u00fcrger mit Repression und Gewalt bedroht.<\/p>\n\n\n\n<p>WIR FORDERN DAS EUROP\u00c4ISCHE PARLAMENT AUF,<\/p>\n\n\n\n<p>&#8211; sich zu einer eindeutigen Erkl\u00e4rung an die kubanische Regierung zu entschlie\u00dfen, die eine klare Position gegen\u00fcber der Regierung einnimmt, um die Bedrohung durch bewaffnete paramilit\u00e4rische Kr\u00e4fte zu verurteilen, die drohen, gegen unbewaffnete friedliche B\u00fcrgerinnen und B\u00fcrger vorzugehen, die am 15. November in ganz Kuba pazifistisch ihr Grundrecht auf politische Meinungs\u00e4u\u00dferung und Versammlungsfreiheit wahrnehmen wollen.<\/p>\n\n\n\n<p>BERLIN OPUS CUBA steht f\u00fcr das Ende einer totalit\u00e4ren Diktatur und den \u00dcbergang zu einer starken Demokratie, in der sich die Interessen- und Bed\u00fcrfnisvielfalt der kubanischen Bev\u00f6lkerung wiederspiegeln kann.<\/p>\n\n\n\n<p>Wir stehen ebenso f\u00fcr die \u00d6ffnung der kubanischen Wirtschaft als wesentliche Triebkraft f\u00fcr gesellschaftliche Entwicklung und Wohlstand. Unterzeichnet am Vorabend der Feierlichkeiten zum Tag des Schicksals in Deutschland. Am Vorabend des Tages, an dem der Abriss der Berliner Mauer begann.<\/p>\n\n\n\n<p>Unser Appell ist ein Riss in der Mauer der Diktatur.<\/p>\n\n\n\n<p>F\u00fcr ein freies Kuba Hochachtungsvoll, BERLIN OPUS CUBA<\/p>\n\n\n\n<p><\/p>\n\n\n\n<p><\/p>\n\n\n\n<p>Unterzeichnen:<\/p>\n\n\n\n<p>1. Mar\u00eda del Carmen Ares Marrero<\/p>\n\n\n\n<p>2. Amir Valle<\/p>\n\n\n\n<p>3. Hamlet Lavastida Cordov\u00ed<\/p>\n\n\n\n<p>4. Katherine Bisquet Rodr\u00edguez<\/p>\n\n\n\n<p>5. Mar\u00eda Magdalena Gonz\u00e1lez Atao<\/p>\n\n\n\n<p>6. Armando Urquiola Cabrera<\/p>\n\n\n\n<p>7. Yirka Doct\u00fa Aballe<\/p>\n\n\n\n<p>8. Teresa Casanueva<\/p>\n\n\n\n<p>9. Osmel Brooks Morej\u00f3n<\/p>\n\n\n\n<p>10. Daniel Juli\u00e1n Jim\u00e9nez Krause<\/p>\n\n\n\n<p>11. Tania Tas\u00e9<\/p>\n\n\n\n<p>12. Carloluis Rodr\u00edguez P\u00e9rez<\/p>\n\n\n\n<p>13. Andreas Gumm<\/p>\n\n\n\n<p>14. Dr. Denis Hedeler Aguiar Pineda<\/p>\n\n\n\n<p>15. Abilio Su\u00e1rez<\/p>\n\n\n\n<p>16. Rolando Isse<\/p>\n\n\n\n<p>17. Felipe Fundora<\/p>\n\n\n\n<p>18. David Garc\u00eda<\/p>\n\n\n\n<p>19. Rafael Mu\u00f1oz Ram\u00edrez<\/p>\n\n\n\n<p>20. Jorge Luis Garc\u00eda V\u00e1zquez<\/p>\n\n\n\n<p>21. Boris Luis Santa Coloma<\/p>\n\n\n\n<p>22. Ana Amalia Ocanto<\/p>\n\n\n\n<p>23. Ariel Rodr\u00edguez<\/p>\n\n\n\n<p>24. Lisandra Cervantes Fern\u00e1ndez<\/p>\n\n\n\n<p>25. Vladimir Torres Morales<\/p>\n\n\n\n<p>26. Tony Ram\u00edrez<\/p>\n\n\n\n<p>27. Alexander Pozo Cruz<\/p>\n\n\n\n<p>28. L\u00e1zaro Rub\u00e9n Riera Vigos<\/p>\n\n\n\n<p>29. Ernesto Enrique Rodr\u00edguez<\/p>\n\n\n\n<p>30. Daniel Almeida Torres<\/p>\n\n\n\n<p>31. Jes\u00fas Bertr\u00e1n Gibert<\/p>\n\n\n\n<p>32. Ad\u00e1n Rodr\u00edguez<\/p>\n\n\n\n<p>33. Aliu Gonz\u00e1lez<\/p>\n\n\n\n<p>34. B\u00e1rbara Reuss<\/p>\n\n\n\n<p>35. Guillermo Espichicoque<\/p>\n\n\n\n<p>36. Mario Schiller<\/p>\n\n\n\n<p>37. L\u00e1zaro Iroel Torres Terry<\/p>\n\n\n\n<p>38. Berta Medina<\/p>\n\n\n\n<p>39. Alejandro Isasi<\/p>\n\n\n\n<p>40. Dianel Morales<\/p>\n\n\n\n<p>41. Gema Dietrich<\/p>\n\n\n\n<p>42. Nicole Johannsen<\/p>\n\n\n\n<p>43. Omar Coipel<\/p>\n\n\n\n<p>44. Manelis G\u00f3mez Libor<\/p>\n\n\n\n<p>45. Omar D\u00edaz<\/p>\n\n\n\n<p>46. Leidiana L\u00f3pez<\/p>\n\n\n\n<p>47. Osmany el Narra<\/p>\n\n\n\n<p>48. Kenia Alvarez<\/p>\n\n\n\n<p>49. Luis Enrique Spengler<\/p>\n\n\n\n<p>50. Yosi Rousseaux<\/p>\n\n\n\n<p>51. Yusimil Mart\u00ednez Fornaris<\/p>\n\n\n\n<p>52. Maximiliano Hern\u00e1ndez Fort\u00fan<\/p>\n\n\n\n<p>53. Marlon Torriente Pomares<\/p>\n\n\n\n<p>54. Mayel\u00edn Veranes<\/p>\n\n\n\n<p>55. Barbara Eugenia Valiente Vaillant<\/p>\n\n\n\n<p>56. Katrin Wilke<\/p>\n\n\n\n<p>57. Leonardo Reyna<\/p>\n\n\n\n<p>58. Mayel\u00edn Werner (geb. Bruz\u00f3n Ortega)<\/p>\n\n\n\n<p>59. Orielis Mayet Lago<\/p>\n\n\n\n<p>60. Michel Estupi\u00f1\u00e1n<\/p>\n\n\n\n<p>61. Dirk Norman Werner<\/p>\n\n\n\n<p>62. Peter B\u00f6ttcher<\/p>\n\n\n\n<p>63. Milay Companioni Tabares<\/p>\n\n\n\n<p>64. Rodovaldo Clavijo<\/p>\n\n\n\n<p>65. Lisandra Mesa<\/p>\n\n\n\n<p>66. Jennifer Garc\u00eda<\/p>\n\n\n\n<p>67. Emilio Hern\u00e1ndez Cruz<\/p>\n\n\n\n<p>68. Marino Castellini<\/p>\n\n\n\n<p>69. B\u00e1rbara Estrada<\/p>\n\n\n\n<p>70. Carlos Ram\u00edrez<\/p>\n\n\n\n<p>71. Carlos Bajardi Tabares<\/p>\n\n\n\n<p>72. Evelio Mora<\/p>\n\n\n\n<p>73. Anayda Montero<\/p>\n","protected":false},"excerpt":{"rendered":"<p>OFFENER APPELL ZUR VERMEIDUNG EINES BLUTVERGIESSENS IN KUBA An alle Demokratischen und Progressiven Kr\u00e4ften in Deutschland und in der Welt. Am kommenden 15. November wird in Kuba und zeitgleich in rund 100 St\u00e4dten verschiedener L\u00e4nder der Welt zu Demonstrationen aufgerufen. Mitglieder der kubanischen Zivilgesellschaft und der Gruppe Archipi\u00e9lago haben zu einem zivilen pazifistischen MARSCH f\u00fcr [&hellip;]<\/p>\n","protected":false},"author":1,"featured_media":2143,"comment_status":"open","ping_status":"open","sticky":false,"template":"","format":"standard","meta":{"footnotes":""},"categories":[17,1],"tags":[],"class_list":["post-2139","post","type-post","status-publish","format-standard","has-post-thumbnail","hentry","category-kuba","category-uncategorized"],"_links":{"self":[{"href":"https:\/\/botschafter-menschenrechte.de\/index.php?rest_route=\/wp\/v2\/posts\/2139","targetHints":{"allow":["GET"]}}],"collection":[{"href":"https:\/\/botschafter-menschenrechte.de\/index.php?rest_route=\/wp\/v2\/posts"}],"about":[{"href":"https:\/\/botschafter-menschenrechte.de\/index.php?rest_route=\/wp\/v2\/types\/post"}],"author":[{"embeddable":true,"href":"https:\/\/botschafter-menschenrechte.de\/index.php?rest_route=\/wp\/v2\/users\/1"}],"replies":[{"embeddable":true,"href":"https:\/\/botschafter-menschenrechte.de\/index.php?rest_route=%2Fwp%2Fv2%2Fcomments&post=2139"}],"version-history":[{"count":2,"href":"https:\/\/botschafter-menschenrechte.de\/index.php?rest_route=\/wp\/v2\/posts\/2139\/revisions"}],"predecessor-version":[{"id":2152,"href":"https:\/\/botschafter-menschenrechte.de\/index.php?rest_route=\/wp\/v2\/posts\/2139\/revisions\/2152"}],"wp:featuredmedia":[{"embeddable":true,"href":"https:\/\/botschafter-menschenrechte.de\/index.php?rest_route=\/wp\/v2\/media\/2143"}],"wp:attachment":[{"href":"https:\/\/botschafter-menschenrechte.de\/index.php?rest_route=%2Fwp%2Fv2%2Fmedia&parent=2139"}],"wp:term":[{"taxonomy":"category","embeddable":true,"href":"https:\/\/botschafter-menschenrechte.de\/index.php?rest_route=%2Fwp%2Fv2%2Fcategories&post=2139"},{"taxonomy":"post_tag","embeddable":true,"href":"https:\/\/botschafter-menschenrechte.de\/index.php?rest_route=%2Fwp%2Fv2%2Ftags&post=2139"}],"curies":[{"name":"wp","href":"https:\/\/api.w.org\/{rel}","templated":true}]}}