{"id":2157,"date":"2021-11-17T07:59:12","date_gmt":"2021-11-17T07:59:12","guid":{"rendered":"http:\/\/botschafter-menschenrechte.de\/?p=2157"},"modified":"2021-11-17T08:08:04","modified_gmt":"2021-11-17T08:08:04","slug":"die-vorschlaege-der-christlichen-befreiungsbewegung","status":"publish","type":"post","link":"https:\/\/botschafter-menschenrechte.de\/?p=2157","title":{"rendered":"Die Vorschl\u00e4ge der christlichen Befreiungsbewegung"},"content":{"rendered":"\n<h4 class=\"has-text-align-center wp-block-heading\">Das sind die Massnahmen die wir, kurz nach den Protesten am 11. JULI, um die Diktatur zu isolieren,&nbsp; vorgeschlagen haben:<\/h4>\n\n\n\n<h2 class=\"has-text-align-center wp-block-heading\">Die Vorschl\u00e4ge der christlichen Befreiungsbewegung<\/h2>\n\n\n\n<h5 class=\"has-text-align-center wp-block-heading\">Die 11 konkreten Ma\u00dfnahmen, die im Rahmen der Kampagne vorgeschlagen werden, sind:<\/h5>\n\n\n\n<ol class=\"wp-block-list\"><li>Die Teilnahme des kubanischen Regimes an allen internationalen Foren, Gipfeltreffen und Veranstaltungen sollte   ausgeschlossen werden.<\/li><li>Kuba sollte im Rahmen des UN-Menschenrechtsrates wegen seiner Verst\u00f6\u00dfe untersucht und verurteilt werden.<\/li><li>Aussetzung aller wirtschaftlichen und milit\u00e4rischen Kooperationsabkommen mit der kubanischen Diktatur, wie z. B. des EU-Kuba-Abkommens.<\/li><li>Dem kubanischen Regime werden keine Kreditlinien gew\u00e4hrt.<\/li><li>Von ausl\u00e4ndischen Investitionen und internationalem Tourismus nach Kuba wird abgeraten.<\/li><li>Ein Boykott von Produkten, die aus Kuba exportiert werden, entweder direkt vom Regime oder \u00fcber ausl\u00e4ndische Unternehmen, die mit der Tyrannei in Verbindung stehen.<\/li><li>Ein internationales Embargo f\u00fcr Waffen und repressive Ausr\u00fcstung gegen Kuba wird verh\u00e4ngt.<\/li><li>Die Teilnahme Kubas an allen internationalen sportlichen, kulturellen und akademischen Veranstaltungen zu unterbinden.<\/li><li>Die Erteilung oder der Entzug von Visa f\u00fcr Beamte der politisch-milit\u00e4rischen Junta und ihre Familien sowie f\u00fcr Mitglieder der Kommunistischen Partei Kubas und alle Mitglieder von Organisationen und Institutionen, die die repressiven Ma\u00dfnahmen gegen das Volk unterst\u00fctzen oder sich daran beteiligen.<\/li><li>Die Kan\u00e4le f\u00fcr humanit\u00e4re Hilfe im Rahmen dieser Kampagne zur Isolierung des Regimes und in Solidarit\u00e4t mit dem kubanischen Volk m\u00fcssen erleichtert werden.<\/li><li>Die Einrichtung einer internationalen Kommission zur Unterst\u00fctzung der Demokratie in Kuba, die die Umsetzung dieser und anderer Ma\u00dfnahmen f\u00f6rdert und ihre Einhaltung<\/li><\/ol>\n","protected":false},"excerpt":{"rendered":"<p>Das sind die Massnahmen die wir, kurz nach den Protesten am 11. JULI, um die Diktatur zu isolieren,&nbsp; vorgeschlagen haben: Die Vorschl\u00e4ge der christlichen Befreiungsbewegung Die 11 konkreten Ma\u00dfnahmen, die im Rahmen der Kampagne vorgeschlagen werden, sind: Die Teilnahme des kubanischen Regimes an allen internationalen Foren, Gipfeltreffen und Veranstaltungen sollte ausgeschlossen werden. Kuba sollte im [&hellip;]<\/p>\n","protected":false},"author":1,"featured_media":2160,"comment_status":"open","ping_status":"open","sticky":false,"template":"","format":"standard","meta":{"footnotes":""},"categories":[17],"tags":[],"class_list":["post-2157","post","type-post","status-publish","format-standard","has-post-thumbnail","hentry","category-kuba"],"_links":{"self":[{"href":"https:\/\/botschafter-menschenrechte.de\/index.php?rest_route=\/wp\/v2\/posts\/2157","targetHints":{"allow":["GET"]}}],"collection":[{"href":"https:\/\/botschafter-menschenrechte.de\/index.php?rest_route=\/wp\/v2\/posts"}],"about":[{"href":"https:\/\/botschafter-menschenrechte.de\/index.php?rest_route=\/wp\/v2\/types\/post"}],"author":[{"embeddable":true,"href":"https:\/\/botschafter-menschenrechte.de\/index.php?rest_route=\/wp\/v2\/users\/1"}],"replies":[{"embeddable":true,"href":"https:\/\/botschafter-menschenrechte.de\/index.php?rest_route=%2Fwp%2Fv2%2Fcomments&post=2157"}],"version-history":[{"count":6,"href":"https:\/\/botschafter-menschenrechte.de\/index.php?rest_route=\/wp\/v2\/posts\/2157\/revisions"}],"predecessor-version":[{"id":2173,"href":"https:\/\/botschafter-menschenrechte.de\/index.php?rest_route=\/wp\/v2\/posts\/2157\/revisions\/2173"}],"wp:featuredmedia":[{"embeddable":true,"href":"https:\/\/botschafter-menschenrechte.de\/index.php?rest_route=\/wp\/v2\/media\/2160"}],"wp:attachment":[{"href":"https:\/\/botschafter-menschenrechte.de\/index.php?rest_route=%2Fwp%2Fv2%2Fmedia&parent=2157"}],"wp:term":[{"taxonomy":"category","embeddable":true,"href":"https:\/\/botschafter-menschenrechte.de\/index.php?rest_route=%2Fwp%2Fv2%2Fcategories&post=2157"},{"taxonomy":"post_tag","embeddable":true,"href":"https:\/\/botschafter-menschenrechte.de\/index.php?rest_route=%2Fwp%2Fv2%2Ftags&post=2157"}],"curies":[{"name":"wp","href":"https:\/\/api.w.org\/{rel}","templated":true}]}}