{"id":2175,"date":"2021-12-03T11:07:25","date_gmt":"2021-12-03T11:07:25","guid":{"rendered":"http:\/\/botschafter-menschenrechte.de\/?p=2175"},"modified":"2021-12-03T14:18:54","modified_gmt":"2021-12-03T14:18:54","slug":"zwei-latin-grammys-fuer-patria-y-vida-hymne-der-demokratiebewegung","status":"publish","type":"post","link":"https:\/\/botschafter-menschenrechte.de\/?p=2175","title":{"rendered":"Zwei Latin Grammys f\u00fcr Patria Y Vida \u2013 Hymne der Demokratiebewegung"},"content":{"rendered":"\n<h1 class=\"wp-block-heading\"><strong>Zwei Latin Grammys f\u00fcr Patria Y Vida \u2013 Hymne der Demokratiebewegung<\/strong><\/h1>\n\n\n\n<h3 class=\"wp-block-heading\"><strong>R\u00fcckenwind f\u00fcr die kubanischen Demokratiebewegung<\/strong><\/h3>\n\n\n\n<p>Der kubanische Protestsong Patria y Vida (Vaterland und Leben) hat bei der prestigetr\u00e4chtigen Musikpreisverleihung der Latin Grammys den Preis f\u00fcr den Song des Jahres und den besten Urbanen Song gewonnen. Bei der Verleihung ging es dieses mal nicht alleine darum das musikalische Talent der Gewinner zu w\u00fcrdigen, sondern auch darum ein politisches Zeichen zu setzen.<\/p>\n\n\n\n<div class=\"wp-block-image\"><figure class=\"aligncenter size-full\"><img loading=\"lazy\" decoding=\"async\" width=\"640\" height=\"360\" src=\"http:\/\/botschafter-menschenrechte.de\/wp-content\/uploads\/2021\/12\/thumbnail_image001.jpeg\" alt=\"\" class=\"wp-image-2197\" srcset=\"https:\/\/botschafter-menschenrechte.de\/wp-content\/uploads\/2021\/12\/thumbnail_image001.jpeg 640w, https:\/\/botschafter-menschenrechte.de\/wp-content\/uploads\/2021\/12\/thumbnail_image001-300x169.jpeg 300w\" sizes=\"auto, (max-width: 640px) 100vw, 640px\" \/><figcaption>Die K\u00fcnstler von Patria y Vida bei der Preisverleihung<br><\/figcaption><\/figure><\/div>\n\n\n\n<p>Patria y Vida wurde zu dem Song der kubanischen Oppositionsbewegung, die sich friedlich f\u00fcr einen demokratischen Wandel auf der kommunistisch regierten Karibikinsel einsetzt. Der Titel des Songs ist eine bewusste Abwandlung des Schlachtrufes Patria o Muerte (Vaterland oder Tod) von Diktator Fidel Castro. Bei den Massenprotesten gegen das Regime am 11. Juli wurde von Seiten der Demonstranten h\u00e4ufig Patria y Vida gerufen. F\u00fcr den 15. November waren erneut friedliche Demonstrationen gegen die Diktatur geplant. Diese konnten jedoch nicht stattfinden, da das Regime dies mit einem massiven Aufgebot an Sicherheitskr\u00e4ften zu verhindern wusste.<\/p>\n\n\n\n<p>Nur wenige Tage sp\u00e4ter entschied das Preiskomitee der Latin Grammys Patria y Vida auszuzeichnen. Damit sendet es ein starkes Signal f\u00fcr einen friedlichen Wandel auf Kuba. Dar\u00fcber hinaus ist es auch eine pers\u00f6nliche Schlappe f\u00fcr den kubanischen Diktator Miguel Diaz Canel. Dieser hatte k\u00fcrzlich bei einem Gipfeltreffen in Mexiko dem Pr\u00e4sidenten von Uruguay vorgeworfen einen schlechten Musikgeschmack zu haben, weil er den Text des Liedes zitiert hatte. Da das besagte Lied mit zwei Latin Grammys ausgezeichnet wurde, sieht es nun eher so aus als h\u00e4tte der kubanische Diktator keine Ahnung von Musik.<\/p>\n\n\n\n<div class=\"wp-block-image\"><figure class=\"aligncenter size-full\"><img loading=\"lazy\" decoding=\"async\" width=\"803\" height=\"452\" src=\"http:\/\/botschafter-menschenrechte.de\/wp-content\/uploads\/2021\/12\/thumbnail_image003-3.jpeg\" alt=\"\" class=\"wp-image-2196\" srcset=\"https:\/\/botschafter-menschenrechte.de\/wp-content\/uploads\/2021\/12\/thumbnail_image003-3.jpeg 803w, https:\/\/botschafter-menschenrechte.de\/wp-content\/uploads\/2021\/12\/thumbnail_image003-3-300x169.jpeg 300w, https:\/\/botschafter-menschenrechte.de\/wp-content\/uploads\/2021\/12\/thumbnail_image003-3-768x432.jpeg 768w\" sizes=\"auto, (max-width: 803px) 100vw, 803px\" \/><figcaption>Szene aus dem Musikvideo von Patria y Vida<\/figcaption><\/figure><\/div>\n\n\n\n<p>Die kubanischen B\u00fcrgerrechtler und Demokratieaktivisten auf der Insel und im Exil zeigen sich sehr erfreut \u00fcber die Auszeichnung ihrer Hymne. F\u00fcr sie ist es ein wichtiges Signal, dass die Musikbranche hinter ihnen steht und dass sie nicht alleine sind. Sie kann die Unterst\u00fctzung gut gebrauchen, denn viele Oppositionelle sitzen im Gef\u00e4ngnis, die Latin Grammys sorgen nun f\u00fcr dringend ben\u00f6tigte Aufmerksamkeit. Denn leider sitzen auch 2 der Interpreten von Patria y Vida, Luis Manuel Alcantara und Maykel Osorbo, seit Monaten in Haft.&nbsp; Dies wurde bei der Preisverleihung f\u00fcr das ganze Publikum deutlich, denn die zwei K\u00fcnstler konnten die Preise nicht pers\u00f6nlich entgegennehmen.<\/p>\n\n\n\n<p><em>Fernando Rivas<\/em><\/p>\n","protected":false},"excerpt":{"rendered":"<p>Zwei Latin Grammys f\u00fcr Patria Y Vida \u2013 Hymne der Demokratiebewegung R\u00fcckenwind f\u00fcr die kubanischen Demokratiebewegung Der kubanische Protestsong Patria y Vida (Vaterland und Leben) hat bei der prestigetr\u00e4chtigen Musikpreisverleihung der Latin Grammys den Preis f\u00fcr den Song des Jahres und den besten Urbanen Song gewonnen. Bei der Verleihung ging es dieses mal nicht alleine [&hellip;]<\/p>\n","protected":false},"author":1,"featured_media":2194,"comment_status":"open","ping_status":"open","sticky":false,"template":"","format":"standard","meta":{"footnotes":""},"categories":[17],"tags":[],"class_list":["post-2175","post","type-post","status-publish","format-standard","has-post-thumbnail","hentry","category-kuba"],"_links":{"self":[{"href":"https:\/\/botschafter-menschenrechte.de\/index.php?rest_route=\/wp\/v2\/posts\/2175","targetHints":{"allow":["GET"]}}],"collection":[{"href":"https:\/\/botschafter-menschenrechte.de\/index.php?rest_route=\/wp\/v2\/posts"}],"about":[{"href":"https:\/\/botschafter-menschenrechte.de\/index.php?rest_route=\/wp\/v2\/types\/post"}],"author":[{"embeddable":true,"href":"https:\/\/botschafter-menschenrechte.de\/index.php?rest_route=\/wp\/v2\/users\/1"}],"replies":[{"embeddable":true,"href":"https:\/\/botschafter-menschenrechte.de\/index.php?rest_route=%2Fwp%2Fv2%2Fcomments&post=2175"}],"version-history":[{"count":3,"href":"https:\/\/botschafter-menschenrechte.de\/index.php?rest_route=\/wp\/v2\/posts\/2175\/revisions"}],"predecessor-version":[{"id":2199,"href":"https:\/\/botschafter-menschenrechte.de\/index.php?rest_route=\/wp\/v2\/posts\/2175\/revisions\/2199"}],"wp:featuredmedia":[{"embeddable":true,"href":"https:\/\/botschafter-menschenrechte.de\/index.php?rest_route=\/wp\/v2\/media\/2194"}],"wp:attachment":[{"href":"https:\/\/botschafter-menschenrechte.de\/index.php?rest_route=%2Fwp%2Fv2%2Fmedia&parent=2175"}],"wp:term":[{"taxonomy":"category","embeddable":true,"href":"https:\/\/botschafter-menschenrechte.de\/index.php?rest_route=%2Fwp%2Fv2%2Fcategories&post=2175"},{"taxonomy":"post_tag","embeddable":true,"href":"https:\/\/botschafter-menschenrechte.de\/index.php?rest_route=%2Fwp%2Fv2%2Ftags&post=2175"}],"curies":[{"name":"wp","href":"https:\/\/api.w.org\/{rel}","templated":true}]}}