{"id":2210,"date":"2022-01-12T07:42:46","date_gmt":"2022-01-12T07:42:46","guid":{"rendered":"http:\/\/botschafter-menschenrechte.de\/?p=2210"},"modified":"2022-01-12T07:42:46","modified_gmt":"2022-01-12T07:42:46","slug":"vom-gefaengnis-in-die-verbannung-hector-valdez-und-esteban-rodriguez","status":"publish","type":"post","link":"https:\/\/botschafter-menschenrechte.de\/?p=2210","title":{"rendered":"Vom Gef\u00e4ngnis in die Verbannung: Hector Valdez und Esteban Rodr\u00edguez"},"content":{"rendered":"\n<h1 class=\"wp-block-heading\"><strong>Vom Gef\u00e4ngnis in die Verbannung: Hector Valdez und Esteban Rodr\u00edguez<\/strong><\/h1>\n\n\n\n<h3 class=\"wp-block-heading\"><strong>Unabh\u00e4ngige kubanische Journalisten im Zwangsexil<\/strong><\/h3>\n\n\n\n<p>Esteban L\u00e1zaro Rodr\u00edguez L\u00f3pez und H\u00e9ctor Luis Vald\u00e9z Cocho sind beide Mitglieder der B\u00fcrgerrechtsbewegung San Isidro (MSI). Sie sind unabh\u00e4ngige Journalisten, die haupts\u00e4chlich f\u00fcr den Medienkanal ADN Cuba gearbeitet haben.<\/p>\n\n\n\n<p>H\u00e9ctor Vald\u00e9z wurde am 20. Januar 1991 in Havanna geboren. Er studierte Journalismus an der Universit\u00e4t von Havanna. W\u00e4hrend seines Studiums ver\u00f6ffentlichte er anonym in dem Blog Alza tu Voz, Cuba (Erhebe deine Stimme, Kuba), wurde aber von den Beh\u00f6rden entdeckt, in Gewahrsam genommen und im ber\u00fcchtigten Geheimdienst-Gef\u00e4ngnis Villa Marista verh\u00f6rt. Kurz darauf wurde er freigelassen, erlebte aber weiterhin Ablehnung und Zur\u00fcckweisung, die seine Pers\u00f6nlichkeit als freier Journalist pr\u00e4gten. H\u00e9ctor ist schwul und lebte mit seinem Partner Ra\u00fal in Havanna.<\/p>\n\n\n\n<p>Esteban Rodr\u00edguez wurde am 15. M\u00e4rz 1986 in Havanna geboren. Er schloss ein Studium der Sportwissenschaften ab und arbeitete als Sportlehrer an einer Schule, bis ihn wirtschaftliche Schwierigkeiten dazu zwangen, seine Arbeit aufzugeben und sich ganz seiner Arbeit als freier Reporter f\u00fcr das digitale Magazin ADN Cuba zu widmen. Estebans Berichte konzentrieren sich auf Gewalt gegen Frauen, Rassismus und Menschenrechtsverletzungen durch das kubanische Regime. All dies hat ihm intensive Verfolgung eingebracht. Esteban ist mit Zuleidis Cepero G\u00f3mez verheiratet und hat zwei T\u00f6chter. Esteban trat MSI bei, nachdem ihn sein Jugendfreund Luis Manuel Otero Alc\u00e1ntara eingeladen hatte.<\/p>\n\n\n\n<p>H\u00e9ctor und Esteban sprechen und berichten offen gegen das kubanische Regime und seine Willk\u00fcr, insbesondere \u00fcber die Aktionen und kollektiven Proteste, die die MSI organisiert und durchf\u00fchrt. Zum Beispiel nahmen beide am 27. November 2020 an den Protesten und dem Hungerstreik teil, den 30 Mitglieder der MSI vor Regierungsstellen durchf\u00fchrten, um die Freiheit ihres Mitglieds, des K\u00fcnstlers und politischen Gefangenen Denis Solis, und die Schlie\u00dfung der Gesch\u00e4fte mit frei konvertierbarer W\u00e4hrung (MLC) zu fordern, die kubanischen Arbeitern und Familien schaden. Kurz nach dem Protest begann die kubanische Polizei mit einer intensiven Verfolgung und Schikanierung der Teilnehmer der Demonstration, darunter auch H\u00e9ctor und Esteban.<\/p>\n\n\n\n<p>In einem Interview mit H\u00e9ctor vom 15. Dezember 2020 erkl\u00e4rt er, was es bedeutet, ein unabh\u00e4ngiger Journalist in Kuba zu sein, im Gegensatz zu einem offiziellen Journalisten. H\u00e9ctor merkt an, dass es in Kuba keine Meinungsfreiheit gibt, weder f\u00fcr unabh\u00e4ngige noch f\u00fcr offizielle Journalisten: Erstere werden verfolgt, weil sie \u00fcber die Tatsachen und die Verfehlungen des Regimes berichten, w\u00e4hrend letztere gezwungen sind, die Nachrichten so zu schreiben, wie es dem Regime gef\u00e4llt, wie zum Beispiel die bei Granma besch\u00e4ftigten Journalisten.<\/p>\n\n\n\n<p>Esteban wird seit Jahren aufgrund seiner Berichte und seiner Arbeit \u00fcberwacht und verfolgt. In einem Interview mit Esteban vom 16. Januar 2021 sagte er sogar, dass seine Frau einmal von der kubanischen Polizei festgenommen wurde und sie unter Drohungen aufforderte, Esteban zu verlassen und ihn aus dem Haus zu werfen, da sie andernfalls ebenfalls unter den Folgen der Arbeit ihres Mannes leiden w\u00fcrde.<\/p>\n\n\n\n<p>Das kubanische Regime bot H\u00e9ctor einen Deal an: Er verl\u00e4sst das Land oder die Verfolgung gegen ihn wird fortgesetzt. H\u00e9ctor nahm das Angebot an, verhandelte aber mit dem Regime: Er w\u00fcrde nur gehen, wenn sein Freund Esteban Rodr\u00edguez L\u00f3pez ebenfalls aus dem Gef\u00e4ngnis entlassen werden und ausreisen d\u00fcrfe. Esteban sa\u00df zu diesem Zeitpunkt im Gef\u00e4ngnis Combinado del Este und war am 30. April 2021 verhaftet worden.<\/p>\n\n\n\n<p>Die kubanische Staatssicherheit akzeptierte dies, und Esteban wurde gewaltsam aus dem Gef\u00e4ngnis gebracht, erhielt eine kleine schwarze Tasche mit einem einfachen wei\u00dfen Hemd und wurde gezwungen, ein Dokument zu unterschreiben, in dem stand, dass er unter Hausarrest gestellt wurde.<\/p>\n\n\n\n<figure class=\"wp-block-image size-large\"><img loading=\"lazy\" decoding=\"async\" width=\"1024\" height=\"576\" src=\"http:\/\/botschafter-menschenrechte.de\/wp-content\/uploads\/2022\/01\/thumbnail_image001-1024x576.jpeg\" alt=\"\" class=\"wp-image-2211\" srcset=\"https:\/\/botschafter-menschenrechte.de\/wp-content\/uploads\/2022\/01\/thumbnail_image001-1024x576.jpeg 1024w, https:\/\/botschafter-menschenrechte.de\/wp-content\/uploads\/2022\/01\/thumbnail_image001-300x169.jpeg 300w, https:\/\/botschafter-menschenrechte.de\/wp-content\/uploads\/2022\/01\/thumbnail_image001-768x432.jpeg 768w, https:\/\/botschafter-menschenrechte.de\/wp-content\/uploads\/2022\/01\/thumbnail_image001.jpeg 1280w\" sizes=\"auto, (max-width: 1024px) 100vw, 1024px\" \/><figcaption>Die zwangsexilierten kubanischen Journalisten Esteban Rodr\u00edguez und Hector Valdez nach ihrer Ankunft in El Salvador<\/figcaption><\/figure>\n\n\n\n<p>Esteban kam jedoch nie zu Hause an und wurde zusammen mit H\u00e9ctor in ein Flugzeug mit Ziel Nicaragua gesetzt. Ihr Flug hatte zwei Zwischenlandungen: eine in Panama und eine in El Salvador. Als sie in El Salvador ankamen, erhielten sie die Nachricht, dass Nicaragua (ein Land, dessen Pr\u00e4sident ein Freund des kubanischen Regimes, Daniel Ortega, ist) ihnen die Einreise verweigert hatte und sie in der Schwebe lie\u00df.<\/p>\n\n\n\n<p>In einem Video, das Esteban am 5. Januar auf dem Flughafen von El Salvador aufgenommen hat, erkl\u00e4rt er, dass er ausgereist ist, weil er keine andere Wahl hatte, denn wenn er in Kuba geblieben w\u00e4re, w\u00e4re er f\u00fcr immer im Gef\u00e4ngnis verblieben. Er erw\u00e4hnt auch, dass er keine Gelegenheit hatte, sich von seinen T\u00f6chtern oder seiner Frau zu verabschieden, und bittet unter Tr\u00e4nen um Hilfe, wobei er die Spuren der Handschellen zeigt, mit denen er gefesselt wurde.<\/p>\n","protected":false},"excerpt":{"rendered":"<p>Vom Gef\u00e4ngnis in die Verbannung: Hector Valdez und Esteban Rodr\u00edguez Unabh\u00e4ngige kubanische Journalisten im Zwangsexil Esteban L\u00e1zaro Rodr\u00edguez L\u00f3pez und H\u00e9ctor Luis Vald\u00e9z Cocho sind beide Mitglieder der B\u00fcrgerrechtsbewegung San Isidro (MSI). Sie sind unabh\u00e4ngige Journalisten, die haupts\u00e4chlich f\u00fcr den Medienkanal ADN Cuba gearbeitet haben. H\u00e9ctor Vald\u00e9z wurde am 20. Januar 1991 in Havanna geboren. [&hellip;]<\/p>\n","protected":false},"author":1,"featured_media":2211,"comment_status":"open","ping_status":"open","sticky":false,"template":"","format":"standard","meta":{"footnotes":""},"categories":[17],"tags":[59,45,140,137,116,40,144,64,139,69,70,32,42,57,142,39,143,100,141,138],"class_list":["post-2210","post","type-post","status-publish","format-standard","has-post-thumbnail","hentry","category-kuba","tag-cuba","tag-diktatur","tag-esteban-rodriguez","tag-exil","tag-freiheit","tag-gefaengnis","tag-hausarrest","tag-havanna","tag-hector-valdez","tag-journalism","tag-journalismus","tag-kuba","tag-libertad","tag-menschenrechte","tag-msi","tag-prison","tag-protest","tag-regime","tag-san-isidro","tag-verbannung"],"_links":{"self":[{"href":"https:\/\/botschafter-menschenrechte.de\/index.php?rest_route=\/wp\/v2\/posts\/2210","targetHints":{"allow":["GET"]}}],"collection":[{"href":"https:\/\/botschafter-menschenrechte.de\/index.php?rest_route=\/wp\/v2\/posts"}],"about":[{"href":"https:\/\/botschafter-menschenrechte.de\/index.php?rest_route=\/wp\/v2\/types\/post"}],"author":[{"embeddable":true,"href":"https:\/\/botschafter-menschenrechte.de\/index.php?rest_route=\/wp\/v2\/users\/1"}],"replies":[{"embeddable":true,"href":"https:\/\/botschafter-menschenrechte.de\/index.php?rest_route=%2Fwp%2Fv2%2Fcomments&post=2210"}],"version-history":[{"count":1,"href":"https:\/\/botschafter-menschenrechte.de\/index.php?rest_route=\/wp\/v2\/posts\/2210\/revisions"}],"predecessor-version":[{"id":2212,"href":"https:\/\/botschafter-menschenrechte.de\/index.php?rest_route=\/wp\/v2\/posts\/2210\/revisions\/2212"}],"wp:featuredmedia":[{"embeddable":true,"href":"https:\/\/botschafter-menschenrechte.de\/index.php?rest_route=\/wp\/v2\/media\/2211"}],"wp:attachment":[{"href":"https:\/\/botschafter-menschenrechte.de\/index.php?rest_route=%2Fwp%2Fv2%2Fmedia&parent=2210"}],"wp:term":[{"taxonomy":"category","embeddable":true,"href":"https:\/\/botschafter-menschenrechte.de\/index.php?rest_route=%2Fwp%2Fv2%2Fcategories&post=2210"},{"taxonomy":"post_tag","embeddable":true,"href":"https:\/\/botschafter-menschenrechte.de\/index.php?rest_route=%2Fwp%2Fv2%2Ftags&post=2210"}],"curies":[{"name":"wp","href":"https:\/\/api.w.org\/{rel}","templated":true}]}}