{"id":2239,"date":"2022-01-16T08:33:44","date_gmt":"2022-01-16T08:33:44","guid":{"rendered":"http:\/\/botschafter-menschenrechte.de\/?p=2239"},"modified":"2022-01-16T08:33:44","modified_gmt":"2022-01-16T08:33:44","slug":"religionsfreiheit-traegt-zum-frieden-bei","status":"publish","type":"post","link":"https:\/\/botschafter-menschenrechte.de\/?p=2239","title":{"rendered":"Religionsfreiheit tr\u00e4gt zum Frieden bei"},"content":{"rendered":"\n<p>Am 16. Januar ist Weltreligionstag. Dieser Tag erinnert daran, dass jeder ein Recht auf freie Religionsaus\u00fcbung hat und betont die Gemeinsamkeiten der Religionen. Dazu erkl\u00e4rt der Fachsprecher der CDU\/CSU-Bundestagsfraktion f\u00fcr Kirchen und Religionsgemeinschaften, Thomas Rachel:<\/p>\n\n\n\n<p>\u201eDie Religionsfreiheit ist eine der wesentlichen Errungenschaften freiheitlicher Demokratien. Das Recht, seine Religion oder \u00dcberzeugung zu leben ist nicht nur ein grundlegendes Menschenrecht, sondern tr\u00e4gt auch zum Frieden innerhalb einer Gesellschaft und zwischen Staaten bei. Der Einsatz f\u00fcr Religionsfreiheit und f\u00fcr den Schutz verfolgter christlicher Minderheiten und Angeh\u00f6riger anderer Religionsgemeinschaften in der Welt ist daher ein Kernanliegen der CDU\/CSU Bundestagsfraktion. Die Durchsetzung des Menschrechts auf Religionsfreiheit darf nicht nur in Papier oder auf Vertr\u00e4gen stehen, sondern sie muss in der politischen Wirklichkeit stattfinden. Der weltweite Einsatz f\u00fcr die Religionsfreiheit muss daher ein zentrales Ziel deutscher Au\u00dfenpolitik sein.\u201c<\/p>\n","protected":false},"excerpt":{"rendered":"<p>Am 16. Januar ist Weltreligionstag. Dieser Tag erinnert daran, dass jeder ein Recht auf freie Religionsaus\u00fcbung hat und betont die Gemeinsamkeiten der Religionen. Dazu erkl\u00e4rt der Fachsprecher der CDU\/CSU-Bundestagsfraktion f\u00fcr Kirchen und Religionsgemeinschaften, Thomas Rachel: \u201eDie Religionsfreiheit ist eine der wesentlichen Errungenschaften freiheitlicher Demokratien. Das Recht, seine Religion oder \u00dcberzeugung zu leben ist nicht nur [&hellip;]<\/p>\n","protected":false},"author":1,"featured_media":2217,"comment_status":"open","ping_status":"open","sticky":false,"template":"","format":"standard","meta":{"footnotes":""},"categories":[19],"tags":[],"class_list":["post-2239","post","type-post","status-publish","format-standard","has-post-thumbnail","hentry","category-religionsfreiheit"],"_links":{"self":[{"href":"https:\/\/botschafter-menschenrechte.de\/index.php?rest_route=\/wp\/v2\/posts\/2239","targetHints":{"allow":["GET"]}}],"collection":[{"href":"https:\/\/botschafter-menschenrechte.de\/index.php?rest_route=\/wp\/v2\/posts"}],"about":[{"href":"https:\/\/botschafter-menschenrechte.de\/index.php?rest_route=\/wp\/v2\/types\/post"}],"author":[{"embeddable":true,"href":"https:\/\/botschafter-menschenrechte.de\/index.php?rest_route=\/wp\/v2\/users\/1"}],"replies":[{"embeddable":true,"href":"https:\/\/botschafter-menschenrechte.de\/index.php?rest_route=%2Fwp%2Fv2%2Fcomments&post=2239"}],"version-history":[{"count":1,"href":"https:\/\/botschafter-menschenrechte.de\/index.php?rest_route=\/wp\/v2\/posts\/2239\/revisions"}],"predecessor-version":[{"id":2240,"href":"https:\/\/botschafter-menschenrechte.de\/index.php?rest_route=\/wp\/v2\/posts\/2239\/revisions\/2240"}],"wp:featuredmedia":[{"embeddable":true,"href":"https:\/\/botschafter-menschenrechte.de\/index.php?rest_route=\/wp\/v2\/media\/2217"}],"wp:attachment":[{"href":"https:\/\/botschafter-menschenrechte.de\/index.php?rest_route=%2Fwp%2Fv2%2Fmedia&parent=2239"}],"wp:term":[{"taxonomy":"category","embeddable":true,"href":"https:\/\/botschafter-menschenrechte.de\/index.php?rest_route=%2Fwp%2Fv2%2Fcategories&post=2239"},{"taxonomy":"post_tag","embeddable":true,"href":"https:\/\/botschafter-menschenrechte.de\/index.php?rest_route=%2Fwp%2Fv2%2Ftags&post=2239"}],"curies":[{"name":"wp","href":"https:\/\/api.w.org\/{rel}","templated":true}]}}