{"id":2245,"date":"2022-01-28T08:38:24","date_gmt":"2022-01-28T08:38:24","guid":{"rendered":"http:\/\/botschafter-menschenrechte.de\/?p=2245"},"modified":"2022-01-28T10:21:30","modified_gmt":"2022-01-28T10:21:30","slug":"kulturelle-vielfalt-vergeblich-gesucht-warum-es-so-wenige-politiker-mit-migrationshintergrund-gibt","status":"publish","type":"post","link":"https:\/\/botschafter-menschenrechte.de\/?p=2245","title":{"rendered":"Kulturelle Vielfalt vergeblich gesucht- Warum es so wenige Politiker mit Migrationshintergrund gibt"},"content":{"rendered":"\n<h1 class=\"wp-block-heading\" id=\"kulturelle-vielfalt-vergeblich-gesucht-warum-es-so-wenige-politiker-mit-migrationshintergrund-gibt\">Kulturelle Vielfalt vergeblich gesucht- Warum es so wenige Politiker mit Migrationshintergrund gibt<\/h1>\n\n\n\n<h4 class=\"wp-block-heading\" id=\"von-mustafa-al-ammar\">Von Mustafa Al-Ammar<\/h4>\n\n\n\n<p>In Deutschland haben viele Auswanderer ein neues Zuhause gefunden, im Parlament hat jedoch nur jeder 10. Abgeordnete einen Migrationshintergrund. Wie kann das sein und werden die Interessen dieser 26 Prozent unserer Bev\u00f6lkerung somit \u00fcberhaupt richtig vertreten?&nbsp; Der Integrationsexperte Mustafa Al-Ammar hat sich eingehend mit dieser Frage besch\u00e4ftigt und die Gr\u00fcnde analysiert, warum so wenige Menschen mit ausl\u00e4ndischen Wurzeln den Weg in die Politik w\u00e4hlen. In einem exklusiven Gastbeitrag hat er uns erkl\u00e4rt, warum sich daran dringend etwas \u00e4ndern muss und dank welcher Ma\u00dfnahmen eine repr\u00e4sentative Vertretung von Migranten im Parlament m\u00f6glich sein kann.&nbsp;<\/p>\n\n\n\n<p>1. Bildung als Schl\u00fcssel in die Welt der Politik<\/p>\n\n\n\n<p>Schaut man sich aktuelle Studien genauer an, so zeigt sich leider immer noch ein eklatanter Unterschied wenn es darum geht, welche Kinder eine h\u00f6here Ausbildung genie\u00dfen und welche nicht. Der soziale und gesellschaftliche Background spielt hierbei n\u00e4mlich eine ganz entscheidende Rolle. Selbst, wenn die jeweiligen Familien bereits in dritter oder vierter Generation in Deutschland ans\u00e4ssig sind, treten die Nachkommen sehr h\u00e4ufig in die beruflichen Fu\u00dfstapfen ihrer Eltern beziehungsweise Gro\u00dfeltern. Das bedeutet im Klartext: Haben die Eltern nicht studiert, ist die Wahrscheinlichkeit, dass die Kinder eine Universit\u00e4t besuchen werden, \u00e4u\u00dferst gering. Leider gilt eine h\u00f6here Ausbildung jedoch noch immer als einer der wichtigsten Faktoren, um eine politische Karriere starten zu k\u00f6nnen und es tats\u00e4chlich ins Parlament zu schaffen. Wenn wir daf\u00fcr sorgen m\u00f6chten, dass Menschen mit Migrationshintergrund echte Chancen auf eine politische Karriere haben, ist es daher unumg\u00e4nglich ihre Bildungsm\u00f6glichkeiten zu verbessern und das unabh\u00e4ngig davon, welche Schule ihre Eltern besucht haben beziehungsweise ob diese auf der Universit\u00e4t waren oder nicht.&nbsp;&nbsp;&nbsp;<\/p>\n\n\n\n<p>2. Vorurteile sind leider immer noch pr\u00e4sent<\/p>\n\n\n\n<p>Alltagsrassismus ist allgegenw\u00e4rtig und selbst der toleranteste Mensch muss zugeben, vor dem einen oder anderen Vorurteil nicht gefeit zu sein. Das l\u00e4sst sich zum Beispiel vor allem daran erkennen, dass wir einer Person, die nicht perfekt Deutsch spricht, nicht dasselbe thematische Fachwissen zutrauen,&nbsp; wie einer Person, die in einwandfreiem Deutsch den gleichen Sachverhalt erkl\u00e4rt. Hat ein Politiker auch nur den Hauch eines Akzents, wird er daher gleich um einiges genauer unter die Lupe genommen und seine Thesen werden zudem h\u00e4ufiger in Frage gestellt. Soll sich daran etwas \u00e4ndern, wird es unausweichlich sein noch offener \u00fcber das Thema Rassismus und Vorurteile zu sprechen beziehungsweise Aufkl\u00e4rungsarbeit in diesem Bereich zu leisten. Nur, wenn das gelingt, haben Politiker mit Migrationshintergrund wirklich die gleichen oder zumindest ann\u00e4hernd gleichen M\u00f6glichkeiten ins Parlament einzuziehen und somit eine weit unterrepr\u00e4sentierte W\u00e4hlerschicht zu vertreten.&nbsp;<\/p>\n\n\n\n<p>3. Menschen mit gleicher Geschichte als T\u00fcr\u00f6ffner in die Politik<\/p>\n\n\n\n<p>Stellen Sie sich folgendes vor: Sie kommen in einem Raum, in dem sich lauter gr\u00fcne M\u00e4nnchen befinden. Selbstverst\u00e4ndlich werden Sie versuchen, so schnell wie m\u00f6glich einen anderen Menschen zu finden, um einen Verb\u00fcndeten zu haben und einen ersten Kontakt herzustellen. Wir Menschen sind soziale Wesen und ben\u00f6tigen oft eine andere Person, um uns einer neuen Gruppe anzuschlie\u00dfen beziehungsweise uns an diese heranzutrauen. Das gilt selbstverst\u00e4ndlich auch in der Politik. Wer hingegen glaubt, dass sich Menschen mit Migrationshintergrund&nbsp; einfach nicht gerne in die Gesellschaft einf\u00fcgen und am sozialen Leben in Deutschland teilhaben wollen, wird von zahlreichen Statistiken schnell eines Besseren belehrt, denn vor allem in Sport- und anderen Vereinen sind diese sehr stark vertreten. Nur die Politik scheint f\u00fcr viele noch immer ein rotes Tuch zu sein, was vor allem auch daran liegen k\u00f6nnte, dass es zu wenige Vorbilder gibt, die diesen Weg bereits gegangen sind.&nbsp;<\/p>\n\n\n\n<p>K\u00f6nnte eine Quotenregelung die L\u00f6sung sein?<\/p>\n\n\n\n<p>Aufgrund der starken Unterrepr\u00e4sentierung von Migranten in unserem Parlament werden selbstverst\u00e4ndlich immer wieder Rufe nach einer sogenannten Quotenregelung laut. Diese w\u00fcrde daf\u00fcr sorgen, dass eine gewisse Anzahl der Parlamentsitzen automatisch an Menschen mit ausl\u00e4ndischen Wurzeln vergeben werden und das unabh\u00e4ngig davon, an welche Stelle sie gew\u00e4hlt wurden. Tats\u00e4chlich sind es jedoch oft die betroffenen Personen selbst, die sich gegen diese L\u00f6sung aussprechen, da sie schlie\u00dflich aufgrund ihrer Leistung, ihrer Argumente und ihrer Pers\u00f6nlichkeit gew\u00e4hlt werden wollen und nicht einfach nur so einen Platz im Parlament haben m\u00f6chten.&nbsp;<\/p>\n\n\n\n<p>Mehr ausl\u00e4ndisch st\u00e4mmige Menschen in unserem Parlament &#8211; Mustafa Al-Ammar wei\u00df, wie es gelingen kann<\/p>\n\n\n\n<p>Mehr Bildungsgerechtigkeit f\u00fcr alle, rassistische Vorurteile endlich aus dem Weg r\u00e4umen und Menschen mit Migrationshintergrund aktiv dabei unterst\u00fctzen, ihren Weg in die Politik zu finden- nur wenn diese Punkte ber\u00fccksichtigt werden, ist eine Demokratie m\u00f6glich, die wirklich die Interessen aller gesellschaftlichen Schichten und sozialen Gruppierungen widerspiegelt. Ein solches Vorgehen w\u00e4re zudem eine viel effektivere und langfristigere L\u00f6sung, als eine durch Quotenregelung erzwungenene. Einem gerechteren und vor allem auch friedlicheren Miteinander, bei dem jede Stimme geh\u00f6rt und vertreten wird, steht somit nichts mehr im Wege.\u00a0<\/p>\n\n\n\n<p><em><strong>Mustafa Al Ammar<br><\/strong>Mustafa Al Ammar ist geb\u00fcrtiger Iraker und seit 2009 deutscher Staatsb\u00fcrger. Seine Geschichte wurde im Mai 2018 von \u201carte\u201c verfilmt. Mustafa war ein ber\u00fchmter S\u00e4nger in seiner Heimat Irak und sp\u00e4ter auch in Jordanien. Weil er sich jedoch immer wieder kritisch gegen\u00fcber dem Regime ge\u00e4u\u00dfert hat, ist er nat\u00fcrlich auch den Geheimdiensten aufgefallen, sodass er gezwungen war, w\u00e4hrend der Pause eines Konzertes, das er in Algerien gab, auf dramatische Art und Weise und unter Bedrohung seines Lebens nach Deutschland zu fliehen. Nach anf\u00e4nglicher Arbeit in Fl\u00fcchtlingslagern hier in Deutschland und \u201ekritischer\u201c Mitarbeit beim \u201eBAMF\u201c (Bundesamt f\u00fcr Migration und Fl\u00fcchtlinge), in der er eindringlich auf die Missst\u00e4nde aufmerksam machte, wurde er nach und nach ein aktiver Politiker und ist heute Integrationsbeauftragter des Landes Baden-W\u00fcrttemberg und Vorsitzender des Vereins \u201eHumanit\u00e4r ohne Grenzen\u201c.<\/em><\/p>\n","protected":false},"excerpt":{"rendered":"<p>Kulturelle Vielfalt vergeblich gesucht- Warum es so wenige Politiker mit Migrationshintergrund gibt Von Mustafa Al-Ammar In Deutschland haben viele Auswanderer ein neues Zuhause gefunden, im Parlament hat jedoch nur jeder 10. Abgeordnete einen Migrationshintergrund. Wie kann das sein und werden die Interessen dieser 26 Prozent unserer Bev\u00f6lkerung somit \u00fcberhaupt richtig vertreten?&nbsp; Der Integrationsexperte Mustafa Al-Ammar [&hellip;]<\/p>\n","protected":false},"author":1,"featured_media":2251,"comment_status":"open","ping_status":"open","sticky":false,"template":"","format":"standard","meta":{"footnotes":""},"categories":[38],"tags":[],"class_list":["post-2245","post","type-post","status-publish","format-standard","has-post-thumbnail","hentry","category-meinung"],"_links":{"self":[{"href":"https:\/\/botschafter-menschenrechte.de\/index.php?rest_route=\/wp\/v2\/posts\/2245","targetHints":{"allow":["GET"]}}],"collection":[{"href":"https:\/\/botschafter-menschenrechte.de\/index.php?rest_route=\/wp\/v2\/posts"}],"about":[{"href":"https:\/\/botschafter-menschenrechte.de\/index.php?rest_route=\/wp\/v2\/types\/post"}],"author":[{"embeddable":true,"href":"https:\/\/botschafter-menschenrechte.de\/index.php?rest_route=\/wp\/v2\/users\/1"}],"replies":[{"embeddable":true,"href":"https:\/\/botschafter-menschenrechte.de\/index.php?rest_route=%2Fwp%2Fv2%2Fcomments&post=2245"}],"version-history":[{"count":5,"href":"https:\/\/botschafter-menschenrechte.de\/index.php?rest_route=\/wp\/v2\/posts\/2245\/revisions"}],"predecessor-version":[{"id":2258,"href":"https:\/\/botschafter-menschenrechte.de\/index.php?rest_route=\/wp\/v2\/posts\/2245\/revisions\/2258"}],"wp:featuredmedia":[{"embeddable":true,"href":"https:\/\/botschafter-menschenrechte.de\/index.php?rest_route=\/wp\/v2\/media\/2251"}],"wp:attachment":[{"href":"https:\/\/botschafter-menschenrechte.de\/index.php?rest_route=%2Fwp%2Fv2%2Fmedia&parent=2245"}],"wp:term":[{"taxonomy":"category","embeddable":true,"href":"https:\/\/botschafter-menschenrechte.de\/index.php?rest_route=%2Fwp%2Fv2%2Fcategories&post=2245"},{"taxonomy":"post_tag","embeddable":true,"href":"https:\/\/botschafter-menschenrechte.de\/index.php?rest_route=%2Fwp%2Fv2%2Ftags&post=2245"}],"curies":[{"name":"wp","href":"https:\/\/api.w.org\/{rel}","templated":true}]}}