{"id":2283,"date":"2022-03-07T13:58:08","date_gmt":"2022-03-07T13:58:08","guid":{"rendered":"http:\/\/botschafter-menschenrechte.de\/?p=2283"},"modified":"2022-03-07T13:58:08","modified_gmt":"2022-03-07T13:58:08","slug":"die-rueckkehr-ins-heimatland-ist-eine-rueckkehr-zum-herzen","status":"publish","type":"post","link":"https:\/\/botschafter-menschenrechte.de\/?p=2283","title":{"rendered":"Die R\u00fcckkehr ins Heimatland ist eine R\u00fcckkehr zum Herzen"},"content":{"rendered":"\n<h5 class=\"wp-block-heading\"><strong>Kuba: Ausb\u00fcrgerung von regimekritischen K\u00fcnstlern und Intellektuellen<\/strong><strong><\/strong><\/h5>\n\n\n\n<p>Das kubanische Regime greift immer wieder zum Mittel der Ausb\u00fcrgerung um sich unbequemer B\u00fcrgerrechtler und Aktivisten zu entledigen. In der letzten Zeit ereilte dieses Schicksal unter anderem den K\u00fcnstler Hamlet Lavastida und den Dramaturgen Yunior Garcia. Beide leben nun im Exil in Europa. J\u00fcngstes Opfer ist die Aktivistin Anamely Ramos. Als sie Mitte Februar von ihrer Gastprofessur in Mexiko nach Kuba zur\u00fcckkehren wollte, wurde ihr am Flughafen von Miami das Einsteigen in die Maschine nach Havanna verweigert.<\/p>\n\n\n\n<p>Obwohl Anamely kubanische Staatsb\u00fcrgerin ist, hat das Regime ein Einreiseverbot verh\u00e4ngt und der Fluggesellschaft ein Bef\u00f6rderungsverbot erteilt. Dies ist ein klarer Versto\u00df gegen Artikel 13 der Allgemeinen Erkl\u00e4rung der Menschenrechte, wonach jeder Mensch das Recht hat in sein Heimatland zur\u00fcckzukehren. Aus diesem Anlass hat der oppositionelle kubanische Schriftsteller Jorge Angel Perez einen Essay geschrieben.\u00a0\u00a0\u00a0\u00a0\u00a0\u00a0\u00a0<em>Fernando Rivas<\/em><\/p>\n\n\n\n<p><\/p>\n\n\n\n<div style=\"height:100px\" aria-hidden=\"true\" class=\"wp-block-spacer\"><\/div>\n\n\n\n<h2 class=\"wp-block-heading\"><strong>Die R\u00fcckkehr ins Heimatland ist eine R\u00fcckkehr zum Herzen<\/strong><\/h2>\n\n\n\n<p><strong>Von Jorge Angel Perez, Havanna<\/strong><\/p>\n\n\n\n<p>Eine Veneninsuffizienz kann ein schreckliches, sogar t\u00f6dliches \u00dcbel sein. Das Blut muss immer wieder zum Herzen zur\u00fcckkehren, sogar st\u00e4rker als das Wasser zur Erde, um dann wieder hinausgepumpt zu werden. Dann tritt es erneut seine Reise zu jedem Winkel dieses K\u00f6rpers an. Manchmal passiert es aber, dass die Venen ihre Elastizit\u00e4t verlieren, und dann kommt das Chaos. Denn das Blut unterliegt auch dem Gesetz der Schwerkraft, es staut und sammelt sich in den Beinen, die dann stark anschwellen. Es bilden sich starke \u00d6deme, was schrecklich und ungesund ist.<\/p>\n\n\n\n<p>Auf seine Reise durch den K\u00f6rper verliert das Blut Sauerstoff. Das sauerstoffarme Blut flie\u00dft wieder zum Herzen zur\u00fcck, welches es in die Lunge pumpt, um sich dort wieder mit Sauerstoff anzureichern.&nbsp; Diesen Kreislauf nennt man &#8222;ven\u00f6ser R\u00fcckfluss&#8220;.&nbsp; So gesehen w\u00e4re das Herz wie das zu Hause, das einen aufnimmt und tr\u00f6stet. Die Heimat die einen pflegt und ermutigt. Zweifellos ist diese R\u00fcckkehr des Blutes in das Herz wie die R\u00fcckkehr eines Menschen in seine Heimat. &#8222;Die R\u00fcckkehr in die Heimat&#8220; so hei\u00dft auch der ber\u00fchmte Roman des Schriftstellers Aime Cesaire aus Martinique.<\/p>\n\n\n\n<p>Das zu Hause ist f\u00fcr mich der Hut, den Gro\u00dfvater zu tragen pflegte und der sich immer noch am selben Ort wie immer befindet, obwohl er schon l\u00e4ngst weg ist. Zu Hause ist der Regenschirm der Gro\u00dfmutter, die Schn\u00fcrsenkel und das Garn, die bis heute auf dem Nachttisch liegen, neben der kleinen Kette, an der das Bild der Jungfrau Maria h\u00e4ngt. Zu Hause ist Heimat. Und die Heimat ist auch immer das Land in dem man geboren wurde und mit dem man sich verbunden f\u00fchlt. Die Heimat und das Land sind ein und dasselbe. Das Heimatland und das zu Hause sind die, die den R\u00fcckkehrer umarmen. Dabei machen Sie keinen Unterschied, ob jemand f\u00fcr eine lange oder eine kurze Zeit weg war, sie nehmen jeden R\u00fcckkehrer auf.<\/p>\n\n\n\n<p>Die Heimat, das Land, muss immer bereit sein, denjenigen zu umarmen, der zur\u00fcckkehrt, denjenigen, der m\u00fcde ankommt, denjenigen, der staunend betrachtet, was von Land und vom zu Hause \u00fcbriggeblieben ist. Und unser zu Hause sollte leuchten, wenn der Sohn zur\u00fcckkehrt, und ein leichter Hauch, ein kleiner Wind von zu Hause, sollte die Tr\u00e4nen des Neuank\u00f6mmlings abwischen, um die Spuren so langer Abwesenheit zu verwischen. Die Heimat darf sich nicht erkundigen, darf den R\u00fcckkehrer nicht verurteilen. Die Heimat muss ihn umarmen und wenn sie noch Kraft hat, dem Neuank\u00f6mmling zurufen, dass er willkommen ist, dass er geliebt wird und dass alles, was er betritt, ihm geh\u00f6rt, so wie es auch den anderen geh\u00f6rt.<\/p>\n\n\n\n<p>Das zu Hause ist die Heimat, niemals eine blo\u00dfe Unterkunft. Es ist niemals ein Gef\u00e4ngnis, das einen einsperrt und bestraft. Es ist niemals eine Staatssicherheit, die nach den Gr\u00fcnden f\u00fcr die Abwesenheit fragt, die den R\u00fcckkehrer schikaniert und einsch\u00fcchtert. Die Heimat sollte nicht von Hass und Unterdr\u00fcckung beherrscht werden. Die Heimat sollte immer unser zu Hause sein. Ein Ort an dem wir unsere Toten zur\u00fccklassen.&nbsp; Das Haus, in das wir zur\u00fcckkehren, um unsere Toten zu verehren und zu betrauern, Blumen zu \u00fcberreichen und auch die Lebenden zu umarmen, die wir zur\u00fcckgelassen haben.<\/p>\n\n\n\n<p>Das Land, die Heimat, wird \u00fcberallhin mitgenommen, ganz gleich, wie die Reise oder die R\u00fcckkehr erfolgt. Es ist egal ob man per Schiff, per Flugzeug oder per Flo\u00df ankommt. Am besten ist es, dass die Heimkehr aller begr\u00fc\u00dft wird, auch die des verlorenen Sohnes. Die Heimat sollte gegen\u00fcber den Heimkehrern niemals ihre Macht zur schaustellen. Sie sollte keine Liste mit den Namen derer f\u00fchren die nicht zur\u00fcckkommen d\u00fcrfen. Sie sollte Niemanden verbannen.&nbsp; Niemand sollte aus der Laune einer Macht heraus von seinen Lieben getrennt werden.<\/p>\n\n\n\n<p>Caligula war kurz davor, Seneca zu verbannen, weil er sich \u00fcber seine Klugheit \u00e4rgerte.&nbsp; Claudius verbannte ihn und zwang ihn, nach Korsika zu gehen. Danach war Seneca f\u00fcr eine lange Zeit der Lehrer von Kaiser Nero. Kein moderner Caligula und Claudius, kein Nero von heute, hat das Recht Jemanden zu verbannen.&nbsp; Kein M\u00f6chtegern-Kaiser in dieser hei\u00dfen Karibik kann das Recht beanspruchen, die R\u00fcckkehr von Anamely Ramos zu verhindern. Kein D\u00edaz Canel, kein Raul Castro, hat das Recht, zu verbannen, wie es Fidel Castro und andere, die ihnen sehr \u00e4hnlich waren, mit Jose Mart\u00ed und Heredia getan haben.<\/p>\n\n\n\n<p>Kein Castro, kein Diaz Canel, darf einfach Kubaner an ausl\u00e4ndischen Flugh\u00e4fen stranden lassen. Sie k\u00f6nnen die S\u00f6hne und T\u00f6chter Kubas nicht ins Exil nach S\u00fcdamerika oder Europa verbannen. So manche Celia Cruz, Karla Mar\u00eda P\u00e9rez, Anamely oder Rosa Mar\u00eda Pay\u00e1 werden eines Tages auf die Insel zur\u00fcckkehren. Es sollte nicht vergessen werden, dass Seneca, der ewige Heimkehrer, von Caligula verachtet wurde und von Cluadius nach Korsika verbannt wurde. Dann aber wurde er Neros Lehrer und auch sein bester Berater, als Nero Kaiser des ganzen Reiches war. Anamely k\u00f6nnte wieder eine Professur an der Akademie der K\u00fcnste erhalten und vielleicht sogar mehr. Die R\u00fcckkehr in die Heimat ist immer auch eine R\u00fcckkehr zum Herzen.<\/p>\n\n\n\n<figure class=\"wp-block-image size-full is-resized\"><img loading=\"lazy\" decoding=\"async\" src=\"http:\/\/botschafter-menschenrechte.de\/wp-content\/uploads\/2022\/03\/Foto.jpg\" alt=\"\" class=\"wp-image-2284\" width=\"750\" height=\"500\" srcset=\"https:\/\/botschafter-menschenrechte.de\/wp-content\/uploads\/2022\/03\/Foto.jpg 750w, https:\/\/botschafter-menschenrechte.de\/wp-content\/uploads\/2022\/03\/Foto-300x200.jpg 300w\" sizes=\"auto, (max-width: 750px) 100vw, 750px\" \/><figcaption>Der kubanische Schriftsteller Jorge Angel Perez<\/figcaption><\/figure>\n\n\n\n<p><\/p>\n","protected":false},"excerpt":{"rendered":"<p>Kuba: Ausb\u00fcrgerung von regimekritischen K\u00fcnstlern und Intellektuellen Das kubanische Regime greift immer wieder zum Mittel der Ausb\u00fcrgerung um sich unbequemer B\u00fcrgerrechtler und Aktivisten zu entledigen. In der letzten Zeit ereilte dieses Schicksal unter anderem den K\u00fcnstler Hamlet Lavastida und den Dramaturgen Yunior Garcia. Beide leben nun im Exil in Europa. J\u00fcngstes Opfer ist die Aktivistin [&hellip;]<\/p>\n","protected":false},"author":1,"featured_media":2284,"comment_status":"open","ping_status":"open","sticky":false,"template":"","format":"standard","meta":{"footnotes":""},"categories":[17],"tags":[],"class_list":["post-2283","post","type-post","status-publish","format-standard","has-post-thumbnail","hentry","category-kuba"],"_links":{"self":[{"href":"https:\/\/botschafter-menschenrechte.de\/index.php?rest_route=\/wp\/v2\/posts\/2283","targetHints":{"allow":["GET"]}}],"collection":[{"href":"https:\/\/botschafter-menschenrechte.de\/index.php?rest_route=\/wp\/v2\/posts"}],"about":[{"href":"https:\/\/botschafter-menschenrechte.de\/index.php?rest_route=\/wp\/v2\/types\/post"}],"author":[{"embeddable":true,"href":"https:\/\/botschafter-menschenrechte.de\/index.php?rest_route=\/wp\/v2\/users\/1"}],"replies":[{"embeddable":true,"href":"https:\/\/botschafter-menschenrechte.de\/index.php?rest_route=%2Fwp%2Fv2%2Fcomments&post=2283"}],"version-history":[{"count":4,"href":"https:\/\/botschafter-menschenrechte.de\/index.php?rest_route=\/wp\/v2\/posts\/2283\/revisions"}],"predecessor-version":[{"id":2288,"href":"https:\/\/botschafter-menschenrechte.de\/index.php?rest_route=\/wp\/v2\/posts\/2283\/revisions\/2288"}],"wp:featuredmedia":[{"embeddable":true,"href":"https:\/\/botschafter-menschenrechte.de\/index.php?rest_route=\/wp\/v2\/media\/2284"}],"wp:attachment":[{"href":"https:\/\/botschafter-menschenrechte.de\/index.php?rest_route=%2Fwp%2Fv2%2Fmedia&parent=2283"}],"wp:term":[{"taxonomy":"category","embeddable":true,"href":"https:\/\/botschafter-menschenrechte.de\/index.php?rest_route=%2Fwp%2Fv2%2Fcategories&post=2283"},{"taxonomy":"post_tag","embeddable":true,"href":"https:\/\/botschafter-menschenrechte.de\/index.php?rest_route=%2Fwp%2Fv2%2Ftags&post=2283"}],"curies":[{"name":"wp","href":"https:\/\/api.w.org\/{rel}","templated":true}]}}