{"id":2289,"date":"2022-03-09T14:39:47","date_gmt":"2022-03-09T14:39:47","guid":{"rendered":"http:\/\/botschafter-menschenrechte.de\/?p=2289"},"modified":"2022-03-09T14:39:47","modified_gmt":"2022-03-09T14:39:47","slug":"ukraine-menschen-mit-behinderung-sind-im-krieg-besonders-schutzlos%ef%bf%bc","status":"publish","type":"post","link":"https:\/\/botschafter-menschenrechte.de\/?p=2289","title":{"rendered":"Ukraine: Menschen mit Behinderung sind im Krieg besonders schutzlos\ufffc"},"content":{"rendered":"\n<h1 class=\"wp-block-heading\"><strong>Ukraine: Menschen mit Behinderung sind im Krieg besonders schutzlos<\/strong><\/h1>\n\n\n\n<p><strong>Berlin.<\/strong>&nbsp;Dem entsetzlichen Krieg in der Ukraine sind Menschen mit Behinderung besonders schutzlos ausgeliefert. Ob sie nun bei ihrer Familie leben oder in Einrichtungen der Behindertenhilfe, sie k\u00f6nnen sich weder allein versorgen noch selbst in Sicherheit bringen. Darauf macht die Bundesvorsitzende der Lebenshilfe, Ulla Schmidt, aufmerksam. Die ehemalige Gesundheitsministerin appelliert: \u201eMenschen mit Behinderung und ihre Familien d\u00fcrfen in dieser dramatischen Situation nicht ihrem Schicksal \u00fcberlassen werden. Ihre unfassbar gro\u00dfe Not braucht viel mehr Beachtung! \u201c<\/p>\n\n\n\n<p>Viele der \u00f6rtlichen Lebenshilfe-Vereine leisten bereits jetzt aktive Unterst\u00fctzung, und jeden Tag kommen neue hinzu. So hat etwa die&nbsp;<a href=\"https:\/\/www.lebenshilfe-ostallgaeu.de\/index.php\/news-leser\/ukraine-krise.html\" target=\"_blank\" rel=\"noreferrer noopener\">Lebenshilfe Ostallg\u00e4u-Kaufbeuren<\/a>, die seit vielen Jahren zwei Partnerorganisationen in der westukrainischen Region Tscherniwzi unterst\u00fctzt, behinderte Kinder zusammen mit ihren M\u00fcttern aus der Ukraine nach Kaufbeuren gebracht.<\/p>\n\n\n\n<p>In Polen befinden sich aktuell viele gefl\u00fcchtete Menschen mit Behinderung, manche mit ihren Familien, andere mit ihren Betreuerinnen und Betreuern aus Einrichtungen. Da sie in Polen nicht versorgt werden k\u00f6nnen, werden dringend Unterbringungsm\u00f6glichkeiten bei Organisationen der Behindertenhilfe in Deutschland gesucht.<\/p>\n\n\n\n<p>Die Bundesvereinigung Lebenshilfe bittet dar\u00fcber hinaus, sich vor Ort auf Gefl\u00fcchtete mit Behinderung vorzubereiten. \u00dcber soziale Medien gehen bereits Anfragen aus der Ukraine direkt bei deutschen Organisationen ein.<\/p>\n\n\n\n<p>Mehr zu den Hilfs- und Unterst\u00fctzungsm\u00f6glichkeiten f\u00fcr Menschen mit Behinderung aus der Ukraine ist auf der Webseite&nbsp;<a href=\"https:\/\/www.lebenshilfe.de\/informieren\/familie\/krieg-in-der-ukraine\" target=\"_blank\" rel=\"noreferrer noopener\">www.lebenshilfe.de<\/a>&nbsp;zu finden.<\/p>\n","protected":false},"excerpt":{"rendered":"<p>Ukraine: Menschen mit Behinderung sind im Krieg besonders schutzlos Berlin.&nbsp;Dem entsetzlichen Krieg in der Ukraine sind Menschen mit Behinderung besonders schutzlos ausgeliefert. Ob sie nun bei ihrer Familie leben oder in Einrichtungen der Behindertenhilfe, sie k\u00f6nnen sich weder allein versorgen noch selbst in Sicherheit bringen. Darauf macht die Bundesvorsitzende der Lebenshilfe, Ulla Schmidt, aufmerksam. Die [&hellip;]<\/p>\n","protected":false},"author":1,"featured_media":1953,"comment_status":"open","ping_status":"open","sticky":false,"template":"","format":"standard","meta":{"footnotes":""},"categories":[46],"tags":[],"class_list":["post-2289","post","type-post","status-publish","format-standard","has-post-thumbnail","hentry","category-nachrichten"],"_links":{"self":[{"href":"https:\/\/botschafter-menschenrechte.de\/index.php?rest_route=\/wp\/v2\/posts\/2289","targetHints":{"allow":["GET"]}}],"collection":[{"href":"https:\/\/botschafter-menschenrechte.de\/index.php?rest_route=\/wp\/v2\/posts"}],"about":[{"href":"https:\/\/botschafter-menschenrechte.de\/index.php?rest_route=\/wp\/v2\/types\/post"}],"author":[{"embeddable":true,"href":"https:\/\/botschafter-menschenrechte.de\/index.php?rest_route=\/wp\/v2\/users\/1"}],"replies":[{"embeddable":true,"href":"https:\/\/botschafter-menschenrechte.de\/index.php?rest_route=%2Fwp%2Fv2%2Fcomments&post=2289"}],"version-history":[{"count":1,"href":"https:\/\/botschafter-menschenrechte.de\/index.php?rest_route=\/wp\/v2\/posts\/2289\/revisions"}],"predecessor-version":[{"id":2290,"href":"https:\/\/botschafter-menschenrechte.de\/index.php?rest_route=\/wp\/v2\/posts\/2289\/revisions\/2290"}],"wp:featuredmedia":[{"embeddable":true,"href":"https:\/\/botschafter-menschenrechte.de\/index.php?rest_route=\/wp\/v2\/media\/1953"}],"wp:attachment":[{"href":"https:\/\/botschafter-menschenrechte.de\/index.php?rest_route=%2Fwp%2Fv2%2Fmedia&parent=2289"}],"wp:term":[{"taxonomy":"category","embeddable":true,"href":"https:\/\/botschafter-menschenrechte.de\/index.php?rest_route=%2Fwp%2Fv2%2Fcategories&post=2289"},{"taxonomy":"post_tag","embeddable":true,"href":"https:\/\/botschafter-menschenrechte.de\/index.php?rest_route=%2Fwp%2Fv2%2Ftags&post=2289"}],"curies":[{"name":"wp","href":"https:\/\/api.w.org\/{rel}","templated":true}]}}