{"id":2292,"date":"2022-03-14T15:19:36","date_gmt":"2022-03-14T15:19:36","guid":{"rendered":"http:\/\/botschafter-menschenrechte.de\/?p=2292"},"modified":"2022-03-14T15:23:00","modified_gmt":"2022-03-14T15:23:00","slug":"anamely-ramos-gomez-fordert-recht-auf-rueckkehr","status":"publish","type":"post","link":"https:\/\/botschafter-menschenrechte.de\/?p=2292","title":{"rendered":"Anamely Ramos Gomez fordert Recht auf R\u00fcckkehr"},"content":{"rendered":"\n<h1 class=\"wp-block-heading\"><strong>Anamely Ramos Gomez fordert Recht auf R\u00fcckkehr<\/strong><\/h1>\n\n\n\n<p><strong>Die regimekritische kubanische K\u00fcnstlerin Anamely Ramos Gonz\u00e1lez protestiert vor der kubanischen Botschaft in Washington<\/strong><\/p>\n\n\n\n<p>Von Iliana Hernandez<\/p>\n\n\n\n<p>Prominente Kubaner, die das Regime kritisieren oder sich f\u00fcr die Freiheit von politischen Gefangenen einsetzen, werden ausgesperrt: Am 16. Februar wollte die K\u00fcnstlerin Anamely Ramos nach etwas mehr als einem Jahr im Ausland nach Kuba zur\u00fcckkehren. Sie konnte aber den Flug mit American Airlines nicht antreten, weil die Fluggesellschaft eine E-Mail aus Havanna erhalten hatte, in der stand, dass ihr die Einreise untersagt sei.<\/p>\n\n\n\n<p>Das Regime in Havanna \u00fcbt seit 1959 die totale Kontrolle \u00fcber das Leben eines jeden Kubaners aus. Die Diktatur entscheidet, wer das Land betreten und verlassen darf. Fr\u00fcher gab es die Pflicht sich die Ausreise vorher genehmigen zu lassen. Das Dokument, das die Ausreise erlaubte, wurde \u201eCarta Blanca\u201c (Wei\u00dfe Karte) genannt. Die Einwanderungsbeh\u00f6rde stellte diese Genehmigung zur Ausreise den auf der Insel lebenden Kubanern in verschiedenen Kategorien aus. Es gab Genehmigungen die die Aufenthaltsdauer im Ausland genau festlegten, andere erlaubten die dauerhafte Ausreise, oder die Ausreise f\u00fcr Familienbesuche. F\u00fcr Beamte des Regimes gab es ein gesondertes Verfahren. 2013 wurde die Pflicht zur vorherigen Genehmigung der Ausreise abgeschafft, denn diese verstie\u00df offensichtlich gegen Artikel 13 der Allgemeinen Erkl\u00e4rung der Menschenrechte. Das Regime wollte sich diese Bl\u00f6\u00dfe nicht mehr geben. Seitdem d\u00fcrfen Kubaner das Land ohne vorherige Genehmigung verlassen, sie brauchen daf\u00fcr nur einen g\u00fcltigen Reisepass. In der Praxis verbietet die Diktatur jedoch unbequemen Kubanern die Ein- oder Ausreise weiterhin.<\/p>\n\n\n\n<p>Frau Ramos verlangte von American Airlines Auskunft \u00fcber den Grund der Zur\u00fcckweisung. Sie wollte wissen auf welcher gesetzlichen Basis ihr der Flug verweigert wurde. Die Fluggesellschaft konnte ihr aber nur eine Kopie der Email geben, mit der die kubanischen Beh\u00f6rden American Airlines anwiesen Frau Ramos nicht zu bef\u00f6rdern.<\/p>\n\n\n\n<div class=\"wp-block-image\"><figure class=\"alignleft size-full\"><img loading=\"lazy\" decoding=\"async\" width=\"682\" height=\"384\" src=\"http:\/\/botschafter-menschenrechte.de\/wp-content\/uploads\/2022\/03\/thumbnail_image001.jpeg\" alt=\"\" class=\"wp-image-2295\" srcset=\"https:\/\/botschafter-menschenrechte.de\/wp-content\/uploads\/2022\/03\/thumbnail_image001.jpeg 682w, https:\/\/botschafter-menschenrechte.de\/wp-content\/uploads\/2022\/03\/thumbnail_image001-300x169.jpeg 300w\" sizes=\"auto, (max-width: 682px) 100vw, 682px\" \/><figcaption>Die regimekritische kubanische K\u00fcnstlerin Anamely Ramos Gonz\u00e1lez darf nicht zur\u00fcck in ihre Heimat.<\/figcaption><\/figure><\/div>\n\n\n\n<p>Obwohl sich das Regime nicht \u00f6ffentlich zu dem Fall ge\u00e4u\u00dfert hat, postete Humberto L\u00f3pez, Nachrichtensprecher im Staatsfernsehen, auf seinem Facebook Account ein Zitat von Artikel 24.1 des kubanischen Einwanderungsgesetzes: \u201eDie Einreise von Personen, auf die eine der folgenden Voraussetzungen zutrifft, ist unzul\u00e4ssig:<\/p>\n\n\n\n<p>(c) Organisation, F\u00f6rderung, Durchf\u00fchrung oder Beteiligung an feindlichen Handlungen gegen die politischen, wirtschaftlichen und sozialen Grundlagen des kubanischen Staates.<\/p>\n\n\n\n<p>Dies hat gro\u00dfes Aufsehen erregt, da dies eine grundlegende Verletzung der Menschenrechte von Anamely Ramos ist, und die Ernsthaftigkeit der Angelegenheit eine offizielle Erkl\u00e4rung verdient h\u00e4tte. Anamely\u2019s Aktivismus war nie feindselig sondern immer vollkommen friedlich. Sie hat in Kuba nur die Rechte ausge\u00fcbt, die ihr laut der allgemeinen Erkl\u00e4rung der Menschenrecht auch zustehen.<\/p>\n\n\n\n<p>Tage sp\u00e4ter wies ein anderer Sprecher des Regimes die Verantwortung der kubanischen Beh\u00f6rden zur\u00fcck. Er beschuldigte American Airlines in einer Fernsehsendung namens &#8222;Con Filo&#8220;, dass die Fluggesellschaft eigenh\u00e4ndig entschieden h\u00e4tte ihr das Einsteigen zu verweigern.<\/p>\n\n\n\n<p>Im Fall von Anamely Ramos ist es eigentlich unm\u00f6glich, dass ihr die Einreise verweigert und sie abgeschoben wird. Alle ihre kubanischen Dokumente sind in Ordnung. Sie hat ihren Wohnsitz nicht im Ausland und sie ist nicht gleichzeitig auch Staatsb\u00fcrgerin eines anderen Landes. Au\u00dferdem hat sie nur ein einmaliges Einreisevisum f\u00fcr die Vereinigten Staaten, welches im April abl\u00e4uft. Ihr regul\u00e4rer Wohnsitz ist in Kuba. Laut Anamely macht die Fluggesellschaft sich mitschuldig. American Airlines m\u00f6chte keine Probleme mit der kommunistischen Diktatur Kubas bekommen und wird so zum Handlanger des Regimes.<\/p>\n\n\n\n<p>Um auf ihre Situation Aufmerksam zu machen rief Anamely zu einer Demonstration im Stadtteil Little Havanna von Miami auf. Sie zog auch vor das B\u00fcro von American Airlines und \u00fcbernachtete mehrere Tage vor dem Restaurant Versailles, dem Treffpunkt der exilkubanischen Gemeinde. W\u00e4hrend dieser Zeit erhielt sie viel Unterst\u00fctzung von den in Miami lebenden Kubanern.<\/p>\n\n\n\n<p>Am Sonntag, dem 26. Februar, versuchte sie ein zweites Mal einen Flug nach Havanna zu nehmen. Aber auch dieses Mal wurde ihr das Einsteigen von der Fluggesellschaft auf Anweisung des Regimes verweigert.<\/p>\n\n\n\n<p>Zur Zeit protestiert Anamely vor der kubanischen Botschaft in Washington und fordert ihr Recht auf R\u00fcckkehr auf die Insel ein. Die Angestellten der Botschaft weigern sich jedoch sie zu empfangen. Stattdessen riefen sie die Polizei, um Anamely loszuwerden.<\/p>\n\n\n\n<p>Nachdem sich die gerufenen Polizeibeamten die Gr\u00fcnde f\u00fcr ihre Anwesenheit angeh\u00f6rt hatten, sprachen diese ihr jedoch Unterst\u00fctzung aus. Sie verbleibt somit weiter vor der kubanischen Botschaft in DC und fordert ihr Recht auf R\u00fcckkehr ein.<\/p>\n\n\n\n<p>Laut Anamely darf es nicht sein dass die Grenze Kubas bereits am Schalter einer Fluggesellschaft beginnt. Alle ihre Dokumente seien g\u00fcltig, Kuba kann der Fluggesellschaft keine Strafe auferlegen da sie Staatsb\u00fcrgerin ist und keine Ausl\u00e4nderin. Sie beschuldigt American Airlines der Komplizenschaft mit dem Regime.<\/p>\n\n\n\n<p>Der Beitrag von Iliana Hernandez wurde von Fernando Rivas \u00fcbersetzt.<\/p>\n\n\n\n<figure class=\"wp-block-image size-full\"><img loading=\"lazy\" decoding=\"async\" width=\"960\" height=\"666\" src=\"http:\/\/botschafter-menschenrechte.de\/wp-content\/uploads\/2022\/03\/Foto1.jpg\" alt=\"\" class=\"wp-image-2294\" srcset=\"https:\/\/botschafter-menschenrechte.de\/wp-content\/uploads\/2022\/03\/Foto1.jpg 960w, https:\/\/botschafter-menschenrechte.de\/wp-content\/uploads\/2022\/03\/Foto1-300x208.jpg 300w, https:\/\/botschafter-menschenrechte.de\/wp-content\/uploads\/2022\/03\/Foto1-768x533.jpg 768w\" sizes=\"auto, (max-width: 960px) 100vw, 960px\" \/><figcaption>Die Journalistin Iliana Henandez<\/figcaption><\/figure>\n\n\n\n<p><\/p>\n\n\n\n<figure class=\"wp-block-image size-full\"><img loading=\"lazy\" decoding=\"async\" width=\"960\" height=\"720\" src=\"http:\/\/botschafter-menschenrechte.de\/wp-content\/uploads\/2022\/03\/Foto2.jpg\" alt=\"\" class=\"wp-image-2293\" srcset=\"https:\/\/botschafter-menschenrechte.de\/wp-content\/uploads\/2022\/03\/Foto2.jpg 960w, https:\/\/botschafter-menschenrechte.de\/wp-content\/uploads\/2022\/03\/Foto2-300x225.jpg 300w, https:\/\/botschafter-menschenrechte.de\/wp-content\/uploads\/2022\/03\/Foto2-768x576.jpg 768w\" sizes=\"auto, (max-width: 960px) 100vw, 960px\" \/><figcaption>Einer von Ilianas mutigen Protesten.<\/figcaption><\/figure>\n\n\n\n<p><\/p>\n","protected":false},"excerpt":{"rendered":"<p>Anamely Ramos Gomez fordert Recht auf R\u00fcckkehr Die regimekritische kubanische K\u00fcnstlerin Anamely Ramos Gonz\u00e1lez protestiert vor der kubanischen Botschaft in Washington Von Iliana Hernandez Prominente Kubaner, die das Regime kritisieren oder sich f\u00fcr die Freiheit von politischen Gefangenen einsetzen, werden ausgesperrt: Am 16. Februar wollte die K\u00fcnstlerin Anamely Ramos nach etwas mehr als einem Jahr [&hellip;]<\/p>\n","protected":false},"author":1,"featured_media":2295,"comment_status":"open","ping_status":"open","sticky":false,"template":"","format":"standard","meta":{"footnotes":""},"categories":[17],"tags":[],"class_list":["post-2292","post","type-post","status-publish","format-standard","has-post-thumbnail","hentry","category-kuba"],"_links":{"self":[{"href":"https:\/\/botschafter-menschenrechte.de\/index.php?rest_route=\/wp\/v2\/posts\/2292","targetHints":{"allow":["GET"]}}],"collection":[{"href":"https:\/\/botschafter-menschenrechte.de\/index.php?rest_route=\/wp\/v2\/posts"}],"about":[{"href":"https:\/\/botschafter-menschenrechte.de\/index.php?rest_route=\/wp\/v2\/types\/post"}],"author":[{"embeddable":true,"href":"https:\/\/botschafter-menschenrechte.de\/index.php?rest_route=\/wp\/v2\/users\/1"}],"replies":[{"embeddable":true,"href":"https:\/\/botschafter-menschenrechte.de\/index.php?rest_route=%2Fwp%2Fv2%2Fcomments&post=2292"}],"version-history":[{"count":3,"href":"https:\/\/botschafter-menschenrechte.de\/index.php?rest_route=\/wp\/v2\/posts\/2292\/revisions"}],"predecessor-version":[{"id":2306,"href":"https:\/\/botschafter-menschenrechte.de\/index.php?rest_route=\/wp\/v2\/posts\/2292\/revisions\/2306"}],"wp:featuredmedia":[{"embeddable":true,"href":"https:\/\/botschafter-menschenrechte.de\/index.php?rest_route=\/wp\/v2\/media\/2295"}],"wp:attachment":[{"href":"https:\/\/botschafter-menschenrechte.de\/index.php?rest_route=%2Fwp%2Fv2%2Fmedia&parent=2292"}],"wp:term":[{"taxonomy":"category","embeddable":true,"href":"https:\/\/botschafter-menschenrechte.de\/index.php?rest_route=%2Fwp%2Fv2%2Fcategories&post=2292"},{"taxonomy":"post_tag","embeddable":true,"href":"https:\/\/botschafter-menschenrechte.de\/index.php?rest_route=%2Fwp%2Fv2%2Ftags&post=2292"}],"curies":[{"name":"wp","href":"https:\/\/api.w.org\/{rel}","templated":true}]}}