{"id":2418,"date":"2022-05-20T07:19:23","date_gmt":"2022-05-20T07:19:23","guid":{"rendered":"http:\/\/botschafter-menschenrechte.de\/?p=2418"},"modified":"2022-05-20T08:29:57","modified_gmt":"2022-05-20T08:29:57","slug":"free-luis","status":"publish","type":"post","link":"https:\/\/botschafter-menschenrechte.de\/?p=2418","title":{"rendered":"Free Luis!"},"content":{"rendered":"\n<h1 class=\"wp-block-heading\"><strong>Free Luis!<\/strong><\/h1>\n\n\n\n<p><strong>Von Janie Frometa<\/strong><\/p>\n\n\n\n<p>Was verbindet man in der Regel mit Kuba? URLAUB, traumhafte unendliche Str\u00e4nde, Sonne, Rum (Havana Club), Zigarren, immer gute Laune der Menschen, Salsa.<\/p>\n\n\n\n<p>Aber die Realit\u00e4t sieht leider in diese f\u00fcr uns \u201ctraumhafte Urlaubsinsel\u201d ganz anders aus. Es herrscht Hunger, Mangel an Medikamenten, Unterdr\u00fcckung durch Polizeigewalt und Milit\u00e4r. Der Gro\u00dfteil der Bev\u00f6lkerung ist bettelarm und es mangelt an allem!<\/p>\n\n\n\n<p>Luis Frometa Compte (Deutsch-Kubaner), welcher seit 1985 in Deutschland lebt und hier 2 T\u00f6chter hat, war im Juli 2021 auf Kuba im Urlaub, um seine Familie zu besuchen. Es war der 11.07.2021 als sich landesweit Freiheitsdemonstrationen formten und viele Menschen die Chance nutzen, um auf die Stra\u00dfe zu gehen und ihren Unmut \u00fcber die wirtschaftliche Situation und den Mangel kund zu tun. Aber das sollte Folgen haben f\u00fcr die Menschen, welche mutig auf die Stra\u00dfe gingen. Luis Frometa Compte war gerade unterwegs, um Eink\u00e4ufe zu erledigen, als er auf die Demonstrationen in Havanna stie\u00df und diese mit seinem Handy filmte. Die Demonstranten forderten Lebensmittel, Medikamente, die Freiheit Kubas vom Kommunismus. \u201cPatria y vida\u201d (Vaterland und Leben) &#8211; nicht mehr \u201cPatria o muerte\u201d (Vaterland und Tod), wie es Fidel Castro w\u00e4hrend der Revolution vor 63 Jahren rief!<\/p>\n\n\n\n<p>An diesem Tag und in den folgenden Wochen wurden \u00fcber 1300 Demonstranten festgenommen, darunter M\u00fctter und Kinder im Alter von 13 Jahren &#8211; wie auch Luis Frometa Compte, welcher am 23. Dezember 2021 zu 25 Jahren Haft wegen \u201cErregung \u00f6ffentlichen \u00c4rgernisses\u201d und \u201cAnstiftung zum Aufruhr\u201d verurteilt wurde &#8211; und mit so einer hohen Haftstrafe ist er kein Einzelfall. Es gibt Verurteilungen von bis zu 30 Jahren Haft. W\u00e4hrend der stundenlangen Verh\u00f6re wurde Herr Luis Frometa Compte gefoltert, geschlagen und mit dem Tod durch Erschie\u00dfen bedroht um dass er sagt, er sei ein westlicher Anf\u00fchrer der Demonstrationen. Bisher haben die deutschen Beh\u00f6rden keinen Zugang zu Herrn Frometa Compte erlang, da die kubanischen Beh\u00f6rden dies verweigern, aufgrund der doppelten Staatsb\u00fcrgerschaft. Sein gesundheitlicher Zustand hat sich bereits extrem verschlechtert. Er leidet an Panikattacken, sehr hohem Blutdruck, Depressionen, spricht immer wieder vom Hungerstreik. Er kann nicht verstehen, warum er h\u00e4rter als ein M\u00f6rder bestraft wird, obwohl er lediglich gefilmt hat. Seine komplette Familie in Deutschland wie auf Kuba leidet und versucht alles erdenkliche M\u00f6gliche um ihn aus der H\u00f6lle herauszuholen. Seine T\u00f6chter sagen: \u201cDer erste Gedanke am Morgen ist Papa, der letzte Gedanke, bevor wir schlafen, ist auch Papa. Die Gedanken drehen sich um Papa. Was k\u00f6nnen wir noch tun? Wir haben solche Angst, ihn nicht mehr lebend wiederzusehen. Er ist schlie\u00dflich nicht mehr der J\u00fcngste mit fast 60 Jahren\u2026\u201d<\/p>\n\n\n\n<p>Bitte unterst\u00fctzen Sie Luis Frometa Compte sowie seine Familie und helfen Sie auf das Schicksal und die Menschenrechtsverletzungen auf Kuba aufmerksam zu machen, indem Sie sich an unserer Aufkleberaktion mit \u201cBotschafter f\u00fcr Menschenrechte\u201d (Erwerb 1\u20ac Schutzgeb\u00fchr pro Aufkleber) beteiligen und diesen an \u00f6ffentlichen Orten platzieren.<\/p>\n\n\n\n<p>Au\u00dferdem k\u00f6nnen Sie auch gerne an der Postkartenaktion von Mypostcard und der \u201cIGFM Internationale Gesellschaft f\u00fcr Menschenrechte\u201d gegen das Vergessen von Luis \u00fcber&nbsp;<a href=\"https:\/\/applink.mypostcardapp.com\/freeluis\" target=\"_blank\" rel=\"noreferrer noopener\"><strong>https:\/\/applink.mypostcardapp.com\/freeluis<\/strong><\/a>&nbsp;. Oder Sie schicken einfach eine Postkarte oder ein Brief direkt ins Gef\u00e4ngnis:<\/p>\n\n\n\n<p>Prisi\u00f3n Combinado del Este<\/p>\n\n\n\n<p>Km. 13 \u00bd via monumental<\/p>\n\n\n\n<p>Edificio 3 \/&nbsp;compa\u00f1\u00eda 3201<\/p>\n\n\n\n<p>Personalmente Luis Frometa Compte<\/p>\n\n\n\n<p>11100 La Habana (Guanaboa)<\/p>\n\n\n\n<p>CUBA<\/p>\n\n\n\n<p>Zus\u00e4tzlich kann noch eine Petition direkt am europ\u00e4ischen Parlament mit nur 2 Klicks unterschrieben werden unter:&nbsp;<a href=\"https:\/\/www.europarl.europa.eu\/petitions\/de\/petition\/content\/1209%252F2021\/html\/missinglink\" target=\"_blank\" rel=\"noreferrer noopener\"><strong>https:\/\/www.europarl.europa.eu\/petitions\/de\/petition\/content\/1209%252F2021\/html\/missinglink<\/strong><\/a><strong><\/strong><\/p>\n\n\n\n<p>\u00dcber Ihre zahlreiche Unterst\u00fctzung freuen wir uns! Vielen DANK!<\/p>\n","protected":false},"excerpt":{"rendered":"<p>Free Luis! Von Janie Frometa Was verbindet man in der Regel mit Kuba? URLAUB, traumhafte unendliche Str\u00e4nde, Sonne, Rum (Havana Club), Zigarren, immer gute Laune der Menschen, Salsa. Aber die Realit\u00e4t sieht leider in diese f\u00fcr uns \u201ctraumhafte Urlaubsinsel\u201d ganz anders aus. Es herrscht Hunger, Mangel an Medikamenten, Unterdr\u00fcckung durch Polizeigewalt und Milit\u00e4r. Der Gro\u00dfteil [&hellip;]<\/p>\n","protected":false},"author":1,"featured_media":2421,"comment_status":"open","ping_status":"open","sticky":false,"template":"","format":"standard","meta":{"footnotes":""},"categories":[17],"tags":[59,45,116,40,64,32,42,57,39,100],"class_list":["post-2418","post","type-post","status-publish","format-standard","has-post-thumbnail","hentry","category-kuba","tag-cuba","tag-diktatur","tag-freiheit","tag-gefaengnis","tag-havanna","tag-kuba","tag-libertad","tag-menschenrechte","tag-prison","tag-regime"],"_links":{"self":[{"href":"https:\/\/botschafter-menschenrechte.de\/index.php?rest_route=\/wp\/v2\/posts\/2418","targetHints":{"allow":["GET"]}}],"collection":[{"href":"https:\/\/botschafter-menschenrechte.de\/index.php?rest_route=\/wp\/v2\/posts"}],"about":[{"href":"https:\/\/botschafter-menschenrechte.de\/index.php?rest_route=\/wp\/v2\/types\/post"}],"author":[{"embeddable":true,"href":"https:\/\/botschafter-menschenrechte.de\/index.php?rest_route=\/wp\/v2\/users\/1"}],"replies":[{"embeddable":true,"href":"https:\/\/botschafter-menschenrechte.de\/index.php?rest_route=%2Fwp%2Fv2%2Fcomments&post=2418"}],"version-history":[{"count":1,"href":"https:\/\/botschafter-menschenrechte.de\/index.php?rest_route=\/wp\/v2\/posts\/2418\/revisions"}],"predecessor-version":[{"id":2420,"href":"https:\/\/botschafter-menschenrechte.de\/index.php?rest_route=\/wp\/v2\/posts\/2418\/revisions\/2420"}],"wp:featuredmedia":[{"embeddable":true,"href":"https:\/\/botschafter-menschenrechte.de\/index.php?rest_route=\/wp\/v2\/media\/2421"}],"wp:attachment":[{"href":"https:\/\/botschafter-menschenrechte.de\/index.php?rest_route=%2Fwp%2Fv2%2Fmedia&parent=2418"}],"wp:term":[{"taxonomy":"category","embeddable":true,"href":"https:\/\/botschafter-menschenrechte.de\/index.php?rest_route=%2Fwp%2Fv2%2Fcategories&post=2418"},{"taxonomy":"post_tag","embeddable":true,"href":"https:\/\/botschafter-menschenrechte.de\/index.php?rest_route=%2Fwp%2Fv2%2Ftags&post=2418"}],"curies":[{"name":"wp","href":"https:\/\/api.w.org\/{rel}","templated":true}]}}