{"id":2461,"date":"2022-07-01T13:44:41","date_gmt":"2022-07-01T13:44:41","guid":{"rendered":"http:\/\/botschafter-menschenrechte.de\/?p=2461"},"modified":"2022-07-01T13:44:41","modified_gmt":"2022-07-01T13:44:41","slug":"wer-fuer-kriegsverbrechen-verantwortlich-istmuss-zur-rechenschaft-gezogen-werden","status":"publish","type":"post","link":"https:\/\/botschafter-menschenrechte.de\/?p=2461","title":{"rendered":"\u201eWer f\u00fcr Kriegsverbrechen verantwortlich ist,<br>muss zur Rechenschaft gezogen werden\u201c"},"content":{"rendered":"\n<h6 class=\"wp-block-heading\">20 Jahre Internationaler Strafgerichtshof<\/h6>\n\n\n\n<h2 class=\"wp-block-heading\">\u201eWer f\u00fcr Kriegsverbrechen verantwortlich ist,<br>muss zur Rechenschaft gezogen werden\u201c<\/h2>\n\n\n\n<p><strong>30.06.2022&nbsp;<\/strong>\u00b7&nbsp;Pressemitteilung<\/p>\n\n\n\n<p>Berlin \u2013 Vor 20 Jahren, am 1. Juli 2002, nahm der Internationale Strafgerichtshof in Den Haag seine Arbeit auf. Anl\u00e4sslich dieses Jahrestags erkl\u00e4rt Beate Rudolf, Direktorin des Deutschen Instituts f\u00fcr Menschenrechte:<\/p>\n\n\n\n<p>\u201eDie Schaffung des Internationalen Strafgerichtshofs war ein Meilenstein f\u00fcr den Schutz der Menschenrechte. Seitdem ist klar: Wer f\u00fcr schwerste Menschenrechtsverletzungen oder die Missachtung des Gewaltverbots verantwortlich ist, kann durch den Strafgerichtshof zur Rechenschaft gezogen werden \u2013 auch Staats- oder Regierungschefs und Regierungsmitglieder. Es gibt keine Immunit\u00e4t f\u00fcr die politische F\u00fchrung eines Staates.<\/p>\n\n\n\n<p>Mit dem Inkrafttreten des R\u00f6mischen Statuts, der Rechtsgrundlage des Strafgerichtshofs, am 1. Juli 2002 wurde erstmals in der Geschichte ein internationales Gericht geschaffen, das auf Dauer angelegt und f\u00fcr die Strafverfolgung von schwersten Menschenrechtsverletzungen zust\u00e4ndig ist: V\u00f6lkermord, Verbrechen gegen die Menschlichkeit und Kriegsverbrechen. Seit 2018 ahndet der Strafgerichtshof auch Verbrechen der Aggression, also die Planung, Vorbereitung oder F\u00fchrung eines Angriffskrieges.<\/p>\n\n\n\n<p>Es ist daher richtig, dass der Chefankl\u00e4ger des Internationalen Strafgerichtshofs Ermittlungen im Zusammenhang mit dem Krieg Russlands gegen die Ukraine er\u00f6ffnet hat. Denn diejenigen, die Angriffe auf die Zivilbev\u00f6lkerung, Folter, sexualisierte Gewalt und die Ermordung von Zivilpersonen in besetzten Ortschaften zu verantworten haben, m\u00fcssen strafrechtlich zur Rechenschaft gezogen werden. Damit wird den Opfern dieser Menschenrechtsverletzungen Gerechtigkeit zuteil, und die Weltgemeinschaft bekr\u00e4ftigt die Geltung der Menschenrechte als Fundament des friedlichen Zusammenlebens.<\/p>\n\n\n\n<p>Alle Staaten sind deshalb aufgerufen, den Chefankl\u00e4ger bei der Sammlung und Sicherung von Beweisen zu unterst\u00fctzen. Die Ahndung schwerster Menschenrechtsverletzungen ist ein gemeinsames Anliegen der Weltgemeinschaft. Ganz besonders wichtig ist es, psychosoziale Unterst\u00fctzung f\u00fcr Betroffene und andere Zeuginnen und Zeugen sicherzustellen \u2013 vor, w\u00e4hrend und nach ihrer Aussage. Hierf\u00fcr sollten die Staaten finanzielle und praktische Hilfe leisten. Deutschland ist aufgerufen, hier beispielhaft voranzugehen.\u201c<\/p>\n\n\n\n<h4 class=\"wp-block-heading\">Zur Original-Pressemitteilung&nbsp;auf der Seite des Deutschen Instituts f\u00fcr Menschenrechte:<\/h4>\n\n\n\n<p><a href=\"https:\/\/www.institut-fuer-menschenrechte.de\/aktuelles\/detail\/wer-fuer-kriegsverbrechen-verantwortlich-ist-muss-zur-rechenschaft-gezogen-werden\" target=\"_blank\" rel=\"noreferrer noopener\">DEUTSCHES INSTITUT F\u00dcR MENSCHENRECHTE<\/a><\/p>\n","protected":false},"excerpt":{"rendered":"<p>20 Jahre Internationaler Strafgerichtshof \u201eWer f\u00fcr Kriegsverbrechen verantwortlich ist,muss zur Rechenschaft gezogen werden\u201c 30.06.2022&nbsp;\u00b7&nbsp;Pressemitteilung Berlin \u2013 Vor 20 Jahren, am 1. Juli 2002, nahm der Internationale Strafgerichtshof in Den Haag seine Arbeit auf. Anl\u00e4sslich dieses Jahrestags erkl\u00e4rt Beate Rudolf, Direktorin des Deutschen Instituts f\u00fcr Menschenrechte: \u201eDie Schaffung des Internationalen Strafgerichtshofs war ein Meilenstein f\u00fcr den [&hellip;]<\/p>\n","protected":false},"author":1,"featured_media":1953,"comment_status":"open","ping_status":"open","sticky":false,"template":"","format":"standard","meta":{"footnotes":""},"categories":[46],"tags":[],"class_list":["post-2461","post","type-post","status-publish","format-standard","has-post-thumbnail","hentry","category-nachrichten"],"_links":{"self":[{"href":"https:\/\/botschafter-menschenrechte.de\/index.php?rest_route=\/wp\/v2\/posts\/2461","targetHints":{"allow":["GET"]}}],"collection":[{"href":"https:\/\/botschafter-menschenrechte.de\/index.php?rest_route=\/wp\/v2\/posts"}],"about":[{"href":"https:\/\/botschafter-menschenrechte.de\/index.php?rest_route=\/wp\/v2\/types\/post"}],"author":[{"embeddable":true,"href":"https:\/\/botschafter-menschenrechte.de\/index.php?rest_route=\/wp\/v2\/users\/1"}],"replies":[{"embeddable":true,"href":"https:\/\/botschafter-menschenrechte.de\/index.php?rest_route=%2Fwp%2Fv2%2Fcomments&post=2461"}],"version-history":[{"count":1,"href":"https:\/\/botschafter-menschenrechte.de\/index.php?rest_route=\/wp\/v2\/posts\/2461\/revisions"}],"predecessor-version":[{"id":2462,"href":"https:\/\/botschafter-menschenrechte.de\/index.php?rest_route=\/wp\/v2\/posts\/2461\/revisions\/2462"}],"wp:featuredmedia":[{"embeddable":true,"href":"https:\/\/botschafter-menschenrechte.de\/index.php?rest_route=\/wp\/v2\/media\/1953"}],"wp:attachment":[{"href":"https:\/\/botschafter-menschenrechte.de\/index.php?rest_route=%2Fwp%2Fv2%2Fmedia&parent=2461"}],"wp:term":[{"taxonomy":"category","embeddable":true,"href":"https:\/\/botschafter-menschenrechte.de\/index.php?rest_route=%2Fwp%2Fv2%2Fcategories&post=2461"},{"taxonomy":"post_tag","embeddable":true,"href":"https:\/\/botschafter-menschenrechte.de\/index.php?rest_route=%2Fwp%2Fv2%2Ftags&post=2461"}],"curies":[{"name":"wp","href":"https:\/\/api.w.org\/{rel}","templated":true}]}}