{"id":2467,"date":"2022-07-11T13:13:38","date_gmt":"2022-07-11T13:13:38","guid":{"rendered":"http:\/\/botschafter-menschenrechte.de\/?p=2467"},"modified":"2022-07-12T07:19:47","modified_gmt":"2022-07-12T07:19:47","slug":"free-luis-freiheit-fuer-alle-politischen-gefangenen-auf-kuba","status":"publish","type":"post","link":"https:\/\/botschafter-menschenrechte.de\/?p=2467","title":{"rendered":"Free Luis &#8211; Freiheit f\u00fcr alle politischen Gefangenen auf Kuba!"},"content":{"rendered":"\n<h1 class=\"wp-block-heading\">Free Luis &#8211; Freiheit f\u00fcr alle politischen Gefangenen auf Kuba!<\/h1>\n\n\n\n<p>Luis Frometa Comte ist unschuldig! Als er am 11. Juli 2021 Bilder einer Demonstration in Havanna mit seinem Handy filmte, war dies eine gute Tat, kein Verbrechen!<\/p>\n\n\n\n<figure class=\"wp-block-video\"><video height=\"364\" style=\"aspect-ratio: 640 \/ 364;\" width=\"640\" controls poster=\"http:\/\/botschafter-menschenrechte.de\/wp-content\/uploads\/2022\/07\/Screenshot-2022-07-12-at-09.17.57.png\" src=\"http:\/\/botschafter-menschenrechte.de\/wp-content\/uploads\/2022\/07\/IMG_8854.mp4\"><\/video><figcaption>Das Video zeigt die Demo vor der kubanischen Botschaft in Berlin.<\/figcaption><\/figure>\n\n\n\n<p>Ein Verbrechen ist es hingegen,&nbsp; dass auf Kuba niemand frei seine politische Meinung \u00e4u\u00dfern unter Diktatur widersprechen darf. Kuba braucht Demokratie und Vielfalt, nicht Staatsb\u00fcrokratismus und Machtmonopol der Kommunisten.<\/p>\n\n\n\n<figure class=\"wp-block-image size-large\"><img loading=\"lazy\" decoding=\"async\" width=\"1024\" height=\"771\" src=\"http:\/\/botschafter-menschenrechte.de\/wp-content\/uploads\/2022\/07\/IMG_8411-1-1024x771.jpg\" alt=\"\" class=\"wp-image-2483\" srcset=\"https:\/\/botschafter-menschenrechte.de\/wp-content\/uploads\/2022\/07\/IMG_8411-1-1024x771.jpg 1024w, https:\/\/botschafter-menschenrechte.de\/wp-content\/uploads\/2022\/07\/IMG_8411-1-300x226.jpg 300w, https:\/\/botschafter-menschenrechte.de\/wp-content\/uploads\/2022\/07\/IMG_8411-1-768x578.jpg 768w, https:\/\/botschafter-menschenrechte.de\/wp-content\/uploads\/2022\/07\/IMG_8411-1-1536x1157.jpg 1536w, https:\/\/botschafter-menschenrechte.de\/wp-content\/uploads\/2022\/07\/IMG_8411-1.jpg 1600w\" sizes=\"auto, (max-width: 1024px) 100vw, 1024px\" \/><figcaption>Demo &#8222;Free Luis&#8220; in Dresden.<\/figcaption><\/figure>\n","protected":false},"excerpt":{"rendered":"<p>Free Luis &#8211; Freiheit f\u00fcr alle politischen Gefangenen auf Kuba! Luis Frometa Comte ist unschuldig! Als er am 11. Juli 2021 Bilder einer Demonstration in Havanna mit seinem Handy filmte, war dies eine gute Tat, kein Verbrechen! Ein Verbrechen ist es hingegen,&nbsp; dass auf Kuba niemand frei seine politische Meinung \u00e4u\u00dfern unter Diktatur widersprechen darf. [&hellip;]<\/p>\n","protected":false},"author":1,"featured_media":2471,"comment_status":"open","ping_status":"open","sticky":false,"template":"","format":"standard","meta":{"footnotes":""},"categories":[17],"tags":[59,45,116,40,64,32,42,57,39,100],"class_list":["post-2467","post","type-post","status-publish","format-standard","has-post-thumbnail","hentry","category-kuba","tag-cuba","tag-diktatur","tag-freiheit","tag-gefaengnis","tag-havanna","tag-kuba","tag-libertad","tag-menschenrechte","tag-prison","tag-regime"],"_links":{"self":[{"href":"https:\/\/botschafter-menschenrechte.de\/index.php?rest_route=\/wp\/v2\/posts\/2467","targetHints":{"allow":["GET"]}}],"collection":[{"href":"https:\/\/botschafter-menschenrechte.de\/index.php?rest_route=\/wp\/v2\/posts"}],"about":[{"href":"https:\/\/botschafter-menschenrechte.de\/index.php?rest_route=\/wp\/v2\/types\/post"}],"author":[{"embeddable":true,"href":"https:\/\/botschafter-menschenrechte.de\/index.php?rest_route=\/wp\/v2\/users\/1"}],"replies":[{"embeddable":true,"href":"https:\/\/botschafter-menschenrechte.de\/index.php?rest_route=%2Fwp%2Fv2%2Fcomments&post=2467"}],"version-history":[{"count":6,"href":"https:\/\/botschafter-menschenrechte.de\/index.php?rest_route=\/wp\/v2\/posts\/2467\/revisions"}],"predecessor-version":[{"id":2493,"href":"https:\/\/botschafter-menschenrechte.de\/index.php?rest_route=\/wp\/v2\/posts\/2467\/revisions\/2493"}],"wp:featuredmedia":[{"embeddable":true,"href":"https:\/\/botschafter-menschenrechte.de\/index.php?rest_route=\/wp\/v2\/media\/2471"}],"wp:attachment":[{"href":"https:\/\/botschafter-menschenrechte.de\/index.php?rest_route=%2Fwp%2Fv2%2Fmedia&parent=2467"}],"wp:term":[{"taxonomy":"category","embeddable":true,"href":"https:\/\/botschafter-menschenrechte.de\/index.php?rest_route=%2Fwp%2Fv2%2Fcategories&post=2467"},{"taxonomy":"post_tag","embeddable":true,"href":"https:\/\/botschafter-menschenrechte.de\/index.php?rest_route=%2Fwp%2Fv2%2Ftags&post=2467"}],"curies":[{"name":"wp","href":"https:\/\/api.w.org\/{rel}","templated":true}]}}