{"id":2531,"date":"2022-08-20T07:09:41","date_gmt":"2022-08-20T07:09:41","guid":{"rendered":"http:\/\/botschafter-menschenrechte.de\/?p=2531"},"modified":"2022-08-20T07:09:41","modified_gmt":"2022-08-20T07:09:41","slug":"menschlichkeit-sieht-anders-aus","status":"publish","type":"post","link":"https:\/\/botschafter-menschenrechte.de\/?p=2531","title":{"rendered":"&#8222;Menschlichkeit sieht anders aus&#8220;"},"content":{"rendered":"\n<h2 class=\"wp-block-heading\">&#8222;Menschlichkeit sieht anders aus&#8220;<\/h2>\n\n\n\n<p><strong><time datetime=\"1660723200\">17.08.2022&nbsp;<\/time><\/strong>\u00b7&nbsp;Meldung<\/p>\n\n\n\n<p>Am 17. August 1962 wurde der 18-j\u00e4hrige Peter Fechter bei seinem Fluchtversuch in der Zimmerstra\u00dfe, in der N\u00e4he des Checkpoint Charlie, von DDR-Grenzsoldaten in den R\u00fccken geschossen. Schwer verwundet und bewegungsunf\u00e4hig liegt Peter Fechter eine Stunde auf DDR-Gebiet an der Berliner Mauer, ohne dass Soldaten einschreiten. Er verblutet.<\/p>\n\n\n\n<p>Frauke Seidensticker, Vorstandsmitglied des Deutschen Instituts f\u00fcr Menschenrechte (2001-2010), baute das 2001 neu gegr\u00fcndete Institut auf. Im Interview erkl\u00e4rt sie, warum das Institut heute in der Zimmerstra\u00dfe seinen Sitz hat und was Menschenrechtsarbeit mit Erinnerungskultur verbindet.<\/p>\n\n\n\n<p><strong>2001 suchten Sie einen Standort f\u00fcr das neu gegr\u00fcndete Deutsche Institut f\u00fcr Menschenrechte. Was hat Sie bewogen, die Zimmerstra\u00dfe in der N\u00e4he des Checkpoint Charlie auszuw\u00e4hlen?<\/strong><\/p>\n\n\n<div class=\"wp-block-image\">\n<figure class=\"aligncenter size-full\"><img loading=\"lazy\" decoding=\"async\" width=\"480\" height=\"320\" src=\"http:\/\/botschafter-menschenrechte.de\/wp-content\/uploads\/2022\/08\/csm_Frauke_Seidensticker_c_F._Seidensticker_S._Pietschman_5bdf72f271.jpg\" alt=\"\" class=\"wp-image-2532\" srcset=\"https:\/\/botschafter-menschenrechte.de\/wp-content\/uploads\/2022\/08\/csm_Frauke_Seidensticker_c_F._Seidensticker_S._Pietschman_5bdf72f271.jpg 480w, https:\/\/botschafter-menschenrechte.de\/wp-content\/uploads\/2022\/08\/csm_Frauke_Seidensticker_c_F._Seidensticker_S._Pietschman_5bdf72f271-300x200.jpg 300w\" sizes=\"auto, (max-width: 480px) 100vw, 480px\" \/><figcaption>Frauke Seidensticker\u00a9\u00a0F. Seidensticker\/S. Pietschman<\/figcaption><\/figure>\n<\/div>\n\n\n<p><strong>Frauke Seidensticker:<\/strong>&nbsp;Wir haben diese Option der R\u00e4umlichkeiten in der Zimmerstra\u00dfe als ausgesprochenen Gl\u00fccksfall empfunden. Das war nicht nur eine zentrale Lage in fu\u00dfl\u00e4ufiger Entfernung zu den f\u00fcr uns wichtigen Ministerien und dem Bundestag, sondern auch ein Ort de facto \u201eauf\u201c der Mauer. Auch hier gab es zwei Aspekte: Uns war es wichtig, weder als \u201eOst\u201c-Institution noch als \u201eWest\u201c Institution gesehen zu werden \u2013 wir sind schlie\u00dflich eine Anlaufstelle f\u00fcr alle Menschen hier im Land. Und dann lagen die R\u00e4ume auch noch direkt an dem Denkmal, das an die Erschie\u00dfung des 18-j\u00e4hrigen Maurers Peter Fechter erinnert. Er wurde beim Versuch, die Mauer zu \u00fcberklettern, aufgrund des Schie\u00dfbefehls von drei DDR-Grenzsoldaten angeschossen und ist noch am selben Tag verblutet. Eine Menschenrechtsinstitution bei so einem Gedenkort anzusiedeln \u2013 das passt schon.<\/p>\n\n\n\n<p><strong>Hei\u00dft das, dass das Institut sich auch mit NS-Unrecht und DDR-Unrecht befassen wollte?<\/strong><\/p>\n\n\n\n<p><strong>Seidensticker:<\/strong>&nbsp;Da haben Sie einen wichtigen Punkt getroffen, den wir gerade in den Aufbaujahren immer wieder erkl\u00e4ren mussten: Das Grundkonzept einer Nationalen Menschenrechtsinstitution ist eben gerade nicht die Aufarbeitung von Unrecht, das in fr\u00fcheren Jahren im Lande geschehen ist, sondern die Bearbeitung aktueller Menschenrechtsthemen in Deutschland und die Pr\u00e4vention von Menschenrechtsverletzungen. Mit der Aufarbeitung des NS-Unrechts und den Menschenrechtsverletzungen durch die DDR gibt es in Deutschland viel zu tun. Daf\u00fcr sind aber andere Einrichtungen zust\u00e4ndig \u2013 das w\u00e4re auch mit den anf\u00e4nglich zehn Stellen auch gar nicht zu leisten gewesen. Dennoch hat das Institut von Anfang an seine Arbeit auch im Lichte von Erinnerungskultur betrieben und aktive Verbindungen zu den entsprechenden Einrichtungen aufgebaut.<\/p>\n\n\n\n<p><strong>Die Mauer ist Symbol f\u00fcr das Trennende schlechthin. Sie steht f\u00fcr Grenzen, f\u00fcr Macht und f\u00fcr Herrschaft. Eine Mauer sagt deutlich: Hier geht&#8217;s nicht weiter. Kann es mit Mauern in der Welt \u00fcberhaupt weitergehen?<\/strong><\/p>\n\n\n\n<p><strong>Seidensticker:<\/strong>&nbsp;Am 9. November 1989 fiel die Berliner Mauer \u2013 weil sich Menschen in der DDR mit enormer Zivilcourage und gewaltfrei f\u00fcr Menschenrechte eingesetzt haben. Gerade angesichts dieser gl\u00fccklichen Entwicklung bei uns lese ich immer wieder fassungslos von Mauerprojekten rund um den Erdball \u2013 wir sprechen von USA\/Mexiko, vom Westjordanland, lebensgef\u00e4hrlichen Grenzanlagen um die spanischen Exklaven im marokkanischen Norden, von langen Mauerstreifen an der indischen Grenze, um nur einige zu nennen. Menschlichkeit sieht anders aus. Wir m\u00fcssen gemeinsam um menschlichere L\u00f6sungen ringen. F\u00fcr mich bieten die Menschenrechte da nach wie vor einen Orientierungsrahmen, der die richtigen Werte nach vorne schiebt.&nbsp;&nbsp;&nbsp;&nbsp;&nbsp;&nbsp;&nbsp;&nbsp;&nbsp;&nbsp;&nbsp;&nbsp;&nbsp;&nbsp;&nbsp;&nbsp;&nbsp;&nbsp;&nbsp;&nbsp;&nbsp;&nbsp;&nbsp;&nbsp;&nbsp;&nbsp;<\/p>\n\n\n\n<p>(B. Hildebrand)<\/p>\n\n\n\n<p>Zum <a href=\"https:\/\/www.institut-fuer-menschenrechte.de\/aktuelles\/detail\/menschlichkeit-sieht-anders-aus\" target=\"_blank\" rel=\"noreferrer noopener\">Original-Artikel<\/a> von Deutsches Institut f\u00fcr Menschenrechte<\/p>\n","protected":false},"excerpt":{"rendered":"<p>&#8222;Menschlichkeit sieht anders aus&#8220; 17.08.2022&nbsp;\u00b7&nbsp;Meldung Am 17. August 1962 wurde der 18-j\u00e4hrige Peter Fechter bei seinem Fluchtversuch in der Zimmerstra\u00dfe, in der N\u00e4he des Checkpoint Charlie, von DDR-Grenzsoldaten in den R\u00fccken geschossen. Schwer verwundet und bewegungsunf\u00e4hig liegt Peter Fechter eine Stunde auf DDR-Gebiet an der Berliner Mauer, ohne dass Soldaten einschreiten. Er verblutet. Frauke Seidensticker, [&hellip;]<\/p>\n","protected":false},"author":1,"featured_media":2532,"comment_status":"open","ping_status":"open","sticky":false,"template":"","format":"standard","meta":{"footnotes":""},"categories":[21],"tags":[],"class_list":["post-2531","post","type-post","status-publish","format-standard","has-post-thumbnail","hentry","category-menschenrechte"],"_links":{"self":[{"href":"https:\/\/botschafter-menschenrechte.de\/index.php?rest_route=\/wp\/v2\/posts\/2531","targetHints":{"allow":["GET"]}}],"collection":[{"href":"https:\/\/botschafter-menschenrechte.de\/index.php?rest_route=\/wp\/v2\/posts"}],"about":[{"href":"https:\/\/botschafter-menschenrechte.de\/index.php?rest_route=\/wp\/v2\/types\/post"}],"author":[{"embeddable":true,"href":"https:\/\/botschafter-menschenrechte.de\/index.php?rest_route=\/wp\/v2\/users\/1"}],"replies":[{"embeddable":true,"href":"https:\/\/botschafter-menschenrechte.de\/index.php?rest_route=%2Fwp%2Fv2%2Fcomments&post=2531"}],"version-history":[{"count":1,"href":"https:\/\/botschafter-menschenrechte.de\/index.php?rest_route=\/wp\/v2\/posts\/2531\/revisions"}],"predecessor-version":[{"id":2533,"href":"https:\/\/botschafter-menschenrechte.de\/index.php?rest_route=\/wp\/v2\/posts\/2531\/revisions\/2533"}],"wp:featuredmedia":[{"embeddable":true,"href":"https:\/\/botschafter-menschenrechte.de\/index.php?rest_route=\/wp\/v2\/media\/2532"}],"wp:attachment":[{"href":"https:\/\/botschafter-menschenrechte.de\/index.php?rest_route=%2Fwp%2Fv2%2Fmedia&parent=2531"}],"wp:term":[{"taxonomy":"category","embeddable":true,"href":"https:\/\/botschafter-menschenrechte.de\/index.php?rest_route=%2Fwp%2Fv2%2Fcategories&post=2531"},{"taxonomy":"post_tag","embeddable":true,"href":"https:\/\/botschafter-menschenrechte.de\/index.php?rest_route=%2Fwp%2Fv2%2Ftags&post=2531"}],"curies":[{"name":"wp","href":"https:\/\/api.w.org\/{rel}","templated":true}]}}