{"id":2534,"date":"2022-08-20T07:15:05","date_gmt":"2022-08-20T07:15:05","guid":{"rendered":"http:\/\/botschafter-menschenrechte.de\/?p=2534"},"modified":"2022-08-20T07:15:05","modified_gmt":"2022-08-20T07:15:05","slug":"wie-versorgt-unsere-familie-auf-kuba-unseren-papa-im-gefaengnis-eigentlich","status":"publish","type":"post","link":"https:\/\/botschafter-menschenrechte.de\/?p=2534","title":{"rendered":"Wie versorgt unsere Familie auf Kuba unseren Papa im Gef\u00e4ngnis eigentlich?"},"content":{"rendered":"\n<h2 class=\"wp-block-heading\">Wie versorgt unsere Familie auf Kuba unseren Papa im Gef\u00e4ngnis eigentlich?<\/h2>\n\n\n\n<p>So schaut ein Sack aus, den unsere Familie f\u00fcr Papa, Luis Fr\u00f3meta Compte, packt. Dieser ist dann gef\u00fcllt mit all den Lebensmitteln, welche die Familie auftreiben bzw. besser gesagt \u201efinden\u201c konnte. Denn es gibt NIX zu kaufen in den Gesch\u00e4ften. Manchmal ist da frisches weiches Brot dabei, Kekse, einige S\u00fc\u00dfigkeiten. Unsere Familie versorgt Papa immer mit ganz vielen verschiedenen frisch gekochten Essen, denn er bekommt in Gef\u00e4ngnis keine ausgewogene Nahrung. Als ich auf Kuba war (und jetzt meine Schwester), haben wir den Sack zus\u00e4tzlich mit Notizbl\u00f6cken und Stiften, B\u00fcchern (er interessiert sich sehr f\u00fcr die deutsche Geschichte), Dominospiel, Ohrst\u00f6pseln, Schlafmaske, Kuscheltier, Shampoos, Cremes, Mundschutz, und so weiter.. gef\u00fcllt. Es sind nur Kleinigkeiten, aber in so einer schrecklichen Situation sind diese Dinge Gold wert.<\/p>\n\n\n\n<p>Von Janie Frometa Compte<\/p>\n\n\n\n<p><\/p>\n\n\n\n<figure class=\"wp-block-image size-large\"><img loading=\"lazy\" decoding=\"async\" width=\"819\" height=\"1024\" src=\"http:\/\/botschafter-menschenrechte.de\/wp-content\/uploads\/2022\/08\/thumbnail-1-819x1024.jpeg\" alt=\"\" class=\"wp-image-2537\" srcset=\"https:\/\/botschafter-menschenrechte.de\/wp-content\/uploads\/2022\/08\/thumbnail-1-819x1024.jpeg 819w, https:\/\/botschafter-menschenrechte.de\/wp-content\/uploads\/2022\/08\/thumbnail-1-240x300.jpeg 240w, https:\/\/botschafter-menschenrechte.de\/wp-content\/uploads\/2022\/08\/thumbnail-1-768x960.jpeg 768w, https:\/\/botschafter-menschenrechte.de\/wp-content\/uploads\/2022\/08\/thumbnail-1.jpeg 1024w\" sizes=\"auto, (max-width: 819px) 100vw, 819px\" \/><\/figure>\n","protected":false},"excerpt":{"rendered":"<p>Wie versorgt unsere Familie auf Kuba unseren Papa im Gef\u00e4ngnis eigentlich? So schaut ein Sack aus, den unsere Familie f\u00fcr Papa, Luis Fr\u00f3meta Compte, packt. Dieser ist dann gef\u00fcllt mit all den Lebensmitteln, welche die Familie auftreiben bzw. besser gesagt \u201efinden\u201c konnte. Denn es gibt NIX zu kaufen in den Gesch\u00e4ften. Manchmal ist da frisches [&hellip;]<\/p>\n","protected":false},"author":1,"featured_media":2535,"comment_status":"open","ping_status":"open","sticky":false,"template":"","format":"standard","meta":{"footnotes":""},"categories":[17],"tags":[],"class_list":["post-2534","post","type-post","status-publish","format-standard","has-post-thumbnail","hentry","category-kuba"],"_links":{"self":[{"href":"https:\/\/botschafter-menschenrechte.de\/index.php?rest_route=\/wp\/v2\/posts\/2534","targetHints":{"allow":["GET"]}}],"collection":[{"href":"https:\/\/botschafter-menschenrechte.de\/index.php?rest_route=\/wp\/v2\/posts"}],"about":[{"href":"https:\/\/botschafter-menschenrechte.de\/index.php?rest_route=\/wp\/v2\/types\/post"}],"author":[{"embeddable":true,"href":"https:\/\/botschafter-menschenrechte.de\/index.php?rest_route=\/wp\/v2\/users\/1"}],"replies":[{"embeddable":true,"href":"https:\/\/botschafter-menschenrechte.de\/index.php?rest_route=%2Fwp%2Fv2%2Fcomments&post=2534"}],"version-history":[{"count":2,"href":"https:\/\/botschafter-menschenrechte.de\/index.php?rest_route=\/wp\/v2\/posts\/2534\/revisions"}],"predecessor-version":[{"id":2538,"href":"https:\/\/botschafter-menschenrechte.de\/index.php?rest_route=\/wp\/v2\/posts\/2534\/revisions\/2538"}],"wp:featuredmedia":[{"embeddable":true,"href":"https:\/\/botschafter-menschenrechte.de\/index.php?rest_route=\/wp\/v2\/media\/2535"}],"wp:attachment":[{"href":"https:\/\/botschafter-menschenrechte.de\/index.php?rest_route=%2Fwp%2Fv2%2Fmedia&parent=2534"}],"wp:term":[{"taxonomy":"category","embeddable":true,"href":"https:\/\/botschafter-menschenrechte.de\/index.php?rest_route=%2Fwp%2Fv2%2Fcategories&post=2534"},{"taxonomy":"post_tag","embeddable":true,"href":"https:\/\/botschafter-menschenrechte.de\/index.php?rest_route=%2Fwp%2Fv2%2Ftags&post=2534"}],"curies":[{"name":"wp","href":"https:\/\/api.w.org\/{rel}","templated":true}]}}