{"id":2552,"date":"2022-09-02T09:25:43","date_gmt":"2022-09-02T09:25:43","guid":{"rendered":"http:\/\/botschafter-menschenrechte.de\/?p=2552"},"modified":"2022-09-02T09:26:12","modified_gmt":"2022-09-02T09:26:12","slug":"propagandist-der-revolution-und-geschichtsfaelscher","status":"publish","type":"post","link":"https:\/\/botschafter-menschenrechte.de\/?p=2552","title":{"rendered":"Propagandist der \u201eRevolution\u201c und Geschichtsf\u00e4lscher \u00a0"},"content":{"rendered":"\n<h2 class=\"wp-block-heading\"><strong>Propagandist der \u201eRevolution\u201c und Geschichtsf\u00e4lscher \u00a0<\/strong><\/h2>\n\n\n\n<p>Camilo Guevara March ist am 30. August 2022 im Alter von sechzig Jahren an einem Herzinfarkt w\u00e4hrend einer Reise nach Venezuela gestorben. Camilo, der Sohn von Che Guevara, k\u00e4mpfte daf\u00fcr, dass das Andenken seines umstrittenen Vaters erhalten blieb und dass man sich weltweit an ihn erinnert. Er war das dritte Kind des Revolution\u00e4rs und dessen Frau. Der kubanische Diktator Miguel D\u00edaz-Canel teilte bei Twitter mit, es sei schmerzhaft, Abschied vom j\u00fcngeren Guevara zu nehmen.<\/p>\n\n\n\n<p>Guevara March hatte gemeinsam mit seiner Mutter Aleida March im kubanischen Havanna ein \u201eForschungszentrum\u201c zu seinem Vater geleitet. Jetzt verstarb der Sohn des Revolutionsf\u00fchrers bei einem Besuch in Venezuela an einer Lungenthrombose, berichten kubanische Medien.<\/p>\n\n\n\n<p>Sein Vater, Che Guevara, bezeichnete sich als Marxist und war einer der wichtigsten Anf\u00fchrer der kubanischen Revolution. Er wurde 1928 in Argentinien geboren und nahm schon in jungen Jahren an politischen Demonstrationen teil. Er reiste mit dem Motorrad durch Lateinamerika, was 2004 in dem Film \u201eMotorcycle Diaries\u201c des brasilianischen Regisseurs Walter Salles festgehalten wurde. Nach seinem Abschluss in Medizin lernte er 1955 die Br\u00fcder Fidel und Ra\u00fal Castro kennen. Gemeinsam k\u00e4mpften sie gegen den Autokraten Fulgencio Batista und halfen beim Aufbau des kommunistischen Regimes in Kuba.<\/p>\n\n\n\n<p>Che Guevara ist verantwortlich f\u00fcr zahlreiche brutale Menschenrechtsverletzungen, darunter auch Exekutionen von Menschen, die Castro Gegner nicht verraten wollten oder selbst dem Kommunismus und der kubanischen Diktatur von Fidel Castro kritisch sahen. Als Ikone der sozialistischen Bewegung wird er von der linken Bewegung v\u00f6llig zu Unrecht als sogenannter \u201eBefreier der Unterdr\u00fcckten\u201c verehrt. Auf Kuba war er kurze Zeit erfolglos als Minister unter Castro t\u00e4tig. Er konnte auf der Karibikinsel nicht bleiben, da dort Castro die alleinige F\u00fchrerschaft beanspruchte. Er entschied sich gewaltsam die marxistische Revolution in lateinamerikanischen Staaten zu verbreiten. Ohne hinreichenden R\u00fcckhalt in der lokalen Bev\u00f6lkerung aber wird seine Einheit im Herbst 1967 von den bolivianischen Regierungstruppen immer mehr in die Enge getrieben. Am 8. Oktober wurde Che Guevara verletzt gefangen genommen, am Tag darauf stirbt er. Zun\u00e4chst hei\u00dft es, er sei seinen Verletzungen erlegen, doch eine Autopsie bewies, dass er erschossen wurde \u2013 wohl auf Befehl des bolivianischen Pr\u00e4sidenten. Che Guevara war ein vielfacher M\u00f6rder. Sein Kampf in Lateinamerika war l\u00e4ngst gescheitert aber er wollte ihn nicht beenden. Ihn, so wie dies Camilo tat, als sozialromantischen Helden zu verkl\u00e4ren, ist unredlich und gef\u00e4hrlich.<\/p>\n\n\n\n<figure class=\"wp-block-image size-full\"><img loading=\"lazy\" decoding=\"async\" width=\"906\" height=\"436\" src=\"http:\/\/botschafter-menschenrechte.de\/wp-content\/uploads\/2022\/09\/image.png\" alt=\"\" class=\"wp-image-2553\" srcset=\"https:\/\/botschafter-menschenrechte.de\/wp-content\/uploads\/2022\/09\/image.png 906w, https:\/\/botschafter-menschenrechte.de\/wp-content\/uploads\/2022\/09\/image-300x144.png 300w, https:\/\/botschafter-menschenrechte.de\/wp-content\/uploads\/2022\/09\/image-768x370.png 768w\" sizes=\"auto, (max-width: 906px) 100vw, 906px\" \/><figcaption>Camilo Guevara, starb im Alter von 60 Jahren.<br>Foto: Reprodu\u00e7\u00e3o\/Twitter<\/figcaption><\/figure>\n\n\n\n<p><em>Ulrich Legdener<\/em><\/p>\n","protected":false},"excerpt":{"rendered":"<p>Propagandist der \u201eRevolution\u201c und Geschichtsf\u00e4lscher \u00a0 Camilo Guevara March ist am 30. August 2022 im Alter von sechzig Jahren an einem Herzinfarkt w\u00e4hrend einer Reise nach Venezuela gestorben. Camilo, der Sohn von Che Guevara, k\u00e4mpfte daf\u00fcr, dass das Andenken seines umstrittenen Vaters erhalten blieb und dass man sich weltweit an ihn erinnert. Er war das [&hellip;]<\/p>\n","protected":false},"author":1,"featured_media":2553,"comment_status":"open","ping_status":"open","sticky":false,"template":"","format":"standard","meta":{"footnotes":""},"categories":[17],"tags":[],"class_list":["post-2552","post","type-post","status-publish","format-standard","has-post-thumbnail","hentry","category-kuba"],"_links":{"self":[{"href":"https:\/\/botschafter-menschenrechte.de\/index.php?rest_route=\/wp\/v2\/posts\/2552","targetHints":{"allow":["GET"]}}],"collection":[{"href":"https:\/\/botschafter-menschenrechte.de\/index.php?rest_route=\/wp\/v2\/posts"}],"about":[{"href":"https:\/\/botschafter-menschenrechte.de\/index.php?rest_route=\/wp\/v2\/types\/post"}],"author":[{"embeddable":true,"href":"https:\/\/botschafter-menschenrechte.de\/index.php?rest_route=\/wp\/v2\/users\/1"}],"replies":[{"embeddable":true,"href":"https:\/\/botschafter-menschenrechte.de\/index.php?rest_route=%2Fwp%2Fv2%2Fcomments&post=2552"}],"version-history":[{"count":2,"href":"https:\/\/botschafter-menschenrechte.de\/index.php?rest_route=\/wp\/v2\/posts\/2552\/revisions"}],"predecessor-version":[{"id":2555,"href":"https:\/\/botschafter-menschenrechte.de\/index.php?rest_route=\/wp\/v2\/posts\/2552\/revisions\/2555"}],"wp:featuredmedia":[{"embeddable":true,"href":"https:\/\/botschafter-menschenrechte.de\/index.php?rest_route=\/wp\/v2\/media\/2553"}],"wp:attachment":[{"href":"https:\/\/botschafter-menschenrechte.de\/index.php?rest_route=%2Fwp%2Fv2%2Fmedia&parent=2552"}],"wp:term":[{"taxonomy":"category","embeddable":true,"href":"https:\/\/botschafter-menschenrechte.de\/index.php?rest_route=%2Fwp%2Fv2%2Fcategories&post=2552"},{"taxonomy":"post_tag","embeddable":true,"href":"https:\/\/botschafter-menschenrechte.de\/index.php?rest_route=%2Fwp%2Fv2%2Ftags&post=2552"}],"curies":[{"name":"wp","href":"https:\/\/api.w.org\/{rel}","templated":true}]}}