{"id":2562,"date":"2022-11-14T10:34:24","date_gmt":"2022-11-14T10:34:24","guid":{"rendered":"http:\/\/botschafter-menschenrechte.de\/?p=2562"},"modified":"2022-11-14T10:34:24","modified_gmt":"2022-11-14T10:34:24","slug":"kranke-deutsch-iranische-frauenrechtlerin-nahid-taghavi-wieder-im-evin-gefaengnis","status":"publish","type":"post","link":"https:\/\/botschafter-menschenrechte.de\/?p=2562","title":{"rendered":"Kranke deutsch-iranische Frauenrechtlerin Nahid Taghavi wieder im Evin Gef\u00e4ngnis"},"content":{"rendered":"\n<h1 class=\"wp-block-heading\">Kranke deutsch-iranische Frauenrechtlerin Nahid Taghavi wieder im Evin Gef\u00e4ngnis<\/h1>\n\n\n\n<p>Die Tochter von Nahid Taghavi, Mariam Claren, berichtet:<\/p>\n\n\n\n<p>Trotz nicht abgeschlossener medizinischer Behandlung aber mit erhobenem Haupt wurde meine Mutter Nahid Taghavi am Sonntag, den 13. November 2022 gezwungen zur\u00fcck ins Evin Gef\u00e4ngnis zu gehen.<\/p>\n\n\n\n<p>Nahid Taghavi war am 19. Juli in einen dringend notwendigen medizinischen Hafturlaub entlassen worden. Obwohl mehrere Fach\u00e4rzte w\u00e4hrend dieser Zeit best\u00e4tigt haben, dass sie weiterhin medizinische Behandlungen ben\u00f6tigt, hat die forensische Gerichtsmedizin sie f\u00fcr haftf\u00e4hig erkl\u00e4rt. Die deutsche Staatsb\u00fcrgerin war zuvor am 16. Oktober 2020 verhaftet worden, verbrachte sieben Monate in Isolationshaft und wurde ohne Rechtsbeistand bis zu 1.000 Stunden vom Geheimdienst der Revolutionsgarde verh\u00f6rt. Im August 2021 wurde sie in einem schier unfairen Scheinprozess zu 10 Jahren verurteilt.<\/p>\n\n\n\n<p>Nahid Taghavi ist eine von unz\u00e4hligen politischen Gefangenen in der Islamischen Republik Iran. Seit dem Tod der Kurdin Mahsa Jina Amini in Polizeigewahrsam und der anhaltenden revolution\u00e4ren Bewegung im Iran, ist die ganze Welt Zeuge der Repressalien des menschenverachtenden Regimes. Meine Familie und ich stehen solidarisch an der Seite des iranischen Volkes.<\/p>\n\n\n\n<figure class=\"wp-block-image size-full\"><img loading=\"lazy\" decoding=\"async\" width=\"342\" height=\"490\" src=\"http:\/\/botschafter-menschenrechte.de\/wp-content\/uploads\/2022\/11\/Bild-von-iOS.jpg\" alt=\"\" class=\"wp-image-2563\" srcset=\"https:\/\/botschafter-menschenrechte.de\/wp-content\/uploads\/2022\/11\/Bild-von-iOS.jpg 342w, https:\/\/botschafter-menschenrechte.de\/wp-content\/uploads\/2022\/11\/Bild-von-iOS-209x300.jpg 209w\" sizes=\"auto, (max-width: 342px) 100vw, 342px\" \/><\/figure>\n\n\n\n<p>Frau. Leben. Freiheit.<br>#MahsaAmini<br>#FreeNahid<\/p>\n","protected":false},"excerpt":{"rendered":"<p>Kranke deutsch-iranische Frauenrechtlerin Nahid Taghavi wieder im Evin Gef\u00e4ngnis Die Tochter von Nahid Taghavi, Mariam Claren, berichtet: Trotz nicht abgeschlossener medizinischer Behandlung aber mit erhobenem Haupt wurde meine Mutter Nahid Taghavi am Sonntag, den 13. November 2022 gezwungen zur\u00fcck ins Evin Gef\u00e4ngnis zu gehen. Nahid Taghavi war am 19. Juli in einen dringend notwendigen medizinischen [&hellip;]<\/p>\n","protected":false},"author":1,"featured_media":2565,"comment_status":"open","ping_status":"open","sticky":false,"template":"","format":"standard","meta":{"footnotes":""},"categories":[16],"tags":[],"class_list":["post-2562","post","type-post","status-publish","format-standard","has-post-thumbnail","hentry","category-iran"],"_links":{"self":[{"href":"https:\/\/botschafter-menschenrechte.de\/index.php?rest_route=\/wp\/v2\/posts\/2562","targetHints":{"allow":["GET"]}}],"collection":[{"href":"https:\/\/botschafter-menschenrechte.de\/index.php?rest_route=\/wp\/v2\/posts"}],"about":[{"href":"https:\/\/botschafter-menschenrechte.de\/index.php?rest_route=\/wp\/v2\/types\/post"}],"author":[{"embeddable":true,"href":"https:\/\/botschafter-menschenrechte.de\/index.php?rest_route=\/wp\/v2\/users\/1"}],"replies":[{"embeddable":true,"href":"https:\/\/botschafter-menschenrechte.de\/index.php?rest_route=%2Fwp%2Fv2%2Fcomments&post=2562"}],"version-history":[{"count":2,"href":"https:\/\/botschafter-menschenrechte.de\/index.php?rest_route=\/wp\/v2\/posts\/2562\/revisions"}],"predecessor-version":[{"id":2566,"href":"https:\/\/botschafter-menschenrechte.de\/index.php?rest_route=\/wp\/v2\/posts\/2562\/revisions\/2566"}],"wp:featuredmedia":[{"embeddable":true,"href":"https:\/\/botschafter-menschenrechte.de\/index.php?rest_route=\/wp\/v2\/media\/2565"}],"wp:attachment":[{"href":"https:\/\/botschafter-menschenrechte.de\/index.php?rest_route=%2Fwp%2Fv2%2Fmedia&parent=2562"}],"wp:term":[{"taxonomy":"category","embeddable":true,"href":"https:\/\/botschafter-menschenrechte.de\/index.php?rest_route=%2Fwp%2Fv2%2Fcategories&post=2562"},{"taxonomy":"post_tag","embeddable":true,"href":"https:\/\/botschafter-menschenrechte.de\/index.php?rest_route=%2Fwp%2Fv2%2Ftags&post=2562"}],"curies":[{"name":"wp","href":"https:\/\/api.w.org\/{rel}","templated":true}]}}