{"id":2575,"date":"2022-11-18T12:13:35","date_gmt":"2022-11-18T12:13:35","guid":{"rendered":"http:\/\/botschafter-menschenrechte.de\/?p=2575"},"modified":"2022-11-18T12:17:29","modified_gmt":"2022-11-18T12:17:29","slug":"kuba-toedlicher-wehrdienst","status":"publish","type":"post","link":"https:\/\/botschafter-menschenrechte.de\/?p=2575","title":{"rendered":"<strong>Kuba: T\u00f6dlicher Wehrdienst<\/strong>"},"content":{"rendered":"\n<h1 class=\"wp-block-heading\"><strong>Kuba: T\u00f6dlicher Wehrdienst<\/strong><\/h1>\n\n\n\n<p>Die Medien in Deutschland sind voll mit Berichten zur offiziellen und verdeckten Mobilmachung in Russland. So wie es aussieht, versuchen weiterhin zehntausende wehrf\u00e4hige Russen aus Russland zu fliehen, um nicht eingezogen zu werden. Sie wollen nicht als Kanonenfutter f\u00fcr Putins verbrecherischen Angriffskrieg benutzt werden. Aber auch andere L\u00e4nder zwingen ihre B\u00fcrger dazu Dienst an der Waffe zu leisten. Eins diese L\u00e4nder ist Kuba.<\/p>\n\n\n\n<p>Zwar d\u00fcrfte die \u00dcberlebenschance der kubanischen Wehrpflichtigen um einiges h\u00f6her liegen, als die der russischen M\u00e4nner, die jetzt an die Front geschickt werden, aber auch in Kuba kommen immer wieder Wehrpflichtige zu Tode. Das Land befindet sich nicht im Krieg, aber der Wehrdienst auf Kuba ist gef\u00e4hrlich, da es kaum Sicherheitsstandards gibt und die medizinische Versorgung katastrophal ist. So kommen bei Unf\u00e4llen, die bei \u00dcbungen passieren, immer wieder Wehrdienstleistende ums Leben.<\/p>\n\n\n\n<figure class=\"wp-block-image size-full\"><img loading=\"lazy\" decoding=\"async\" width=\"803\" height=\"602\" src=\"http:\/\/botschafter-menschenrechte.de\/wp-content\/uploads\/2022\/11\/image005-1.jpg\" alt=\"\" class=\"wp-image-2576\" srcset=\"https:\/\/botschafter-menschenrechte.de\/wp-content\/uploads\/2022\/11\/image005-1.jpg 803w, https:\/\/botschafter-menschenrechte.de\/wp-content\/uploads\/2022\/11\/image005-1-300x225.jpg 300w, https:\/\/botschafter-menschenrechte.de\/wp-content\/uploads\/2022\/11\/image005-1-768x576.jpg 768w\" sizes=\"auto, (max-width: 803px) 100vw, 803px\" \/><figcaption class=\"wp-element-caption\">Raisa Velazquez und ihr Sohn Josue<br><\/figcaption><\/figure>\n\n\n\n<p>Erst letzten August starben 14 junge M\u00e4nner, die ihren Wehrdienst bei der Feuerwehr ableisteten. Durch einen Blitzeinschlag fingen mehrere riesige \u00d6ltanks im Hafen von Matanzas Feuer. Die kubanische Feuerwehr war mit der Situation vollkommen \u00fcberfordert. Die 14 jungen M\u00e4nner, von denen keiner \u00e4lter als 20 war, wurden mit mangelnder Schutzausr\u00fcstung ins Inferno geschickt. Keiner von ihnen hatte eine \u00dcberlebenschance.<\/p>\n\n\n\n<figure class=\"wp-block-image size-full\"><img loading=\"lazy\" decoding=\"async\" width=\"803\" height=\"627\" src=\"http:\/\/botschafter-menschenrechte.de\/wp-content\/uploads\/2022\/11\/image006.jpg\" alt=\"\" class=\"wp-image-2577\" srcset=\"https:\/\/botschafter-menschenrechte.de\/wp-content\/uploads\/2022\/11\/image006.jpg 803w, https:\/\/botschafter-menschenrechte.de\/wp-content\/uploads\/2022\/11\/image006-300x234.jpg 300w, https:\/\/botschafter-menschenrechte.de\/wp-content\/uploads\/2022\/11\/image006-768x600.jpg 768w\" sizes=\"auto, (max-width: 803px) 100vw, 803px\" \/><figcaption class=\"wp-element-caption\">Trotzt der schwierigen Situation haben die Mutter und Sohn&nbsp; die typische Lebensfreude der der Kubaner noch nicht verloren.<\/figcaption><\/figure>\n\n\n\n<p>Obwohl Kuba vor der UN l\u00fcgt und behauptet der Wehrdienst w\u00e4re nicht obligatorisch, ist die Wahrheit ein andere. Es gibt keinerlei Alternative, alle jungen M\u00e4nner auf Kuba m\u00fcssen 2 Jahre lang Wehrdienst leisten. Denn obwohl Kuba bei den Linken in Deutschland Kultstatus genie\u00dft, steht hinter der coolen Fassade der Revolutionsromantik einfach nur eine f\u00fcr Lateinamerika ziemlich gew\u00f6hnliche Milit\u00e4rdiktatur. Nein, diese Milit\u00e4rdiktatur ist nicht Rechts wie sonst \u00fcblich, denn die kubanischen Gener\u00e4le tragen rote Socken und sind gut in kommunistischer Rhetorik. Das wars dann aber auch mit den Unterschieden. Denn das&nbsp; Milit\u00e4r kontrolliert in Kuba den Staat, die Gesellschaft und die Wirtschaft. Die lukrativste Wirtschaftszweige in Kuba, der Tourismus und die Auslands\u00fcberweisungen, sind in der Hand des Milit\u00e4rs. Die Olivgr\u00fcnen Uniformen der Milit\u00e4rs sind in Kuba \u00fcberall im Stra\u00dfenbild pr\u00e4sent. So ist es auf Kuba selbstverst\u00e4ndlich, dass sich das Milit\u00e4r Nachschub sichert, indem es auf einen 2 j\u00e4hrigen Wehrdienst besteht.<\/p>\n\n\n\n<p>Die meisten Kubaner f\u00fcgen sich stillschweigend der milit\u00e4rischen \u00dcbermacht. Wehrdienstverweigerer gibt es kaum, das Milit\u00e4r hat das Recht Wehrpflichtige zu Hause aufzusuchen und einfach mitzunehmen. Dennoch gibt es Widerstand. Zur zeigt schl\u00e4gt der Fall von Raisa Velazquez und ihrem Sohn Josu\u00e9 auf Kuba Wellen. Raisa und ihr Mann Nestor sind Mitglieder in der verbotenen kubanischen Oppositionspartei UNPACU. Nestor sitzt deshalb im Gef\u00e4ngnis und Raisa verlor ihren Job als Bankangestellte. Sie m\u00f6chte nicht, dass ihr Sohn Milit\u00e4rdienst leisten muss. Sie bef\u00fcrchtet, dass er schikaniert wird, weil seine Eltern Dissidenten sind. Au\u00dferdem argumentiert sie, dass wenn sie nicht f\u00fcr den Staat arbeiten darf, weil sie den Kommunismus ablehnt, dann d\u00fcrfe, dass ihr Sohn ebenso wenig tun, denn er sei auch gegen den Kommunismus. Bis jetzt hat sich Raisa erfolgreich dagegen wehren k\u00f6nnen, dass ihr Sohn eingezogen wird. Sie hat die Unterst\u00fctzung der kubanischen Onlinemedien, die \u00fcber ihren Fall berichteten. Allerdings bleibt abzuwarten, ob das kubanische Milit\u00e4r nachgeben wird. Denn das Gesetz steht in Kuba wie immer auf der Seite des Staates und des Milit\u00e4rs.<\/p>\n\n\n\n<p><em>Fernando Rivas&nbsp;<\/em><\/p>\n","protected":false},"excerpt":{"rendered":"<p>Kuba: T\u00f6dlicher Wehrdienst Die Medien in Deutschland sind voll mit Berichten zur offiziellen und verdeckten Mobilmachung in Russland. So wie es aussieht, versuchen weiterhin zehntausende wehrf\u00e4hige Russen aus Russland zu fliehen, um nicht eingezogen zu werden. Sie wollen nicht als Kanonenfutter f\u00fcr Putins verbrecherischen Angriffskrieg benutzt werden. Aber auch andere L\u00e4nder zwingen ihre B\u00fcrger dazu [&hellip;]<\/p>\n","protected":false},"author":1,"featured_media":2587,"comment_status":"open","ping_status":"open","sticky":false,"template":"","format":"standard","meta":{"footnotes":""},"categories":[17],"tags":[],"class_list":["post-2575","post","type-post","status-publish","format-standard","has-post-thumbnail","hentry","category-kuba"],"_links":{"self":[{"href":"https:\/\/botschafter-menschenrechte.de\/index.php?rest_route=\/wp\/v2\/posts\/2575","targetHints":{"allow":["GET"]}}],"collection":[{"href":"https:\/\/botschafter-menschenrechte.de\/index.php?rest_route=\/wp\/v2\/posts"}],"about":[{"href":"https:\/\/botschafter-menschenrechte.de\/index.php?rest_route=\/wp\/v2\/types\/post"}],"author":[{"embeddable":true,"href":"https:\/\/botschafter-menschenrechte.de\/index.php?rest_route=\/wp\/v2\/users\/1"}],"replies":[{"embeddable":true,"href":"https:\/\/botschafter-menschenrechte.de\/index.php?rest_route=%2Fwp%2Fv2%2Fcomments&post=2575"}],"version-history":[{"count":2,"href":"https:\/\/botschafter-menschenrechte.de\/index.php?rest_route=\/wp\/v2\/posts\/2575\/revisions"}],"predecessor-version":[{"id":2588,"href":"https:\/\/botschafter-menschenrechte.de\/index.php?rest_route=\/wp\/v2\/posts\/2575\/revisions\/2588"}],"wp:featuredmedia":[{"embeddable":true,"href":"https:\/\/botschafter-menschenrechte.de\/index.php?rest_route=\/wp\/v2\/media\/2587"}],"wp:attachment":[{"href":"https:\/\/botschafter-menschenrechte.de\/index.php?rest_route=%2Fwp%2Fv2%2Fmedia&parent=2575"}],"wp:term":[{"taxonomy":"category","embeddable":true,"href":"https:\/\/botschafter-menschenrechte.de\/index.php?rest_route=%2Fwp%2Fv2%2Fcategories&post=2575"},{"taxonomy":"post_tag","embeddable":true,"href":"https:\/\/botschafter-menschenrechte.de\/index.php?rest_route=%2Fwp%2Fv2%2Ftags&post=2575"}],"curies":[{"name":"wp","href":"https:\/\/api.w.org\/{rel}","templated":true}]}}