{"id":2589,"date":"2022-11-23T10:19:56","date_gmt":"2022-11-23T10:19:56","guid":{"rendered":"http:\/\/botschafter-menschenrechte.de\/?p=2589"},"modified":"2022-11-23T10:19:56","modified_gmt":"2022-11-23T10:19:56","slug":"was-sagen-uns-diese-bilder-aus-der-kubanischen-hauptstadt-havanna","status":"publish","type":"post","link":"https:\/\/botschafter-menschenrechte.de\/?p=2589","title":{"rendered":"Was sagen uns diese Bilder aus der kubanischen Hauptstadt Havanna?"},"content":{"rendered":"\n<h1 class=\"wp-block-heading\">Was sagen uns diese Bilder aus der kubanischen Hauptstadt Havanna?<\/h1>\n\n\n\n<p>Der Regimekritiker Juan Gonzales Alarcon erkl\u00e4rt: \u201eDas ist unser real existierender Sozialismus 2022: Wohnungsnot, Hygieneprobleme, Mangelern\u00e4hrung und fehlende Medikamente.<\/p>\n\n\n\n<figure class=\"wp-block-gallery has-nested-images columns-default is-cropped wp-block-gallery-1 is-layout-flex wp-block-gallery-is-layout-flex\">\n<figure class=\"wp-block-image size-large\"><img loading=\"lazy\" decoding=\"async\" width=\"819\" height=\"1024\" data-id=\"2592\" src=\"http:\/\/botschafter-menschenrechte.de\/wp-content\/uploads\/2022\/11\/d56e35f1-12c5-4e99-84f3-b42de7d2fec6-1-819x1024.jpg\" alt=\"\" class=\"wp-image-2592\" srcset=\"https:\/\/botschafter-menschenrechte.de\/wp-content\/uploads\/2022\/11\/d56e35f1-12c5-4e99-84f3-b42de7d2fec6-1-819x1024.jpg 819w, https:\/\/botschafter-menschenrechte.de\/wp-content\/uploads\/2022\/11\/d56e35f1-12c5-4e99-84f3-b42de7d2fec6-1-240x300.jpg 240w, https:\/\/botschafter-menschenrechte.de\/wp-content\/uploads\/2022\/11\/d56e35f1-12c5-4e99-84f3-b42de7d2fec6-1-768x961.jpg 768w, https:\/\/botschafter-menschenrechte.de\/wp-content\/uploads\/2022\/11\/d56e35f1-12c5-4e99-84f3-b42de7d2fec6-1.jpg 1144w\" sizes=\"auto, (max-width: 819px) 100vw, 819px\" \/><\/figure>\n\n\n\n<figure class=\"wp-block-image size-large\"><img loading=\"lazy\" decoding=\"async\" width=\"720\" height=\"960\" data-id=\"2591\" src=\"http:\/\/botschafter-menschenrechte.de\/wp-content\/uploads\/2022\/11\/de81e5fd-4497-4a19-96bf-0115ff662f73.jpg\" alt=\"\" class=\"wp-image-2591\" srcset=\"https:\/\/botschafter-menschenrechte.de\/wp-content\/uploads\/2022\/11\/de81e5fd-4497-4a19-96bf-0115ff662f73.jpg 720w, https:\/\/botschafter-menschenrechte.de\/wp-content\/uploads\/2022\/11\/de81e5fd-4497-4a19-96bf-0115ff662f73-225x300.jpg 225w\" sizes=\"auto, (max-width: 720px) 100vw, 720px\" \/><\/figure>\n<\/figure>\n\n\n\n<p>In diesen bauf\u00e4lligen H\u00e4usern, die lange vor&nbsp; Macht\u00fcbernahme der kubanischen Kommunisten 1958 errichtet wurden, hausen bis heute tats\u00e4chlich noch Menschen. Sie haben jeden Tag Angst, im Schlaf von herabfallendem Schutt erschlagen zu werden.<\/p>\n\n\n\n<p>Die Parteibonzen und Staatsdiener wohnen in sicheren H\u00e4usern und verf\u00fcgen \u00fcber Devisen mit denen sie sich Lebensmittel kaufen k\u00f6nnen.\u201c<\/p>\n","protected":false},"excerpt":{"rendered":"<p>Was sagen uns diese Bilder aus der kubanischen Hauptstadt Havanna? Der Regimekritiker Juan Gonzales Alarcon erkl\u00e4rt: \u201eDas ist unser real existierender Sozialismus 2022: Wohnungsnot, Hygieneprobleme, Mangelern\u00e4hrung und fehlende Medikamente. In diesen bauf\u00e4lligen H\u00e4usern, die lange vor&nbsp; Macht\u00fcbernahme der kubanischen Kommunisten 1958 errichtet wurden, hausen bis heute tats\u00e4chlich noch Menschen. Sie haben jeden Tag Angst, im [&hellip;]<\/p>\n","protected":false},"author":1,"featured_media":2591,"comment_status":"open","ping_status":"open","sticky":false,"template":"","format":"standard","meta":{"footnotes":""},"categories":[17],"tags":[59,45,116,64,32,42,57],"class_list":["post-2589","post","type-post","status-publish","format-standard","has-post-thumbnail","hentry","category-kuba","tag-cuba","tag-diktatur","tag-freiheit","tag-havanna","tag-kuba","tag-libertad","tag-menschenrechte"],"_links":{"self":[{"href":"https:\/\/botschafter-menschenrechte.de\/index.php?rest_route=\/wp\/v2\/posts\/2589","targetHints":{"allow":["GET"]}}],"collection":[{"href":"https:\/\/botschafter-menschenrechte.de\/index.php?rest_route=\/wp\/v2\/posts"}],"about":[{"href":"https:\/\/botschafter-menschenrechte.de\/index.php?rest_route=\/wp\/v2\/types\/post"}],"author":[{"embeddable":true,"href":"https:\/\/botschafter-menschenrechte.de\/index.php?rest_route=\/wp\/v2\/users\/1"}],"replies":[{"embeddable":true,"href":"https:\/\/botschafter-menschenrechte.de\/index.php?rest_route=%2Fwp%2Fv2%2Fcomments&post=2589"}],"version-history":[{"count":1,"href":"https:\/\/botschafter-menschenrechte.de\/index.php?rest_route=\/wp\/v2\/posts\/2589\/revisions"}],"predecessor-version":[{"id":2593,"href":"https:\/\/botschafter-menschenrechte.de\/index.php?rest_route=\/wp\/v2\/posts\/2589\/revisions\/2593"}],"wp:featuredmedia":[{"embeddable":true,"href":"https:\/\/botschafter-menschenrechte.de\/index.php?rest_route=\/wp\/v2\/media\/2591"}],"wp:attachment":[{"href":"https:\/\/botschafter-menschenrechte.de\/index.php?rest_route=%2Fwp%2Fv2%2Fmedia&parent=2589"}],"wp:term":[{"taxonomy":"category","embeddable":true,"href":"https:\/\/botschafter-menschenrechte.de\/index.php?rest_route=%2Fwp%2Fv2%2Fcategories&post=2589"},{"taxonomy":"post_tag","embeddable":true,"href":"https:\/\/botschafter-menschenrechte.de\/index.php?rest_route=%2Fwp%2Fv2%2Ftags&post=2589"}],"curies":[{"name":"wp","href":"https:\/\/api.w.org\/{rel}","templated":true}]}}