{"id":2718,"date":"2023-01-09T08:18:46","date_gmt":"2023-01-09T08:18:46","guid":{"rendered":"http:\/\/botschafter-menschenrechte.de\/?p=2718"},"modified":"2023-01-09T08:18:46","modified_gmt":"2023-01-09T08:18:46","slug":"maryam-blumenthal-die-iran-revolution-geht-uns-alle-etwas-an","status":"publish","type":"post","link":"https:\/\/botschafter-menschenrechte.de\/?p=2718","title":{"rendered":"Maryam Blumenthal: &#8222;Die Iran-Revolution geht uns alle etwas an&#8220;"},"content":{"rendered":"\n<h2 class=\"wp-block-heading\">Maryam Blumenthal: &#8222;Die Iran-Revolution geht uns alle etwas an&#8220;<\/h2>\n\n\n\n<p>Sendung: DAS! | 07.01.2023 | 18:45 Uhr 4 Min |<br>Als im September die Menschen im Iran f\u00fcr Freiheit und Frauenrechte auf die Stra\u00dfen gehen, kommen Maryam Blumenthal Erinnerungen hoch. Denn 1989 ist die Landesvorsitzende der Gr\u00fcnen in Hamburg als Kleinkind mit ihren Eltern aus dem Iran geflohen. Am 12. Dezember wendet sich schlie\u00dflich die &#8222;Internationale Gesellschaft f\u00fcr Menschenrecht&#8220; an sie. Es geht darum politische H\u00e4ftlinge im Iran durch Patenschaften vor dem Tod zu retten. Im Fall von dem zu Tode verurteilten Mahan hat es funktioniert, durch ihre Patenschaft und das Engagement wurde sein Hinrichtungsurteil ausgesetzt.<\/p>\n\n\n\n<figure class=\"wp-block-video\"><video height=\"720\" style=\"aspect-ratio: 1280 \/ 720;\" width=\"1280\" controls src=\"http:\/\/botschafter-menschenrechte.de\/wp-content\/uploads\/2023\/01\/Mitschnitt_BeitragNDR_small.mp4\"><\/video><figcaption class=\"wp-element-caption\">Sendung: DAS! | 07.01.2023 | 18:45 Uhr 4 Min |<br><\/figcaption><\/figure>\n","protected":false},"excerpt":{"rendered":"<p>Maryam Blumenthal: &#8222;Die Iran-Revolution geht uns alle etwas an&#8220; Sendung: DAS! | 07.01.2023 | 18:45 Uhr 4 Min |Als im September die Menschen im Iran f\u00fcr Freiheit und Frauenrechte auf die Stra\u00dfen gehen, kommen Maryam Blumenthal Erinnerungen hoch. Denn 1989 ist die Landesvorsitzende der Gr\u00fcnen in Hamburg als Kleinkind mit ihren Eltern aus dem Iran [&hellip;]<\/p>\n","protected":false},"author":1,"featured_media":2722,"comment_status":"open","ping_status":"open","sticky":false,"template":"","format":"standard","meta":{"footnotes":""},"categories":[16],"tags":[],"class_list":["post-2718","post","type-post","status-publish","format-standard","has-post-thumbnail","hentry","category-iran"],"_links":{"self":[{"href":"https:\/\/botschafter-menschenrechte.de\/index.php?rest_route=\/wp\/v2\/posts\/2718","targetHints":{"allow":["GET"]}}],"collection":[{"href":"https:\/\/botschafter-menschenrechte.de\/index.php?rest_route=\/wp\/v2\/posts"}],"about":[{"href":"https:\/\/botschafter-menschenrechte.de\/index.php?rest_route=\/wp\/v2\/types\/post"}],"author":[{"embeddable":true,"href":"https:\/\/botschafter-menschenrechte.de\/index.php?rest_route=\/wp\/v2\/users\/1"}],"replies":[{"embeddable":true,"href":"https:\/\/botschafter-menschenrechte.de\/index.php?rest_route=%2Fwp%2Fv2%2Fcomments&post=2718"}],"version-history":[{"count":1,"href":"https:\/\/botschafter-menschenrechte.de\/index.php?rest_route=\/wp\/v2\/posts\/2718\/revisions"}],"predecessor-version":[{"id":2721,"href":"https:\/\/botschafter-menschenrechte.de\/index.php?rest_route=\/wp\/v2\/posts\/2718\/revisions\/2721"}],"wp:featuredmedia":[{"embeddable":true,"href":"https:\/\/botschafter-menschenrechte.de\/index.php?rest_route=\/wp\/v2\/media\/2722"}],"wp:attachment":[{"href":"https:\/\/botschafter-menschenrechte.de\/index.php?rest_route=%2Fwp%2Fv2%2Fmedia&parent=2718"}],"wp:term":[{"taxonomy":"category","embeddable":true,"href":"https:\/\/botschafter-menschenrechte.de\/index.php?rest_route=%2Fwp%2Fv2%2Fcategories&post=2718"},{"taxonomy":"post_tag","embeddable":true,"href":"https:\/\/botschafter-menschenrechte.de\/index.php?rest_route=%2Fwp%2Fv2%2Ftags&post=2718"}],"curies":[{"name":"wp","href":"https:\/\/api.w.org\/{rel}","templated":true}]}}