{"id":2753,"date":"2023-01-25T16:47:39","date_gmt":"2023-01-25T16:47:39","guid":{"rendered":"http:\/\/botschafter-menschenrechte.de\/?p=2753"},"modified":"2023-01-25T16:47:39","modified_gmt":"2023-01-25T16:47:39","slug":"kuba-zum-sterben-zu-viel","status":"publish","type":"post","link":"https:\/\/botschafter-menschenrechte.de\/?p=2753","title":{"rendered":"<strong>Kuba: Zum Sterben zu viel \u2026<\/strong>"},"content":{"rendered":"\n<h1 class=\"wp-block-heading\"><strong>Kuba: Zum Sterben zu viel \u2026<\/strong><\/h1>\n\n\n\n<p>Viele politische Gefangene erkranken w\u00e4hrend ihrer Haft in einem kubanischen Gef\u00e4ngnis. Schuld daran sind die katastrophalen hygienischen Verh\u00e4ltnisse (Bettwanzen, Kakerlaken, fehlende und defekte Toiletten bzw. sanit\u00e4re Einrichtungen). und die notorische Mangelern\u00e4hrung. Hinzu kommt, dass die politischen Gefangenen in gro\u00dfen Gruppen in Gemeinschaftszellen zusammen sind &#8211; mit M\u00f6rdern, Gewaltt\u00e4tern, Dieben, Vergewaltigern usw. Das erzeugt psychischen Stress , innere Unruhe und Schlaflosigkeit, die k\u00f6rperliche Erkrankungen hervorrufen. Au\u00dferdem: Gerade die politischen Gefangenen werden von klassischen Hilfsarbeiten im Gef\u00e4ngnisalltag, wie zum Beispiel K\u00fcchendienst oder Reinigungsdiensten gezielt ausgeschlossen.&nbsp;<\/p>\n\n\n\n<p><strong>70 Prozent von fast nichts<\/strong><\/p>\n\n\n\n<p>Die Gefangenen erhalten schlechtes (zum Teil verdorbenes) und eint\u00f6niges, zu knapp bemessenes Essen. Neuerdings wird den Gefangenen im ber\u00fcchtigten Gef\u00e4ngnis Combinado del Este (Havanna) sogar das sowieso schon schlechte und wenige Essen auf Portionen von 70 Prozent gek\u00fcrzt. Das berichtete k\u00fcrzlich der deutsch-kubanische gefangene Luis Frometa Compte in einem Telefonat. Wilber Aguilar Bravo (der Vater des politisch Gefangenen Wagniel Aguilar Rivera, ebenso im Combinado del Este) schrieb auf seinem Facebook Account, dass sein Sohn aufgrund der gek\u00fcrzten Rationen hungern werde.&nbsp;<\/p>\n\n\n\n<p>Um einen Hungertod in gefangeneachaft abzuwenden, versuchen die Angeh\u00f6rigen der Inhaftierten Lebensmittel ins Gef\u00e4ngnis zu bringen. Dies scheitert aber oft an der Gef\u00e4ngnisverwaltung und Aufsehern oder ganz einfach daran, dass der weg zum Gef\u00e4ngnis f\u00fcr die Angeh\u00f6rigen zu weit ist oder weil sie selbst nichts zum Essen haben.<\/p>\n\n\n\n<p>Quelle Bild: eltoque.com<\/p>\n","protected":false},"excerpt":{"rendered":"<p>Kuba: Zum Sterben zu viel \u2026 Viele politische Gefangene erkranken w\u00e4hrend ihrer Haft in einem kubanischen Gef\u00e4ngnis. Schuld daran sind die katastrophalen hygienischen Verh\u00e4ltnisse (Bettwanzen, Kakerlaken, fehlende und defekte Toiletten bzw. sanit\u00e4re Einrichtungen). und die notorische Mangelern\u00e4hrung. Hinzu kommt, dass die politischen Gefangenen in gro\u00dfen Gruppen in Gemeinschaftszellen zusammen sind &#8211; mit M\u00f6rdern, Gewaltt\u00e4tern, Dieben, [&hellip;]<\/p>\n","protected":false},"author":1,"featured_media":2758,"comment_status":"open","ping_status":"open","sticky":false,"template":"","format":"standard","meta":{"footnotes":""},"categories":[17],"tags":[59,45,116,32,57,100],"class_list":["post-2753","post","type-post","status-publish","format-standard","has-post-thumbnail","hentry","category-kuba","tag-cuba","tag-diktatur","tag-freiheit","tag-kuba","tag-menschenrechte","tag-regime"],"_links":{"self":[{"href":"https:\/\/botschafter-menschenrechte.de\/index.php?rest_route=\/wp\/v2\/posts\/2753","targetHints":{"allow":["GET"]}}],"collection":[{"href":"https:\/\/botschafter-menschenrechte.de\/index.php?rest_route=\/wp\/v2\/posts"}],"about":[{"href":"https:\/\/botschafter-menschenrechte.de\/index.php?rest_route=\/wp\/v2\/types\/post"}],"author":[{"embeddable":true,"href":"https:\/\/botschafter-menschenrechte.de\/index.php?rest_route=\/wp\/v2\/users\/1"}],"replies":[{"embeddable":true,"href":"https:\/\/botschafter-menschenrechte.de\/index.php?rest_route=%2Fwp%2Fv2%2Fcomments&post=2753"}],"version-history":[{"count":2,"href":"https:\/\/botschafter-menschenrechte.de\/index.php?rest_route=\/wp\/v2\/posts\/2753\/revisions"}],"predecessor-version":[{"id":2759,"href":"https:\/\/botschafter-menschenrechte.de\/index.php?rest_route=\/wp\/v2\/posts\/2753\/revisions\/2759"}],"wp:featuredmedia":[{"embeddable":true,"href":"https:\/\/botschafter-menschenrechte.de\/index.php?rest_route=\/wp\/v2\/media\/2758"}],"wp:attachment":[{"href":"https:\/\/botschafter-menschenrechte.de\/index.php?rest_route=%2Fwp%2Fv2%2Fmedia&parent=2753"}],"wp:term":[{"taxonomy":"category","embeddable":true,"href":"https:\/\/botschafter-menschenrechte.de\/index.php?rest_route=%2Fwp%2Fv2%2Fcategories&post=2753"},{"taxonomy":"post_tag","embeddable":true,"href":"https:\/\/botschafter-menschenrechte.de\/index.php?rest_route=%2Fwp%2Fv2%2Ftags&post=2753"}],"curies":[{"name":"wp","href":"https:\/\/api.w.org\/{rel}","templated":true}]}}