{"id":2834,"date":"2023-03-21T08:01:46","date_gmt":"2023-03-21T08:01:46","guid":{"rendered":"http:\/\/botschafter-menschenrechte.de\/?p=2834"},"modified":"2023-03-21T08:01:46","modified_gmt":"2023-03-21T08:01:46","slug":"wir-wollen-neue-unterstuetzer-fuer-unsere-menschenrechtsarbeit-gewinnen","status":"publish","type":"post","link":"https:\/\/botschafter-menschenrechte.de\/?p=2834","title":{"rendered":"<strong>\u201eWir wollen neue Unterst\u00fctzer f\u00fcr unsere Menschenrechtsarbeit gewinnen!\u201c<\/strong>"},"content":{"rendered":"\n<p><strong>\u201eWir wollen neue Unterst\u00fctzer f\u00fcr unsere Menschenrechtsarbeit gewinnen!\u201c<\/strong><\/p>\n\n\n\n<p><strong>Das Radiowoche-Team sprach mit Ulrike Lessenthin. Sie ist Gr\u00fcnderin und Vorsitzende von \u201eBfM &#8211; Botschafter f\u00fcr Menschenrechte\u201c. BfM ist seit f\u00fcnf Jahren auf verschiedenen menschenrechtlichen Arbeitsfeldern als Netzwerk und eingetragener Verein aktiv.<\/strong><\/p>\n\n\n\n<p><em>Was macht eigentlich der Verein Botschafter f\u00fcr Menschenrechte?<\/em><\/p>\n\n\n\n<p><strong>Ulrike:<\/strong>\u00a0Wie der Name schon verr\u00e4t, wollen wir Botschaften f\u00fcr die Menschenrechte verbreiten. Das tun wir rein ehrenamtlich. Dabei geht es uns vor allem darum, dass \u00f6ffentlich \u00fcber Menschenrechte geredet und die Not der Opfer von schweren Menschenrechtsverletzungen bekannt gemacht wird. Wir wollen, dass mehr Menschen sich f\u00fcr die Menschenrechte interessieren.<\/p>\n\n\n\n<p><em>Weshalb engagierst Du Dich f\u00fcr Menschenrechte?<\/em><\/p>\n\n\n\n<p><strong>Ulrike:<\/strong>\u00a0F\u00fcr das Thema Menschenrechte interessiere ich mich seit langer Zeit. Mein Vater ist als Gefl\u00fcchteter aus Schlesien nach Westdeutschland gekommen, die Eltern meines Mannes sind ebenfalls ostdeutsche Gefl\u00fcchtete bzw. Vertriebene. Auch mit der DDR, den Zwangsadoptionen, Reiseverboten, verweigerter Meinungsfreiheit und dem Schie\u00dfbefehl an der Mauer habe ich mich besch\u00e4ftigt und schlie\u00dflich die Freude der Menschen in der ehemaligen DDR geteilt, als die Mauer gefallen ist und es zur deutschen Einheit kam. Da ist es logisch, dass ich mich auch heute f\u00fcr Menschenrechte einsetze.<\/p>\n\n\n\n<p><em>Was sind schwere Menschenrechtsverletzungen?<\/em><\/p>\n\n\n\n<p><strong>Ulrike:<\/strong>\u00a0Ich greife mal einige Menschenrechte heraus. Das sind die Verweigerung der Rechte auf Meinungsfreiheit, auf Leben, auf religi\u00f6se Selbstbestimmung, auf k\u00f6rperliche Unversehrtheit, auf Versammlungsfreiheit oder Reisefreiheit. Diese Rechte und weitere Menschenrechte geh\u00f6ren zu den von den Vereinten Nationen garantierten Grundrechten, sie spiegeln sich auch im deutschen Grundgesetz wieder. Das h\u00f6rt sich etwas theoretisch an, aber bei unserer Arbeit als Botschafter f\u00fcr Menschenrechte erleben wir die Not der Opfer ganz konkret.<\/p>\n\n\n<div class=\"wp-block-image\">\n<figure class=\"aligncenter size-full\"><img loading=\"lazy\" decoding=\"async\" width=\"720\" height=\"540\" src=\"http:\/\/botschafter-menschenrechte.de\/wp-content\/uploads\/2023\/03\/61d228d9-9f79-4327-b25a-f45c33e3577b.jpg\" alt=\"\" class=\"wp-image-2836\" srcset=\"https:\/\/botschafter-menschenrechte.de\/wp-content\/uploads\/2023\/03\/61d228d9-9f79-4327-b25a-f45c33e3577b.jpg 720w, https:\/\/botschafter-menschenrechte.de\/wp-content\/uploads\/2023\/03\/61d228d9-9f79-4327-b25a-f45c33e3577b-300x225.jpg 300w\" sizes=\"auto, (max-width: 720px) 100vw, 720px\" \/><figcaption class=\"wp-element-caption\">In Madrid: Ulrike Lessenthin (2. von rechts) und nach Spanien abgeschobene kubanische politische Gefangene.<\/figcaption><\/figure>\n<\/div>\n\n\n<p><em>Dann nenne doch bitte einmal konkrete Beispiele aus Eurer Arbeit!<\/em><\/p>\n\n\n\n<p><strong>Ulrike:<\/strong>&nbsp;Ich fange einmal mit Frauen aus dem Iran oder Kuba an. Auf Kuba unterst\u00fctzen wir die Damas de Blanco, \u00fcbersetzt die \u201eDamen in Wei\u00df\u201c. Diese Frauen haben sich zusammengeschlossen, um f\u00fcr die Befreiung von politischen Gefangenen einzutreten. Auf Kuba sind uns derzeit 1066 politische Gefangene bekannt. Die \u201eDamen in Wei\u00df\u201c sind als Ehefrauen, Schwestern oder T\u00f6chter von politischen Gefangenen selbst von Menschenrechtsverletzungen und Diskriminierungen betroffen.<\/p>\n\n\n\n<p>Wir helfen Ihnen, die Schicksale der Inhaftierten, die zum Beispiel Opfer von Folter und Isolation sind,\u00a0 bekannt zu machen und wir leisten humanit\u00e4re und medizinische Unterst\u00fctzung.<\/p>\n\n\n\n<p>Bei den politischen Gefangenen im Iran ist es \u00e4hnlich wie auf Kuba. Hier sind aber mehr Frauen selbst als politische Gefangene oder aus religi\u00f6sen Gr\u00fcnden inhaftiert. Schon\u00a0das Fehlen einer Kopfbedeckung kann f\u00fcr iranische Frauen zu Folter und Gef\u00e4ngnis f\u00fchren.<\/p>\n\n\n\n<p><em>Liegt der Schwerpunkt bei Frauen?<\/em><\/p>\n\n\n\n<p><strong>Ulrike:<\/strong>\u00a0Nein. Wir unterst\u00fctzen nicht nur diese Frauen, die ich gerade hervorgehoben habe. Die meisten politischen Gefangenen oder auch Glaubensgefangenen sind m\u00e4nnlich. Es ist uns immer wichtig, Einzelschicksale \u00f6ffentlich zu machen. Unabh\u00e4ngig vom Geschlecht ist das der beste Schutz f\u00fcr die Betroffenen. Gefangene, \u00fcber die niemand spricht, f\u00fcr die sich scheinbar niemand interessiert. Sie werden zuerst Opfer von Folker, sexualisierter Gewalt, Nahrungsentzug oder verweigerter medizinischer Hilfe.\u00a0Und wir informieren die Menschen in einigen Staaten direkt, welche Rechte sie haben.\u00a0<\/p>\n\n\n\n<p><em>Mit welchen Mitteln geschieht diese Arbeit?<\/em><\/p>\n\n\n\n<p><strong>Ulrike:<\/strong>\u00a0Schwerpunkte sind aktuelle Berichte in Form von Dossiers, Falldokumentationen und Ver\u00f6ffentlichungen auf unserer Webseite, die als Blog gestaltet ist. Daneben informieren wir in Facebook und auch durch gezielte Infokampagnen, die sich an Politiker und verschiedene Medien richten. Zu unserer Arbeit geh\u00f6ren aber auch Plakate, oder Aufkleber, mit denen wir auf Gefangene hinweisen.\u00a0<\/p>\n\n\n\n<p><em>Macht der Verein Botschafter f\u00fcr Menschenrechte das als geschlossene Gruppe?&nbsp;<\/em><\/p>\n\n\n\n<p><strong>Ulrike:<\/strong>&nbsp;Nein, wir wollen und k\u00f6nnen das als Ehrenamtliche nicht allein leisten. Bereits bei der Beschaffung von Informationen \u00fcber die Opfer arbeiten wir wie ein Netzwerk mit vielen Partnerinnen und Partnern aus den L\u00e4ndern. Dar\u00fcber hinaus stehen wir in Kontakt mit Personen und&nbsp; Gruppen im Exil.&nbsp;<\/p>\n\n\n\n<p><em>Findet das alles nur via eMai und Internet statt?\u00a0<\/em><\/p>\n\n\n\n<p><strong>Ulrike:<\/strong>\u00a0Das geht auch ganz pers\u00f6nlich vor Ort in Waldsolms, wenn man will. Hier kann man viel \u00fcber die Menschenrechtslage aus erster Hand erfahren. Zum Beispiel bei Gefl\u00fcchteten aus der Ost-Ukraine oder bei Menschen, die ihre Heimat in Nordafrika oder dem arabischen Raum verlassen mussten und nun in Waldsolms leben. Wir sprechen zum Beispiel mit Zeugen und Betroffenen im koptisch-orthodoxen Kloster in Waldsolms-Kr\u00f6ffelbach. Das hilft vor allem, Hintergr\u00fcnde zu verstehen und aktuelle Entwicklungen zu ber\u00fccksichtigen.<\/p>\n\n\n<div class=\"wp-block-image\">\n<figure class=\"aligncenter size-full\"><img decoding=\"async\" src=\"http:\/\/botschafter-menschenrechte.de\/wp-content\/uploads\/2023\/03\/PHOTO-2023-03-20-17-38-38.jpg\" alt=\"\" class=\"wp-image-2835\"\/><figcaption class=\"wp-element-caption\">In Havanna: Ulrike Lessenthin (rechts) mit den gerade aus der Haft entlassenen \u201eDamen in Wei\u00df\u201c Haydee Galardo Salazar und Sonia Garro.<\/figcaption><\/figure>\n<\/div>\n\n\n<p><em>Was sind die Voraussetzungen, um bei \u201eBotschafter f\u00fcr Menschenrechte\u201c mitzumachen?<\/em><\/p>\n\n\n\n<p><strong>Ulrike:<\/strong>\u00a0Wir freuen uns sehr \u00fcber Unterst\u00fctzung und Mitwirkung. Daf\u00fcr gibt es keine Vorgaben oder Voraussetzungen. Es geht immer um Hilfe f\u00fcr Opfer von Menschrechtsverletzungen. Mitgliedsbeitr\u00e4ge erheben wir nicht und jeder kann mitwirken &#8211; auch ohne Mitgliedschaft. So suchen wir zum Beispiel immer Menschen, die in Fremdsprachen \u00fcber Einzelschicksale recherchieren, Bildmaterial beschaffen oder selbst erstellen, Einzelschicksale dokumentieren, Briefe, Dokumente und Berichte \u00fcbersetzen k\u00f6nnen. Aber auch \u00fcber neue Ideen zur Hilfe von Opfern, Mitwirken bei Aktionen wie Mahnwachen, Organisieren von Videokonferenzen und \u00c4hnlichen sind wir dankbar.\u00a0<\/p>\n\n\n\n<p><em>Was sind die n\u00e4chsten Ziele von \u201eBotschafter f\u00fcr Menschenrechte\u201c?<\/em><\/p>\n\n\n\n<p><strong>Ulrike:<\/strong>\u00a0Wir wollen neue Unterst\u00fctzer f\u00fcr unsere Menschenrechtsarbeit gewinnen, noch mehr \u00d6ffentlichkeitsarbeit machen um uns auch f\u00fcr Menschen einzusetzen, die bisher nicht in unserem Fokus waren. Kreative Hilfe, auch k\u00fcnstlerische Ideen sind daf\u00fcr hochwillkommen. Zur Kontaktaufnahme reicht eine eMail an\u00a0<a href=\"mailto:info@botschafter-menschenrechte.de\">info@botschafter-menschenrechte.de<\/a>\u00a0oder eine Nachricht auf unserer Facebookseite von Botschafter f\u00fcr Menschenrechte.<\/p>\n","protected":false},"excerpt":{"rendered":"<p>\u201eWir wollen neue Unterst\u00fctzer f\u00fcr unsere Menschenrechtsarbeit gewinnen!\u201c Das Radiowoche-Team sprach mit Ulrike Lessenthin. Sie ist Gr\u00fcnderin und Vorsitzende von \u201eBfM &#8211; Botschafter f\u00fcr Menschenrechte\u201c. BfM ist seit f\u00fcnf Jahren auf verschiedenen menschenrechtlichen Arbeitsfeldern als Netzwerk und eingetragener Verein aktiv. Was macht eigentlich der Verein Botschafter f\u00fcr Menschenrechte? Ulrike:\u00a0Wie der Name schon verr\u00e4t, wollen wir [&hellip;]<\/p>\n","protected":false},"author":1,"featured_media":2835,"comment_status":"open","ping_status":"open","sticky":false,"template":"","format":"standard","meta":{"footnotes":""},"categories":[46],"tags":[],"class_list":["post-2834","post","type-post","status-publish","format-standard","has-post-thumbnail","hentry","category-nachrichten"],"_links":{"self":[{"href":"https:\/\/botschafter-menschenrechte.de\/index.php?rest_route=\/wp\/v2\/posts\/2834","targetHints":{"allow":["GET"]}}],"collection":[{"href":"https:\/\/botschafter-menschenrechte.de\/index.php?rest_route=\/wp\/v2\/posts"}],"about":[{"href":"https:\/\/botschafter-menschenrechte.de\/index.php?rest_route=\/wp\/v2\/types\/post"}],"author":[{"embeddable":true,"href":"https:\/\/botschafter-menschenrechte.de\/index.php?rest_route=\/wp\/v2\/users\/1"}],"replies":[{"embeddable":true,"href":"https:\/\/botschafter-menschenrechte.de\/index.php?rest_route=%2Fwp%2Fv2%2Fcomments&post=2834"}],"version-history":[{"count":2,"href":"https:\/\/botschafter-menschenrechte.de\/index.php?rest_route=\/wp\/v2\/posts\/2834\/revisions"}],"predecessor-version":[{"id":2838,"href":"https:\/\/botschafter-menschenrechte.de\/index.php?rest_route=\/wp\/v2\/posts\/2834\/revisions\/2838"}],"wp:featuredmedia":[{"embeddable":true,"href":"https:\/\/botschafter-menschenrechte.de\/index.php?rest_route=\/wp\/v2\/media\/2835"}],"wp:attachment":[{"href":"https:\/\/botschafter-menschenrechte.de\/index.php?rest_route=%2Fwp%2Fv2%2Fmedia&parent=2834"}],"wp:term":[{"taxonomy":"category","embeddable":true,"href":"https:\/\/botschafter-menschenrechte.de\/index.php?rest_route=%2Fwp%2Fv2%2Fcategories&post=2834"},{"taxonomy":"post_tag","embeddable":true,"href":"https:\/\/botschafter-menschenrechte.de\/index.php?rest_route=%2Fwp%2Fv2%2Ftags&post=2834"}],"curies":[{"name":"wp","href":"https:\/\/api.w.org\/{rel}","templated":true}]}}