{"id":2960,"date":"2023-05-08T12:44:12","date_gmt":"2023-05-08T12:44:12","guid":{"rendered":"http:\/\/botschafter-menschenrechte.de\/?p=2960"},"modified":"2023-05-08T12:44:12","modified_gmt":"2023-05-08T12:44:12","slug":"neue-amtszeit-fuer-un-expertin-fuer-die-rechte-aelterer","status":"publish","type":"post","link":"https:\/\/botschafter-menschenrechte.de\/?p=2960","title":{"rendered":"Neue Amtszeit f\u00fcr UN-Expertin f\u00fcr die Rechte \u00c4lterer"},"content":{"rendered":"\n<h1 class=\"wp-block-heading\">Neue Amtszeit f\u00fcr UN-Expertin f\u00fcr die Rechte \u00c4lterer<\/h1>\n\n\n\n<p><strong><time datetime=\"1683031140\">02.05.2023\u00a0<\/time><\/strong>\u00b7\u00a0Meldung<\/p>\n\n\n\n<p>Der UN-Menschenrechtsrat hat das Mandat von Claudia Mahler als Unabh\u00e4ngige Expertin f\u00fcr die Rechte \u00e4lterer Menschen um drei Jahre verl\u00e4ngert. Ihre Amtszeit begann im Mai 2020 und dauert neu bis Mai 2026. Claudia Mahler obliegt zugleich die Teamleitung \u201eRechte \u00c4lterer\u201c des Instituts.<\/p>\n\n\n\n<p>\u201eIch freue mich, dass ich mich f\u00fcr weitere drei Jahre f\u00fcr die Rechte \u00c4lterer auf UN-Ebene einsetzen kann\u201c, sagt Mahler. \u201eDie Verl\u00e4ngerung des Mandats zeigt, dass die UN-Staaten weiteren Handlungsbedarf sehen, \u00e4ltere Menschen im Menschenrechtsschutz sichtbarer zu machen und auf die Verletzung ihrer Rechte und die Regelungsl\u00fccken im Menschenrechtsschutzsystem aufmerksam machen wollen.\u201c<\/p>\n\n\n\n<p>In ihrer ersten Amtszeit als Unabh\u00e4ngige Expertin legte Mahler einen Schwerpunkt auf das Thema Alterdiskriminierung und Ageism. \u201eAgeism ist ein gesellschaftliche Problem, das nicht in ausreichendem Ma\u00df wahrgenommen wird. Es f\u00fchrt dazu, dass Menschen im h\u00f6heren Alter mit vielen negativen Vorurteilen konfrontiert sind, weil das h\u00f6here Lebensalter als weniger wertvoll angesehen wird als j\u00fcngeres Alter\u201c, erl\u00e4utert Mahler. Wie schnell die Gleichwertigkeit von \u00e4lteren und j\u00fcngeren Menschenleben hinterfragt werde, habe nicht zuletzt die Corona-Pandemie vor Augen gef\u00fchrt. Die kommenden drei Jahre will die UN-Expertin verst\u00e4rkt nutzen, um die Rechte \u00c4lterer im internationalen Menschenrechtschutz prominenter zu verankern. \u201eIch hoffe, in diesem Zusammenhang zur Entwicklung einer UN-Altenrechtskonvention beitragen zu k\u00f6nnen.\u201c Es w\u00e4re sch\u00f6n, so Mahler, zum Ende des Mandats eine Konvention f\u00fcr die Rechte von \u00e4lteren Menschen vorzustellen.<\/p>\n\n\n<div class=\"wp-block-image\">\n<figure class=\"aligncenter size-full\"><img decoding=\"async\" src=\"http:\/\/botschafter-menschenrechte.de\/wp-content\/uploads\/2023\/05\/csm_Claudia_Mahler_Pressefoto_c_DIMR_Illing_f0709f39df.webp\" alt=\"\" class=\"wp-image-2961\"\/><figcaption class=\"wp-element-caption\">\u201eIch hoffe, zur Entwicklung einer UN-Altenrechtskonvention beitragen zu k\u00f6nnen.\u201c\u00a0\u00a9\u00a0DIMR\/A. lling<\/figcaption><\/figure>\n<\/div>\n\n\n<p>Zum <a rel=\"noreferrer noopener\" href=\"https:\/\/www.institut-fuer-menschenrechte.de\/aktuelles\/detail\/neue-amtszeit-fuer-un-expertin-fuer-die-rechte-aelterer\" target=\"_blank\">Original-Beitrag<\/a> von <a href=\"https:\/\/www.institut-fuer-menschenrechte.de\/\" target=\"_blank\" rel=\"noreferrer noopener\">Deutsches Institut f\u00fcr Menschenrechte<\/a><\/p>\n","protected":false},"excerpt":{"rendered":"<p>Neue Amtszeit f\u00fcr UN-Expertin f\u00fcr die Rechte \u00c4lterer 02.05.2023\u00a0\u00b7\u00a0Meldung Der UN-Menschenrechtsrat hat das Mandat von Claudia Mahler als Unabh\u00e4ngige Expertin f\u00fcr die Rechte \u00e4lterer Menschen um drei Jahre verl\u00e4ngert. Ihre Amtszeit begann im Mai 2020 und dauert neu bis Mai 2026. Claudia Mahler obliegt zugleich die Teamleitung \u201eRechte \u00c4lterer\u201c des Instituts. \u201eIch freue mich, dass [&hellip;]<\/p>\n","protected":false},"author":1,"featured_media":2961,"comment_status":"open","ping_status":"open","sticky":false,"template":"","format":"standard","meta":{"footnotes":""},"categories":[46],"tags":[],"class_list":["post-2960","post","type-post","status-publish","format-standard","has-post-thumbnail","hentry","category-nachrichten"],"_links":{"self":[{"href":"https:\/\/botschafter-menschenrechte.de\/index.php?rest_route=\/wp\/v2\/posts\/2960","targetHints":{"allow":["GET"]}}],"collection":[{"href":"https:\/\/botschafter-menschenrechte.de\/index.php?rest_route=\/wp\/v2\/posts"}],"about":[{"href":"https:\/\/botschafter-menschenrechte.de\/index.php?rest_route=\/wp\/v2\/types\/post"}],"author":[{"embeddable":true,"href":"https:\/\/botschafter-menschenrechte.de\/index.php?rest_route=\/wp\/v2\/users\/1"}],"replies":[{"embeddable":true,"href":"https:\/\/botschafter-menschenrechte.de\/index.php?rest_route=%2Fwp%2Fv2%2Fcomments&post=2960"}],"version-history":[{"count":1,"href":"https:\/\/botschafter-menschenrechte.de\/index.php?rest_route=\/wp\/v2\/posts\/2960\/revisions"}],"predecessor-version":[{"id":2962,"href":"https:\/\/botschafter-menschenrechte.de\/index.php?rest_route=\/wp\/v2\/posts\/2960\/revisions\/2962"}],"wp:featuredmedia":[{"embeddable":true,"href":"https:\/\/botschafter-menschenrechte.de\/index.php?rest_route=\/wp\/v2\/media\/2961"}],"wp:attachment":[{"href":"https:\/\/botschafter-menschenrechte.de\/index.php?rest_route=%2Fwp%2Fv2%2Fmedia&parent=2960"}],"wp:term":[{"taxonomy":"category","embeddable":true,"href":"https:\/\/botschafter-menschenrechte.de\/index.php?rest_route=%2Fwp%2Fv2%2Fcategories&post=2960"},{"taxonomy":"post_tag","embeddable":true,"href":"https:\/\/botschafter-menschenrechte.de\/index.php?rest_route=%2Fwp%2Fv2%2Ftags&post=2960"}],"curies":[{"name":"wp","href":"https:\/\/api.w.org\/{rel}","templated":true}]}}