{"id":2964,"date":"2023-05-10T15:20:04","date_gmt":"2023-05-10T15:20:04","guid":{"rendered":"http:\/\/botschafter-menschenrechte.de\/?p=2964"},"modified":"2023-05-10T15:20:04","modified_gmt":"2023-05-10T15:20:04","slug":"zwei-jahre-nach-dem-11j-fuer-eine-zukunft-in-freiheit","status":"publish","type":"post","link":"https:\/\/botschafter-menschenrechte.de\/?p=2964","title":{"rendered":"Zwei Jahre nach dem \u201e11J\u201c: \u00a0F\u00fcr eine Zukunft in Freiheit!"},"content":{"rendered":"\n<h1 class=\"wp-block-heading\"><strong>Zwei Jahre nach dem \u201e11J\u201c: <\/strong><br><strong>F\u00fcr eine Zukunft in Freiheit!<\/strong><\/h1>\n\n\n\n<p><strong>BfM unterst\u00fctzt Aktionstag f\u00fcr Menschenrechte in Kuba<\/strong><\/p>\n\n\n\n<p><strong>Am 11. Juli 2023 j\u00e4hren sich die Massenproteste des kubanischen Volkes gegen die kommunistische Regierung Kubas zum zweiten Mal. Aus diesem Grund will die Vereinigung Kubanischer B\u00fcrger in Deutschland f\u00fcr Demokratie und Menschenrechte: MenschenDeCuba e.V. die Entschlossenheit und den Mut hunderttausender B\u00fcrger in seinem Kampf f\u00fcr die Achtung der Menschenrechte mit einem Aktionstag am 11. Juli 2023 in M\u00fcnchen erinnern. Botschafter f\u00fcr Menschenrechte (BfM) unterst\u00fctzt diese Initiative.<\/strong><\/p>\n\n\n\n<p>Die Demonstration f\u00fcr Menschenrechte auf Kuba am M\u00fcnchner Marienplatz ist der Auftakt. Damit wollen die Aktivisten den Mut der kubanischen B\u00fcrger w\u00fcrdigen, die bis zum heutigen Tag mit anhaltender Beharrlichkeit und angesichts der brutalen Unterdr\u00fcckungsma\u00dfnahmen nach diesen historischen Ereignissen, weiterhin die Hoffnung f\u00fcr den Wandel Kubas in Richtung Demokratie und Rechtstaatlichkeit aufrechterhalten.&nbsp;<\/p>\n\n\n\n<p>Wir erinnern: Am 11. Juli 2021 gingen Hundertausende kubanische B\u00fcrger friedlich auf die Stra\u00dfe, um ihre Unzufriedenheit \u00fcber die Waren- und Nahrungsmittelknappheit, \u00fcber das Missmanagement der kommunistischen Regierung in Bezug auf Covid-19 und Energieerzeugung sowie aufgrund eines durchgehenden Mangels an Grundrechten. Der Ruf nach Vaterland, Leben und Freiheit drang an diesen Tagen bis in die entlegensten Orte Kubas. Bei den Protesten gab es einen Toten, Dutzende von Verletzten und rund 1 480 Festnahmen, von denen mehr als 700 Menschen weiterhin in Haft sind. F\u00fcr viele Menschen auf der ganzen Welt gab es am 11. Juli 2021 Stunden des Jubels, der Hoffnung, des Weinens, und schlie\u00dflich Ohnmacht, als mit der beispiellosen \u201eKampfanordnung\u201c des kommunistischen Parteivorsitzenden und Pr\u00e4sident Kubas gegen das eigene Volk, die Proteste mit brutaler Gewaltanwendung, Willk\u00fcr und Repression j\u00e4h zur\u00fcckgedr\u00e4ngt wurden.&nbsp;<\/p>\n\n\n\n<p><strong>Podiumsdiskussion<\/strong><\/p>\n\n\n\n<p>Mit einer anschlie\u00dfenden Podiumsdiskussion werden ebenfalls am Abend des 11. Juli 2023 die Ereignisse und deren Auswirkungen zwei Jahre danach analysiert. Mit der Veranstaltung \u201eKuba zwei Jahre nach dem 11J\u201c wollen sich Vereinsmitglieder, Zeitzeugen, ehemalige Gefangenen sowie Familienmitglieder von noch in Kuba inhaftierten Menschen an die turbulenten Tage um dem 11. Juli 2021 erinnern sowie den Blick in die Zukunft Kubas richten. Dabei wollen die Vereinsmitglieder, unter anderem, an das Schicksal von Luis Fr\u00f3meta Comte, Deutsch-Kubaner, sowie Andy Garcia Lorenzo, aufmerksam machen sowie an das Leid von \u00fcber tausend politischen Gefangenen -viele von ihnen minderj\u00e4hrig- , die noch unter widrigsten Bedingungen in kubanischen Gef\u00e4ngnissen inhaftiert sind erinnern. Auch das sowie die Verfolgung und Entbehrungen der Angeh\u00f6rigen von den Gefangenen wollen wir mit den Veranstaltungen der breiten \u00d6ffentlichkeit in Deutschland sichtbar machen. Die Veranstaltungen sollen ebenfalls an Licht der \u00f6ffentlichen Meinung bringen, unter welche unertr\u00e4glichen Lebensbedingungen, aufgrund von Fehlplanungen und ideologischer Starrsinn der kommunistischen Regierung Kubas, die Mehrheit der Menschen in Kuba derzeit \u00fcberleben muss.&nbsp;<\/p>\n\n\n\n<p>Termine&nbsp;<\/p>\n\n\n\n<p><strong>Demonstration:<\/strong>&nbsp;\u201eDemo f\u00fcr Menschenrechte in Kuba\u201c Wann: 11. 07. 2023 von 16:30 bis 18:30 Uhr. Wo: Marienplatz in 80331 M\u00fcnchen&nbsp;<\/p>\n\n\n\n<p><strong>Podiumsdiskussion:<\/strong>\u00a0\u201eKuba, zwei Jahre nach dem 11J\u201c Wann: 11. 07. 2023 von 19:00 bis 21:00 Uhr. <br>Wo: Teamtheater-Salon, Am Einla\u00df 4 in 80469 M\u00fcnchen. Eintritt 5\u20ac<\/p>\n","protected":false},"excerpt":{"rendered":"<p>Zwei Jahre nach dem \u201e11J\u201c: F\u00fcr eine Zukunft in Freiheit! BfM unterst\u00fctzt Aktionstag f\u00fcr Menschenrechte in Kuba Am 11. Juli 2023 j\u00e4hren sich die Massenproteste des kubanischen Volkes gegen die kommunistische Regierung Kubas zum zweiten Mal. Aus diesem Grund will die Vereinigung Kubanischer B\u00fcrger in Deutschland f\u00fcr Demokratie und Menschenrechte: MenschenDeCuba e.V. die Entschlossenheit und [&hellip;]<\/p>\n","protected":false},"author":1,"featured_media":2965,"comment_status":"open","ping_status":"open","sticky":false,"template":"","format":"standard","meta":{"footnotes":""},"categories":[17],"tags":[],"class_list":["post-2964","post","type-post","status-publish","format-standard","has-post-thumbnail","hentry","category-kuba"],"_links":{"self":[{"href":"https:\/\/botschafter-menschenrechte.de\/index.php?rest_route=\/wp\/v2\/posts\/2964","targetHints":{"allow":["GET"]}}],"collection":[{"href":"https:\/\/botschafter-menschenrechte.de\/index.php?rest_route=\/wp\/v2\/posts"}],"about":[{"href":"https:\/\/botschafter-menschenrechte.de\/index.php?rest_route=\/wp\/v2\/types\/post"}],"author":[{"embeddable":true,"href":"https:\/\/botschafter-menschenrechte.de\/index.php?rest_route=\/wp\/v2\/users\/1"}],"replies":[{"embeddable":true,"href":"https:\/\/botschafter-menschenrechte.de\/index.php?rest_route=%2Fwp%2Fv2%2Fcomments&post=2964"}],"version-history":[{"count":3,"href":"https:\/\/botschafter-menschenrechte.de\/index.php?rest_route=\/wp\/v2\/posts\/2964\/revisions"}],"predecessor-version":[{"id":2968,"href":"https:\/\/botschafter-menschenrechte.de\/index.php?rest_route=\/wp\/v2\/posts\/2964\/revisions\/2968"}],"wp:featuredmedia":[{"embeddable":true,"href":"https:\/\/botschafter-menschenrechte.de\/index.php?rest_route=\/wp\/v2\/media\/2965"}],"wp:attachment":[{"href":"https:\/\/botschafter-menschenrechte.de\/index.php?rest_route=%2Fwp%2Fv2%2Fmedia&parent=2964"}],"wp:term":[{"taxonomy":"category","embeddable":true,"href":"https:\/\/botschafter-menschenrechte.de\/index.php?rest_route=%2Fwp%2Fv2%2Fcategories&post=2964"},{"taxonomy":"post_tag","embeddable":true,"href":"https:\/\/botschafter-menschenrechte.de\/index.php?rest_route=%2Fwp%2Fv2%2Ftags&post=2964"}],"curies":[{"name":"wp","href":"https:\/\/api.w.org\/{rel}","templated":true}]}}