{"id":2996,"date":"2023-05-31T15:48:05","date_gmt":"2023-05-31T15:48:05","guid":{"rendered":"http:\/\/botschafter-menschenrechte.de\/?p=2996"},"modified":"2023-05-31T15:50:32","modified_gmt":"2023-05-31T15:50:32","slug":"der-kuba-tourismus-stuetzt-das-regime","status":"publish","type":"post","link":"https:\/\/botschafter-menschenrechte.de\/?p=2996","title":{"rendered":"Der Kuba-Tourismus st\u00fctzt das Regime"},"content":{"rendered":"\n<h1 class=\"wp-block-heading\">Der Kuba-Tourismus st\u00fctzt das Regime<\/h1>\n\n\n\n<h4 class=\"wp-block-heading\">URLAUBER FINANZIEREN DIE CASTRISTISCHE DIKTATUR &#8211; DRESDENER FAMILIENVATER IST POLITISCHER GEFANGENER AUF KUBA<\/h4>\n\n\n\n<p>Beitrag von Martin Lessenthin am 29.05.2023 auf <a href=\"https:\/\/www.tabularasamagazin.de\/\" data-type=\"URL\" data-id=\"https:\/\/www.tabularasamagazin.de\/\">TabulaRasa<\/a><\/p>\n\n\n\n<p>Die Corona-Pandemie hat viele Urlauber aus Deutschland, anderen europ\u00e4ischen Staaten und Kanada davon abgehalten, ihre Ferien auf Kuba zu verbringen. Diese gut zahlenden Ferieng\u00e4ste sind die Basis der kubanischen Ferienbranche.<\/p>\n\n\n\n<p>Die Pandemie hat dem castristischen Regime \u00fcber zwei Jahre lang seine wichtigste Einnahmequelle genommen. Zugleich hat die anhaltende Unf\u00e4higkeit der Regierung rechtzeitig Hygienemassnahmen umzusetzen und die eigene Bev\u00f6lkerung medizinisch zu versorgen den Protest der Menschen herausgefordert.<\/p>\n\n\n\n<p>Am 11. und 12. Juli 2021 war es soweit: Landesweit gingen Kubanerinnen und Kubaner auf die Stra\u00dfen und forderten ein Ende der Diktatur. Das Regime reagierte mit \u00e4u\u00dferster H\u00e4rte. \u00dcber 2000 Protestierende wurden verhaftet Mehr als die H\u00e4lfte davon sind inzwischen in unfairen Verfahren zu langj\u00e4hrigen Freiheitsstrafen verurteilt worden. Darunter auch viele Minderj\u00e4hrige.<\/p>\n\n\n\n<p>Der in Dresden lebende deutsche Staatsb\u00fcrger Luis Frometa wurde zu 15 Jahren Gef\u00e4ngnis verurteilt, weil er am 11. Juli 2021 mit seinem Smartphone gefilmt hatte. Der Familienvater war als Urlauber in Havanna und zuf\u00e4llig auf die Proteste aufmerksam geworden. Sein Handy-Video dokumentierte, wie durch die politische Polizei Gewalt gegen friedliche Demonstranten ausge\u00fcbt wurde.<\/p>\n\n\n\n<figure class=\"wp-block-image size-full is-resized\"><img loading=\"lazy\" decoding=\"async\" src=\"http:\/\/botschafter-menschenrechte.de\/wp-content\/uploads\/2023\/05\/MicrosoftTeams-image-1.jpg\" alt=\"\" class=\"wp-image-2997\" width=\"474\" height=\"316\" srcset=\"https:\/\/botschafter-menschenrechte.de\/wp-content\/uploads\/2023\/05\/MicrosoftTeams-image-1.jpg 960w, https:\/\/botschafter-menschenrechte.de\/wp-content\/uploads\/2023\/05\/MicrosoftTeams-image-1-300x200.jpg 300w, https:\/\/botschafter-menschenrechte.de\/wp-content\/uploads\/2023\/05\/MicrosoftTeams-image-1-768x512.jpg 768w\" sizes=\"auto, (max-width: 474px) 100vw, 474px\" \/><figcaption class=\"wp-element-caption\">Luis Frometa mit seinen T\u00f6chtern Janie und Maria Maria.<\/figcaption><\/figure>\n\n\n\n<figure class=\"wp-block-image size-full is-resized\"><img loading=\"lazy\" decoding=\"async\" src=\"http:\/\/botschafter-menschenrechte.de\/wp-content\/uploads\/2023\/05\/MicrosoftTeams-image-2.jpg\" alt=\"\" class=\"wp-image-2998\" width=\"471\" height=\"353\" srcset=\"https:\/\/botschafter-menschenrechte.de\/wp-content\/uploads\/2023\/05\/MicrosoftTeams-image-2.jpg 720w, https:\/\/botschafter-menschenrechte.de\/wp-content\/uploads\/2023\/05\/MicrosoftTeams-image-2-300x225.jpg 300w\" sizes=\"auto, (max-width: 471px) 100vw, 471px\" \/><figcaption class=\"wp-element-caption\">Luis mit seiner Ehefrau Silke Frometa.<\/figcaption><\/figure>\n\n\n\n<p>Die Pandemie ist beendet und die meisten Demokratie Aktivisten sitzen im Gef\u00e4ngnis. Jetzt will Kubas F\u00fchrung zusammen mit europ\u00e4ischen Hotel- und Tourismusunternehmen um Urlauber werben.<\/p>\n\n\n\n<p>Die kubanische Bev\u00f6lkerung zieht kaum Nutzen aus den Devisen, die westliche Urlauber auf die Karibikinsel bringen. Im Gegenteil: Die Devisen werden zur Stabilisierung des Unterdr\u00fcckungsapparats eingesetzt und den Profit streichen die Machtelite aus Partei und Milit\u00e4r sowie ihre G\u00fcnstlinge ein, die den Tourismussektor total kontrollieren.<\/p>\n\n\n\n<p>Wer in der Hotelbranche arbeitet und mit Touristen in Kontakt kommt, muss KP -Mitglied oder KP-loyal sein. Wer es wagt die politischen oder wirtschaftlichen Verh\u00e4ltnisse zu kritisieren, mit Kritikern verwandt oder befreundet ist, darf noch nicht einmal Hotelzimmer reinigen.<\/p>\n\n\n\n<figure class=\"wp-block-image size-full\"><img loading=\"lazy\" decoding=\"async\" width=\"473\" height=\"1024\" src=\"http:\/\/botschafter-menschenrechte.de\/wp-content\/uploads\/2023\/05\/MicrosoftTeams-image.jpg\" alt=\"\" class=\"wp-image-2999\" srcset=\"https:\/\/botschafter-menschenrechte.de\/wp-content\/uploads\/2023\/05\/MicrosoftTeams-image.jpg 473w, https:\/\/botschafter-menschenrechte.de\/wp-content\/uploads\/2023\/05\/MicrosoftTeams-image-139x300.jpg 139w\" sizes=\"auto, (max-width: 473px) 100vw, 473px\" \/><figcaption class=\"wp-element-caption\">Last Minute Angebote sollen deutsche Urlauber auf die Gef\u00e4ngnisinsel locken.<\/figcaption><\/figure>\n\n\n\n<p>Das wissen auch der MELI\u00c3-Konzern und andere Touristikunternehmen, die ungeachtet der verheerenden Menschenrechtslage, mit der kubanischen Machtelite Gesch\u00e4fte machen. Die kubanische Bev\u00f6lkerung leidet unter nicht endender Mangelversorgung und politischer Bevormundung. Die Proteste vom 11. Juli 2021 beantwortete das Regime mit noch mehr Repression und politischen Gefangenen. Einer davon ist der Deutsch-Kubaner Louis Frometa aus Dresden. Er wurde mit 15 Jahren Gef\u00e4ngnis bestraft, weil mit seinem Smartphone filmte, wie Gewalt Protestierende ausge\u00fcbt wurde. Das sollte jeder deutsche Urlauber wissen. Wer als Tourist mit guten Gewissen die Karibik bereisen m\u00f6chte, findet viele Alternativen zum diktatorisch beherrschten Kuba.<\/p>\n\n\n\n<figure class=\"wp-block-image\" id=\"attachment_64006\"><img decoding=\"async\" src=\"https:\/\/www.tabularasamagazin.de\/wp-content\/uploads\/2023\/05\/Image-2-232x300.png\" alt=\"\" class=\"wp-image-64006\"\/><figcaption class=\"wp-element-caption\">Luis Frometa<\/figcaption><\/figure>\n\n\n\n<p>Zum <a href=\"https:\/\/www.tabularasamagazin.de\/martin-lessenthin-kuba-tourismus-nach-j11\/\" target=\"_blank\" rel=\"noreferrer noopener\">Original-Artikel<\/a><\/p>\n","protected":false},"excerpt":{"rendered":"<p>Der Kuba-Tourismus st\u00fctzt das Regime URLAUBER FINANZIEREN DIE CASTRISTISCHE DIKTATUR &#8211; DRESDENER FAMILIENVATER IST POLITISCHER GEFANGENER AUF KUBA Beitrag von Martin Lessenthin am 29.05.2023 auf TabulaRasa Die Corona-Pandemie hat viele Urlauber aus Deutschland, anderen europ\u00e4ischen Staaten und Kanada davon abgehalten, ihre Ferien auf Kuba zu verbringen. Diese gut zahlenden Ferieng\u00e4ste sind die Basis der kubanischen [&hellip;]<\/p>\n","protected":false},"author":1,"featured_media":3000,"comment_status":"open","ping_status":"open","sticky":false,"template":"","format":"standard","meta":{"footnotes":""},"categories":[17],"tags":[],"class_list":["post-2996","post","type-post","status-publish","format-standard","has-post-thumbnail","hentry","category-kuba"],"_links":{"self":[{"href":"https:\/\/botschafter-menschenrechte.de\/index.php?rest_route=\/wp\/v2\/posts\/2996","targetHints":{"allow":["GET"]}}],"collection":[{"href":"https:\/\/botschafter-menschenrechte.de\/index.php?rest_route=\/wp\/v2\/posts"}],"about":[{"href":"https:\/\/botschafter-menschenrechte.de\/index.php?rest_route=\/wp\/v2\/types\/post"}],"author":[{"embeddable":true,"href":"https:\/\/botschafter-menschenrechte.de\/index.php?rest_route=\/wp\/v2\/users\/1"}],"replies":[{"embeddable":true,"href":"https:\/\/botschafter-menschenrechte.de\/index.php?rest_route=%2Fwp%2Fv2%2Fcomments&post=2996"}],"version-history":[{"count":2,"href":"https:\/\/botschafter-menschenrechte.de\/index.php?rest_route=\/wp\/v2\/posts\/2996\/revisions"}],"predecessor-version":[{"id":3010,"href":"https:\/\/botschafter-menschenrechte.de\/index.php?rest_route=\/wp\/v2\/posts\/2996\/revisions\/3010"}],"wp:featuredmedia":[{"embeddable":true,"href":"https:\/\/botschafter-menschenrechte.de\/index.php?rest_route=\/wp\/v2\/media\/3000"}],"wp:attachment":[{"href":"https:\/\/botschafter-menschenrechte.de\/index.php?rest_route=%2Fwp%2Fv2%2Fmedia&parent=2996"}],"wp:term":[{"taxonomy":"category","embeddable":true,"href":"https:\/\/botschafter-menschenrechte.de\/index.php?rest_route=%2Fwp%2Fv2%2Fcategories&post=2996"},{"taxonomy":"post_tag","embeddable":true,"href":"https:\/\/botschafter-menschenrechte.de\/index.php?rest_route=%2Fwp%2Fv2%2Ftags&post=2996"}],"curies":[{"name":"wp","href":"https:\/\/api.w.org\/{rel}","templated":true}]}}