{"id":3011,"date":"2023-06-12T10:54:54","date_gmt":"2023-06-12T10:54:54","guid":{"rendered":"http:\/\/botschafter-menschenrechte.de\/?p=3011"},"modified":"2023-06-12T10:54:54","modified_gmt":"2023-06-12T10:54:54","slug":"eu-vertreter-stellt-in-kuba-wirtschaft-ueber-menschenrechte","status":"publish","type":"post","link":"https:\/\/botschafter-menschenrechte.de\/?p=3011","title":{"rendered":"EU-Vertreter stellt in Kuba Wirtschaft \u00fcber Menschenrechte"},"content":{"rendered":"\n<h2 class=\"wp-block-heading\"><strong>EU-Vertreter stellt in Kuba Wirtschaft \u00fcber Menschenrechte<\/strong><\/h2>\n\n\n\n<p>Schon bevor Josep Borrell, der Hohe Vertreter der Europ\u00e4ischen Union f\u00fcr Au\u00dfen- und Sicherheitspolitik, in Havanna eintraf, war klar, dass die Notlage der mehr als 1.000 politischen Gefangenen in Kuba nicht zu den wichtigsten Anliegen geh\u00f6rte.\u00a0<\/p>\n\n\n\n<p>Vor seinem offiziellen Besuch in Kuba vom 25. bis 27. Mai schickten Amnesty International, Human Rights Watch, Civil Rights Defenders und f\u00fcnf weitere Menschenrechtsorganisationen einen Brief an Borrell, der am 22. Mai ver\u00f6ffentlicht wurde und in dem sie ihn aufforderten, gemeinsam mit den EU-Mitgliedstaaten auf der dritten Tagung des Gemeinsamen Rates EU-Kuba in Havanna auf die Menschenrechtskrise in Kuba zu reagieren.&nbsp;<\/p>\n\n\n\n<p>Sie forderten ihn auf, \u201edie EU und ihre Mitgliedstaaten anzuf\u00fchren und die kubanischen Beh\u00f6rden nachdr\u00fccklich aufzufordern, alle Personen, die nur wegen der Aus\u00fcbung ihrer Menschenrechte -einschlie\u00dflich des Rechts auf freie Meinungs\u00e4u\u00dferung und friedliche Versammlung &#8211;\u00a0 inhaftiert sind, unverz\u00fcglich und bedingungslos freizulassen&#8220;. Sie baten insbesondere darum, \u201edie F\u00e4lle von Jos\u00e9 Daniel Ferrer Garc\u00eda, Luis Manuel Otero Alc\u00e1ntara, Maykel &#8218;Osorbo&#8216; Castillo P\u00e9rez, Aymara Nieto, Sissi Abascal Zamora, Donaida P\u00e9rez Paseiro und die regimekritischen K\u00fcnstler Richard Zamora Brito &#8222;El Radikal&#8220;, Maria Cristina Garrido Rodriguez und Randy Arteaga-Rivera anzusprechen&#8220;.<\/p>\n\n\n\n<figure class=\"wp-block-image size-full\"><img loading=\"lazy\" decoding=\"async\" width=\"960\" height=\"721\" src=\"http:\/\/botschafter-menschenrechte.de\/wp-content\/uploads\/2023\/06\/MicrosoftTeams-image.jpg\" alt=\"\" class=\"wp-image-3012\" srcset=\"https:\/\/botschafter-menschenrechte.de\/wp-content\/uploads\/2023\/06\/MicrosoftTeams-image.jpg 960w, https:\/\/botschafter-menschenrechte.de\/wp-content\/uploads\/2023\/06\/MicrosoftTeams-image-300x225.jpg 300w, https:\/\/botschafter-menschenrechte.de\/wp-content\/uploads\/2023\/06\/MicrosoftTeams-image-768x577.jpg 768w\" sizes=\"auto, (max-width: 960px) 100vw, 960px\" \/><figcaption class=\"wp-element-caption\">Demo in Dresden am 11. Juni 2923: Freiheit f\u00fcr alle politischen Gefangenen auf Kuba!<\/figcaption><\/figure>\n\n\n\n<p>Am 23. Mai hielt der Unterausschuss f\u00fcr Menschenrechte des Europ\u00e4ischen Parlaments eine Anh\u00f6rung zu Kuba ab. Dort \u00e4u\u00dferten einige Mitglieder Bedenken &#8211; darunter auch der Vorsitzende, der Jonathan Hatwell, den Leiter der EAD-Abteilung f\u00fcr Lateinamerika und die Karibik, fragte, ob sein Chef Borrell eine Liste politischer Gefangener mitnehmen w\u00fcrde, um sie der kubanischen Regierung zu \u00fcbergeben und auf ihre Freilassung zu dr\u00e4ngen.<br><br>Hatwells ausweichende Antwort, in der er sagte, er wisse es nicht, sprach B\u00e4nde.<br><br>Am 25. Mai tweetete der Europ\u00e4ische Ausw\u00e4rtige Dienst: \u201eWussten Sie, dass die Europ\u00e4ische Union und ihre Mitgliedsstaaten Kubas erster Investor und erster Handelspartner sind?&#8220; Am selben Tag ging Borrell nicht auf die politischen Gefangenen in Kuba ein und erw\u00e4hnte auch nicht das kubanische Regime, das am ersten Tag seines Besuchs das \u201eGesetz \u00fcber soziale Kommunikation&#8220; verabschiedete. Dieses kriminalisiert unabh\u00e4ngigen Journalismus weiter, versucht ihn mundtot zu machen und bestraft die Interaktion von Nutzern im Internet, um Kubaner zum Schweigen zu bringen.<br><br>Stattdessen hob Borrell die kleinsten, kleinen und mittleren Unternehmen (KKMU) auf Twitter hervor. Seine erste \u00f6ffentliche Veranstaltung in Kuba war kein Treffen mit Aktivisten oder den Angeh\u00f6rigen politischer Gefangener, sondern ein Treffen mit so genannten \u201eUnternehmern&#8220; in einem Lokal, das dem Sohn eines hochrangigen Milit\u00e4rs geh\u00f6rt.<\/p>\n\n\n\n<p>Offensichtlich konkurriert die Europ\u00e4ische Union mit Russland bei der Schaffung einer neuen oligarchischen Klasse, die \u00fcber politische Verbindungen verf\u00fcgt und den kubanischen Privatsektor kontrollieren wird. Ohne Rechtsstaatlichkeit oder private Eigentumsrechte, wie es heute in Russland der Fall ist, wird der private Sektor von denjenigen bestimmt, die mit dem inneren Kreis der Diktatur und dem Milit\u00e4r verbunden sind.<br><br>Der hohe Repr\u00e4sentant der Europ\u00e4ischen Union kritisierte die US-Sanktionen, erw\u00e4hnte aber weder die von den kubanischen Kommunisten geschaffene innere Blockade, die zu gro\u00dfem Elend f\u00fchrt, noch dass Dissidenten multilaterale Sanktionen und eine internationale Isolierung der kubanischen Diktatur fordern.<br><br>Borrell kritisierte auch, dass Kuba auf der Liste der staatlichen Terror-Sponsoren des US-Au\u00dfenministeriums steht &#8211; obwohl Havanna mit dem Terrorismus in der ganzen Welt in Verbindung gebracht wird. Auch in Spanien, Borrells Heimatland.<\/p>\n\n\n\n<p>Die ersten ETA-Kader wurden in Kuba ausgebildet. Im Jahr 1964 wurden Mitglieder der baskischen Terrorgruppe in Entf\u00fchrungen, Subversion und Sabotage ausgebildet. Diese Terrorbande, die f\u00fcr die Ermordung von mehr als 850 Spaniern verantwortlich ist, hat in Kuba Zuflucht gefunden.<br><br>In einem Bericht des US-Au\u00dfenministeriums vom Januar 2021 wurde festgestellt, dass Kuba die von Kolumbien beantragte Auslieferung von zehn in Havanna lebenden ELN-F\u00fchrern abgelehnt hat, nachdem sich die Gruppe zu dem Bombenanschlag auf eine Polizeiakademie in Bogota im Januar 2019 bekannt hatte, bei dem 22 Menschen get\u00f6tet und mehr als 87 weitere verletzt wurden. Der Bericht stellte au\u00dferdem fest, dass Havannas Geheimdienst- und Milit\u00e4rapparat die venezolanischen Sicherheits- und Milit\u00e4rkr\u00e4fte infiltriert hat, um die Venezolaner im W\u00fcrgegriff zu halten.<br><br>Havannas Unterst\u00fctzung f\u00fcr FARC-Dissidenten und die ELN geht auch \u00fcber Kubas Grenzen hinaus, und das Castro-Regime schuf in Venezuela ein g\u00fcnstiges Umfeld f\u00fcr internationale Terroristen.<\/p>\n\n\n\n<p>Geld ist austauschbar und die Europ\u00e4ische Union und ihre Mitgliedstaaten haben Havanna Milliarden an Schulden erlassen. Wie viele dieser Milliarden sind in die Finanzierung des Terrorismus geflossen?<\/p>\n\n\n\n<figure class=\"wp-block-image size-full\"><img loading=\"lazy\" decoding=\"async\" width=\"300\" height=\"300\" src=\"http:\/\/botschafter-menschenrechte.de\/wp-content\/uploads\/2023\/06\/MicrosoftTeams-image-1.jpg\" alt=\"\" class=\"wp-image-3013\" srcset=\"https:\/\/botschafter-menschenrechte.de\/wp-content\/uploads\/2023\/06\/MicrosoftTeams-image-1.jpg 300w, https:\/\/botschafter-menschenrechte.de\/wp-content\/uploads\/2023\/06\/MicrosoftTeams-image-1-150x150.jpg 150w\" sizes=\"auto, (max-width: 300px) 100vw, 300px\" \/><figcaption class=\"wp-element-caption\">John Suarez<\/figcaption><\/figure>\n\n\n\n<p><strong>&nbsp;John Suarez ist Executive Director des Center for a Free Cuba<\/strong><br><\/p>\n","protected":false},"excerpt":{"rendered":"<p>EU-Vertreter stellt in Kuba Wirtschaft \u00fcber Menschenrechte Schon bevor Josep Borrell, der Hohe Vertreter der Europ\u00e4ischen Union f\u00fcr Au\u00dfen- und Sicherheitspolitik, in Havanna eintraf, war klar, dass die Notlage der mehr als 1.000 politischen Gefangenen in Kuba nicht zu den wichtigsten Anliegen geh\u00f6rte.\u00a0 Vor seinem offiziellen Besuch in Kuba vom 25. bis 27. Mai schickten [&hellip;]<\/p>\n","protected":false},"author":1,"featured_media":3012,"comment_status":"open","ping_status":"open","sticky":false,"template":"","format":"standard","meta":{"footnotes":""},"categories":[17],"tags":[],"class_list":["post-3011","post","type-post","status-publish","format-standard","has-post-thumbnail","hentry","category-kuba"],"_links":{"self":[{"href":"https:\/\/botschafter-menschenrechte.de\/index.php?rest_route=\/wp\/v2\/posts\/3011","targetHints":{"allow":["GET"]}}],"collection":[{"href":"https:\/\/botschafter-menschenrechte.de\/index.php?rest_route=\/wp\/v2\/posts"}],"about":[{"href":"https:\/\/botschafter-menschenrechte.de\/index.php?rest_route=\/wp\/v2\/types\/post"}],"author":[{"embeddable":true,"href":"https:\/\/botschafter-menschenrechte.de\/index.php?rest_route=\/wp\/v2\/users\/1"}],"replies":[{"embeddable":true,"href":"https:\/\/botschafter-menschenrechte.de\/index.php?rest_route=%2Fwp%2Fv2%2Fcomments&post=3011"}],"version-history":[{"count":1,"href":"https:\/\/botschafter-menschenrechte.de\/index.php?rest_route=\/wp\/v2\/posts\/3011\/revisions"}],"predecessor-version":[{"id":3014,"href":"https:\/\/botschafter-menschenrechte.de\/index.php?rest_route=\/wp\/v2\/posts\/3011\/revisions\/3014"}],"wp:featuredmedia":[{"embeddable":true,"href":"https:\/\/botschafter-menschenrechte.de\/index.php?rest_route=\/wp\/v2\/media\/3012"}],"wp:attachment":[{"href":"https:\/\/botschafter-menschenrechte.de\/index.php?rest_route=%2Fwp%2Fv2%2Fmedia&parent=3011"}],"wp:term":[{"taxonomy":"category","embeddable":true,"href":"https:\/\/botschafter-menschenrechte.de\/index.php?rest_route=%2Fwp%2Fv2%2Fcategories&post=3011"},{"taxonomy":"post_tag","embeddable":true,"href":"https:\/\/botschafter-menschenrechte.de\/index.php?rest_route=%2Fwp%2Fv2%2Ftags&post=3011"}],"curies":[{"name":"wp","href":"https:\/\/api.w.org\/{rel}","templated":true}]}}