{"id":3015,"date":"2023-06-12T15:35:50","date_gmt":"2023-06-12T15:35:50","guid":{"rendered":"http:\/\/botschafter-menschenrechte.de\/?p=3015"},"modified":"2023-06-13T08:44:41","modified_gmt":"2023-06-13T08:44:41","slug":"menschenrechtsinstitut-voraussetzungen-fuer-verbot-der-afd-erfuellt","status":"publish","type":"post","link":"https:\/\/botschafter-menschenrechte.de\/?p=3015","title":{"rendered":"Menschenrechtsinstitut: Voraussetzungen f\u00fcr Verbot der AfD erf\u00fcllt"},"content":{"rendered":"\n<h4 class=\"wp-block-heading\">Menschenrechtsinstitut: Voraussetzungen f\u00fcr Verbot der AfD erf\u00fcllt<\/h4>\n\n\n\n<p><strong><time datetime=\"1686101400\">07.06.2023&nbsp;<\/time><\/strong><\/p>\n\n\n\n<p>Berlin. Eine neue Studie des Deutschen Instituts f\u00fcr Menschenrechte geht der Frage nach, ob die Voraussetzungen f\u00fcr ein Verbot der AfD gegeben sind.<\/p>\n\n\n\n<p>Anl\u00e4sslich der Ver\u00f6ffentlichung der Analyse \u201eWarum die AfD verboten werden k\u00f6nnte. Empfehlungen an Staat und Politik\u201c erkl\u00e4rt das Institut:<\/p>\n\n\n\n<p>\u201eDie AfD hat in ihrer Gef\u00e4hrlichkeit f\u00fcr die freiheitliche demokratische Grundordnung mittlerweile einen Grad erreicht, sodass sie gem\u00e4\u00df Artikel 21 Grundgesetz (GG) durch das Bundesverfassungsgericht verboten werden k\u00f6nnte. Das ist das Ergebnis der Analyse, die Programmatik und \u00c4u\u00dferungen von F\u00fchrungspersonen und Mandatstr\u00e4ger*innen untersucht und anhand des rechtlichen Ma\u00dfstabs f\u00fcr ein Parteiverbot bewertet hat.<\/p>\n\n\n\n<p>Mit der Analyse m\u00f6chte das Institut eine Leerstelle in der gesellschaftlichen und juristischen Debatte \u00fcber die AfD f\u00fcllen und dazu beitragen, das Bewusstsein f\u00fcr die Gefahr, die von der AfD ausgeht, in Politik, Staat und Gesellschaft zu sch\u00e4rfen.<\/p>\n\n\n\n<p>Die AfD will die freiheitliche demokratische Grundordnung beseitigen. Es handelt sich, bereits nach ihrer Programmatik, um eine rechtsextreme Partei. Sie zielt auf die Abschaffung der in Artikel 1 Absatz 1 Grundgesetz verbrieften Garantie der Menschenw\u00fcrde. Au\u00dferdem setzt sich innerhalb der AfD zunehmend der insbesondere von Bj\u00f6rn H\u00f6cke vorangetriebene Kurs durch, der sich an der Gewaltherrschaft des Nationalsozialismus orientiert.<\/p>\n\n\n\n<p>Das Verbot einer Partei obliegt dem Bundesverfassungsgericht, das nur t\u00e4tig werden kann, wenn die Antragsberechtigten \u2013 der Bundestag, der Bundesrat oder die Bundesregierung \u2013 einen Verbotsantrag stellen.<\/p>\n\n\n\n<p>Die Entscheidung, ob die Antragsberechtigten ein Verbot anstreben, kann von vielen \u00dcberlegungen \u2013 auch politischen Erw\u00e4gungen \u2013 abh\u00e4ngen. Unabh\u00e4ngig davon, ob oder zu welchem Zeitpunkt sich die Antragsberechtigten daf\u00fcr entscheiden, einen Verbotsantrag zu stellen, kann der von der AfD ausgehenden Gefahr nur effektiv begegnet werden, wenn sich die anderen Parteien auf der Ebene des Bundes, der L\u00e4nder und der Kommunen unmissverst\u00e4ndlich von der AfD abgrenzen. Eine solche&nbsp;Abgrenzung ist gegenw\u00e4rtig nicht durchg\u00e4ngig gegeben, was sich insbesondere auf kommunaler Ebene beobachten l\u00e4sst.<\/p>\n\n\n\n<p>Die Analyse zeigt weitere Konsequenzen auf, die sich aus der festgestellten Gef\u00e4hrlichkeit der AfD ergeben, etwa bei der Anwendung des Waffenrechts gegen\u00fcber AfD-Mitgliedern oder des Disziplinarrechts gegen\u00fcber Beamt*innen, Soldat*innen oder Richter*innen, die die AfD unterst\u00fctzen.\u201c<\/p>\n\n\n\n<figure class=\"wp-block-image size-full is-resized\"><img loading=\"lazy\" decoding=\"async\" src=\"http:\/\/botschafter-menschenrechte.de\/wp-content\/uploads\/2023\/06\/csm_Grundgesetz_c_Tim_Reckmann_pixelio_de_cc3fa120b3.webp\" alt=\"\" class=\"wp-image-3016\" width=\"840\" height=\"560\" srcset=\"https:\/\/botschafter-menschenrechte.de\/wp-content\/uploads\/2023\/06\/csm_Grundgesetz_c_Tim_Reckmann_pixelio_de_cc3fa120b3.webp 960w, https:\/\/botschafter-menschenrechte.de\/wp-content\/uploads\/2023\/06\/csm_Grundgesetz_c_Tim_Reckmann_pixelio_de_cc3fa120b3-300x200.webp 300w, https:\/\/botschafter-menschenrechte.de\/wp-content\/uploads\/2023\/06\/csm_Grundgesetz_c_Tim_Reckmann_pixelio_de_cc3fa120b3-768x512.webp 768w\" sizes=\"auto, (max-width: 840px) 100vw, 840px\" \/><figcaption class=\"wp-element-caption\">Die gleiche Menschenw\u00fcrde aller Menschen bildet den Kern der freiheitlichen demokratischen Grundordnung.<br>\u00a9&nbsp;Tim Reckmann\/pixelio.de<\/figcaption><\/figure>\n\n\n\n<p><a href=\"https:\/\/www.institut-fuer-menschenrechte.de\/aktuelles\/detail\/menschenrechtsinstitut-vorrausetzungen-fuer-verbot-der-afd-erfuellt\" target=\"_blank\" rel=\"noreferrer noopener\">Zum Original-Beitrag<\/a> auf <a href=\"https:\/\/www.institut-fuer-menschenrechte.de\/\" target=\"_blank\" rel=\"noreferrer noopener\">Deutsches Institut f\u00fcr Menschenrechte<\/a><\/p>\n","protected":false},"excerpt":{"rendered":"<p>Menschenrechtsinstitut: Voraussetzungen f\u00fcr Verbot der AfD erf\u00fcllt 07.06.2023&nbsp; Berlin. Eine neue Studie des Deutschen Instituts f\u00fcr Menschenrechte geht der Frage nach, ob die Voraussetzungen f\u00fcr ein Verbot der AfD gegeben sind. Anl\u00e4sslich der Ver\u00f6ffentlichung der Analyse \u201eWarum die AfD verboten werden k\u00f6nnte. Empfehlungen an Staat und Politik\u201c erkl\u00e4rt das Institut: \u201eDie AfD hat in ihrer [&hellip;]<\/p>\n","protected":false},"author":1,"featured_media":3016,"comment_status":"open","ping_status":"open","sticky":false,"template":"","format":"standard","meta":{"footnotes":""},"categories":[38],"tags":[],"class_list":["post-3015","post","type-post","status-publish","format-standard","has-post-thumbnail","hentry","category-meinung"],"_links":{"self":[{"href":"https:\/\/botschafter-menschenrechte.de\/index.php?rest_route=\/wp\/v2\/posts\/3015","targetHints":{"allow":["GET"]}}],"collection":[{"href":"https:\/\/botschafter-menschenrechte.de\/index.php?rest_route=\/wp\/v2\/posts"}],"about":[{"href":"https:\/\/botschafter-menschenrechte.de\/index.php?rest_route=\/wp\/v2\/types\/post"}],"author":[{"embeddable":true,"href":"https:\/\/botschafter-menschenrechte.de\/index.php?rest_route=\/wp\/v2\/users\/1"}],"replies":[{"embeddable":true,"href":"https:\/\/botschafter-menschenrechte.de\/index.php?rest_route=%2Fwp%2Fv2%2Fcomments&post=3015"}],"version-history":[{"count":4,"href":"https:\/\/botschafter-menschenrechte.de\/index.php?rest_route=\/wp\/v2\/posts\/3015\/revisions"}],"predecessor-version":[{"id":3044,"href":"https:\/\/botschafter-menschenrechte.de\/index.php?rest_route=\/wp\/v2\/posts\/3015\/revisions\/3044"}],"wp:featuredmedia":[{"embeddable":true,"href":"https:\/\/botschafter-menschenrechte.de\/index.php?rest_route=\/wp\/v2\/media\/3016"}],"wp:attachment":[{"href":"https:\/\/botschafter-menschenrechte.de\/index.php?rest_route=%2Fwp%2Fv2%2Fmedia&parent=3015"}],"wp:term":[{"taxonomy":"category","embeddable":true,"href":"https:\/\/botschafter-menschenrechte.de\/index.php?rest_route=%2Fwp%2Fv2%2Fcategories&post=3015"},{"taxonomy":"post_tag","embeddable":true,"href":"https:\/\/botschafter-menschenrechte.de\/index.php?rest_route=%2Fwp%2Fv2%2Ftags&post=3015"}],"curies":[{"name":"wp","href":"https:\/\/api.w.org\/{rel}","templated":true}]}}