{"id":3059,"date":"2023-07-11T09:49:35","date_gmt":"2023-07-11T09:49:35","guid":{"rendered":"http:\/\/botschafter-menschenrechte.de\/?p=3059"},"modified":"2023-07-11T09:49:35","modified_gmt":"2023-07-11T09:49:35","slug":"kuba-aktionstag-kein-euro-fuer-die-diktatur","status":"publish","type":"post","link":"https:\/\/botschafter-menschenrechte.de\/?p=3059","title":{"rendered":"Kuba-Aktionstag: Kein Euro f\u00fcr die Diktatur"},"content":{"rendered":"\n<h1 class=\"wp-block-heading\">Kuba-Aktionstag: Kein Euro f\u00fcr die Diktatur<\/h1>\n\n\n\n<p>Am 11. Juli erinnern in Deutschland bundesweit Menschenrechtsaktivisten an die gewaltsame Niederschlagung der landesweiten Freiheitsproteste auf Kuba 2021. Das Netzwerk Botschafter f\u00fcr Menschenrechte (BfM) unterst\u00fctzt am diesj\u00e4hrigen Aktionstag die beteiligten Aktivisten und Organisationen in f\u00fcnf deutschen St\u00e4dten. \u201eKuba ist eine Gef\u00e4ngnisinsel. Dort kann niemand im Urlaub unbeschwert die Seele baumeln lassen. Freie Wahlen, freie Medien und freie Gewerkschaften sind auf Kuba undenkbar. Die allein regierende Kommunistische Partei duldet keine anderen Parteien und hat Angst vor jeder Form der Freiheit. Stattdessen leiden \u00fcber 1000 politische Gefangene in den Gef\u00e4ngnissen. Die hygienischen Verh\u00e4ltnisse in den Haftanstalten und die medizinische Versorgung der Gefangenen sind katastrophal. Eine immer wieder geforderte Inspektion der Gef\u00e4ngnisse und der Haftbedingungen f\u00fcr politische Gefangene durch unabh\u00e4ngige internationale Experten, l\u00e4sst die Diktatur nicht zu\u201c, kritisiert Martin Lessenthin, Kuba-Experte und Mitglied im Kuratorium des Deutschen Instituts f\u00fcr Menschenrechte in Berlin.<\/p>\n\n\n<div class=\"wp-block-image\">\n<figure class=\"aligncenter\"><img decoding=\"async\" src=\"https:\/\/latina-press.com\/media\/2023\/07\/berta-soler-cuba.jpg\" alt=\"\" class=\"wp-image-314185\"\/><\/figure>\n<\/div>\n\n\n<p>BfM r\u00e4t deutschen Touristen davon ab, ihr Urlaubsbudget auf Kuba auszugeben. \u201eDamit finanziert das Regime den Unterdr\u00fcckungsapparat und das Luxusleben der Machtelite. Die normalen Kubaner verf\u00fcgen \u00fcber keine Devisen. Sie profitieren weder direkt noch indirekt vom Tourismus\u201c, so Lessenthin weiter. Gemeinsames Ziel des Aktionstages ist es, die Regierungen der Europ\u00e4ischen Union auf die anhaltend katastrophale Menschenrechtslage in Kuba hinzuweisen. BfM weist insbesondere auf das Schicksal von vier politischen Gefangenen hin: Der deutsche Staatsb\u00fcrger Luis Frometa Comte aus Dresden ist inhaftiert, weil er mit seinem Smartphone ein Video aufgenommen hatte, das Gewalt gegen Protestierende dokumentiert. Die kubanischen B\u00fcrgerrechtler Felix und Saily Navarro wurden nach den Protesten inhaftiert, weil sie beharrlich Nachforschungen \u00fcber verschleppte Demonstranten angestellt hatten. Sie selbst hatten an den Demonstrationen gar nicht teilgenommen. Der B\u00fcrgerrechtler Jose Daniel Ferrer, Kubas prominentester Oppositioneller und langj\u00e4hriger politische Gefangener, wurde am 11. Juli 2021 verschleppt. Er hatte ebenfalls nicht an den Protesten teilgenommen. Bis heute wird er an einem unbekannten Ort in Isolationshaft gefangen gehalten. Berta Soler, Sprecherin der Damen in Wei\u00df, fordert die Freilassung des B\u00fcrgerrechtlers Jose Daniel Ferrer, der seit dem 11.Juli 2021 an unbekanntem Ort gefangen gehalten wird. Silke Frometa k\u00e4mpft f\u00fcr die Freilassung ihres auf politischen Gr\u00fcnden inhaftierten Ehemanns Luis Frometa Compte. Der Dresdener hatte am 11. Juli 2021 an den Protesten gegen die Diktatur teilgenommen und ein Handy-Video erstellt.&nbsp;<\/p>\n\n\n<div class=\"wp-block-image\">\n<figure class=\"aligncenter\"><img decoding=\"async\" src=\"https:\/\/latina-press.com\/media\/2023\/07\/free-luis.jpg\" alt=\"\" class=\"wp-image-314184\"\/><\/figure>\n<\/div>\n\n\n<p>Die Europ\u00e4ische Union darf nach Auffassung der Menschenrechtler im Umgang mit der kubanischen Diktatur ihre Grundwerte nicht aufgeben. Das diktatorische Regime in Havanna darf keine politische und wirtschaftliche Hilfe aus Europa erhalten. Europ\u00e4ische Urlauber m\u00fcssen mit Hilfe der EU aufgekl\u00e4rt werden, wer auf Kuba von den Einnahmen aus dem Tourismus profitiert. Die EU muss sich konsequent f\u00fcr die Freilassung aller politischen Gefangenen einsetzen. Ihre Freilassung muss Thema jeder politischen oder diplomatischen Begegnung sein und ist Voraussetzung f\u00fcr jede Form von Kooperation.<\/p>\n\n\n\n<p><em>Die Aktionsformen am 11. Juli sind vielf\u00e4ltig: Demonstrationen in M\u00fcnchen und Berlin, eine Podiumsdiskussion und Social Media Aktionen. Beteiligt sind Menschenrechtsaktivisten, in Deutschland lebende Kubaner und deren Angeh\u00f6rige sowie weitere Interessierte. Mitwirkende sind \u00fcberall&nbsp;willkommen.<\/em><\/p>\n\n\n\n<figure class=\"wp-block-image size-full\"><img loading=\"lazy\" decoding=\"async\" width=\"803\" height=\"452\" src=\"http:\/\/botschafter-menschenrechte.de\/wp-content\/uploads\/2021\/12\/thumbnail_image003-2.jpeg\" alt=\"\" class=\"wp-image-2195\" srcset=\"https:\/\/botschafter-menschenrechte.de\/wp-content\/uploads\/2021\/12\/thumbnail_image003-2.jpeg 803w, https:\/\/botschafter-menschenrechte.de\/wp-content\/uploads\/2021\/12\/thumbnail_image003-2-300x169.jpeg 300w, https:\/\/botschafter-menschenrechte.de\/wp-content\/uploads\/2021\/12\/thumbnail_image003-2-768x432.jpeg 768w\" sizes=\"auto, (max-width: 803px) 100vw, 803px\" \/><figcaption class=\"wp-element-caption\">Die kubanischen Musiker Maykel Osorbo, El Funky, Yotuel, Gente de Zona, Descemer Bueno und weitere sorgen mit &#8222;Patria y Vida&#8220; f\u00fcr viel Furore und geben der kubanischen Bev\u00f6lkerung Hoffnung (Foto: igfm)<\/figcaption><\/figure>\n\n\n\n<p>Zum <a rel=\"noreferrer noopener\" href=\"https:\/\/latina-press.com\/news\/314179-kuba-aktionstag-kein-euro-fuer-die-diktatur\/\" target=\"_blank\">Original Beitrag<\/a> der <a href=\"https:\/\/latina-press.com\/\" target=\"_blank\" rel=\"noreferrer noopener\">Latinapress<\/a><\/p>\n","protected":false},"excerpt":{"rendered":"<p>Kuba-Aktionstag: Kein Euro f\u00fcr die Diktatur Am 11. Juli erinnern in Deutschland bundesweit Menschenrechtsaktivisten an die gewaltsame Niederschlagung der landesweiten Freiheitsproteste auf Kuba 2021. Das Netzwerk Botschafter f\u00fcr Menschenrechte (BfM) unterst\u00fctzt am diesj\u00e4hrigen Aktionstag die beteiligten Aktivisten und Organisationen in f\u00fcnf deutschen St\u00e4dten. \u201eKuba ist eine Gef\u00e4ngnisinsel. Dort kann niemand im Urlaub unbeschwert die Seele [&hellip;]<\/p>\n","protected":false},"author":1,"featured_media":2194,"comment_status":"open","ping_status":"open","sticky":false,"template":"","format":"standard","meta":{"footnotes":""},"categories":[17],"tags":[],"class_list":["post-3059","post","type-post","status-publish","format-standard","has-post-thumbnail","hentry","category-kuba"],"_links":{"self":[{"href":"https:\/\/botschafter-menschenrechte.de\/index.php?rest_route=\/wp\/v2\/posts\/3059","targetHints":{"allow":["GET"]}}],"collection":[{"href":"https:\/\/botschafter-menschenrechte.de\/index.php?rest_route=\/wp\/v2\/posts"}],"about":[{"href":"https:\/\/botschafter-menschenrechte.de\/index.php?rest_route=\/wp\/v2\/types\/post"}],"author":[{"embeddable":true,"href":"https:\/\/botschafter-menschenrechte.de\/index.php?rest_route=\/wp\/v2\/users\/1"}],"replies":[{"embeddable":true,"href":"https:\/\/botschafter-menschenrechte.de\/index.php?rest_route=%2Fwp%2Fv2%2Fcomments&post=3059"}],"version-history":[{"count":1,"href":"https:\/\/botschafter-menschenrechte.de\/index.php?rest_route=\/wp\/v2\/posts\/3059\/revisions"}],"predecessor-version":[{"id":3060,"href":"https:\/\/botschafter-menschenrechte.de\/index.php?rest_route=\/wp\/v2\/posts\/3059\/revisions\/3060"}],"wp:featuredmedia":[{"embeddable":true,"href":"https:\/\/botschafter-menschenrechte.de\/index.php?rest_route=\/wp\/v2\/media\/2194"}],"wp:attachment":[{"href":"https:\/\/botschafter-menschenrechte.de\/index.php?rest_route=%2Fwp%2Fv2%2Fmedia&parent=3059"}],"wp:term":[{"taxonomy":"category","embeddable":true,"href":"https:\/\/botschafter-menschenrechte.de\/index.php?rest_route=%2Fwp%2Fv2%2Fcategories&post=3059"},{"taxonomy":"post_tag","embeddable":true,"href":"https:\/\/botschafter-menschenrechte.de\/index.php?rest_route=%2Fwp%2Fv2%2Ftags&post=3059"}],"curies":[{"name":"wp","href":"https:\/\/api.w.org\/{rel}","templated":true}]}}